{"id":17239,"date":"2022-03-15T12:39:11","date_gmt":"2022-03-15T09:39:11","guid":{"rendered":"http:\/\/akdenizolaygazetesi.com\/?p=17239"},"modified":"2022-03-15T12:39:11","modified_gmt":"2022-03-15T09:39:11","slug":"baskan-secer-tarima-mumkun-olan-en-fazla-destegi-saglamaya-devam-edecegiz","status":"publish","type":"post","link":"https:\/\/akdenizolaygazetesi.com\/?p=17239","title":{"rendered":"BA\u015eKAN SE\u00c7ER: &#8220;TARIMA M\u00dcMK\u00dcN OLAN EN FAZLA DESTE\u011e\u0130 SA\u011eLAMAYA DEVAM EDECE\u011e\u0130Z&#8221;"},"content":{"rendered":"<p>Mersin B\u00fcy\u00fck\u015fehir Belediye Meclisi&#8217;nin 2022 y\u0131l\u0131 Mart ay\u0131 2. Birle\u015fim Toplant\u0131s\u0131, B\u00fcy\u00fck\u015fehir Belediye Ba\u015fkan\u0131 Vahap Se\u00e7er ba\u015fkanl\u0131\u011f\u0131nda ger\u00e7ekle\u015ftirildi. 31 maddenin g\u00f6r\u00fc\u015f\u00fcld\u00fc\u011f\u00fc Meclis toplant\u0131s\u0131nda konu\u015fan Ba\u015fkan Se\u00e7er, Mersin B\u00fcy\u00fck\u015fehir Belediyesi&#8217;nin b\u00fct\u00e7esinde tar\u0131ma \u00f6nemli bir pay ay\u0131rd\u0131klar\u0131n\u0131 belirterek, &#8220;Tar\u0131m sekt\u00f6r\u00fcne m\u00fcmk\u00fcn olan en fazla deste\u011fi sa\u011flamaya devam edece\u011fiz&#8221; diye konu\u015ftu.<br \/>\n&#8220;Tar\u0131m\u0131n sadece ekonomik y\u00f6n\u00fc yok, sosyal y\u00f6n\u00fc de var&#8221;<br \/>\nMeclis toplant\u0131s\u0131nda bir Meclis \u00fcyesi, Mersin B\u00fcy\u00fck\u015fehir Belediyesi&#8217;nin \u00fcreticilere g\u00fcbre deste\u011fi sa\u011flay\u0131p sa\u011flamayaca\u011f\u0131n\u0131 sordu. Tar\u0131m konusunda verdikleri destekleri tek tek anlatan Ba\u015fkan Se\u00e7er, &#8220;G\u00fcbre konusu T\u00fcrkiye&#8217;nin g\u00fcndeminde olan bir konu. Temel tar\u0131msal girdiler nelerdir? Ana hatlar\u0131yla akaryak\u0131tt\u0131r, zirai ila\u00e7t\u0131r, g\u00fcbredir, tohumdur, bir de kullan\u0131yorsa tar\u0131m elektri\u011fidir. Demek ki bir sorun var ki destek talep ediliyor bizden. Bu sorunu bir iktidar Meclis \u00fcyesinin tespit etmesi \u00e7ok \u00f6nemlidir, \u00e7ok de\u011ferlidir&#8221; dedi. Se\u00e7er, ekonomik ve sosyal y\u00f6n\u00fc olan tar\u0131m sekt\u00f6r\u00fcnde ana lokomotifin Tar\u0131m ve Orman Bakanl\u0131\u011f\u0131 oldu\u011funu ifade ederek, &#8220;\u00c7\u00fcnk\u00fc tar\u0131m\u0131n sadece ekonomik y\u00f6n\u00fc yoktur. Sosyal y\u00f6n\u00fc vard\u0131r, yanl\u0131\u015f i\u015f yaparsan\u0131z sosyal patlamaya neden olur. A\u00e7l\u0131k olur, g\u0131da yoksunlu\u011fu olur ya da i\u015fsizlik olur. Tar\u0131m derken hepsini beraber g\u00f6r\u00fcyorum. Bitkisel \u00fcretim, hayvansal \u00fcretim, g\u0131da hepsi bunun i\u00e7erisinde&#8221; diye konu\u015ftu.<br \/>\nG\u00fcbredeki zam art\u0131\u015f oranlar\u0131n\u0131 da payla\u015fan Ba\u015fkan Se\u00e7er, &#8220;\u00c7ok temel g\u00fcbrelere bakt\u0131m; \u00f6rne\u011fin amonyum s\u00fclfat; t\u00fcm limoncular, narenciyeciler bilir. Amonyum s\u00fclfat kullan\u0131l\u0131r Haziran&#8217;da, Temmuz&#8217;da. 1 y\u0131lda % 274 artm\u0131\u015f. \u00dcre % 203 artm\u0131\u015f. DAP dedikleri diamonyum fosfat g\u00fcbresi  % 186 artm\u0131\u015f, amonyum nitrat g\u00fcbresi nitratl\u0131 g\u00fcbre % 165 artm\u0131\u015f. Mazot %354 artm\u0131\u015f, 6.51&#8217;den 23.06&#8217;ya \u00e7\u0131km\u0131\u015f. \u015eimdi hal b\u00f6yle olunca ve tabii ki bu y\u0131l daha farkl\u0131 bakmam\u0131z gerekti\u011fini ben de d\u00fc\u015f\u00fcnd\u00fcm&#8221; diye konu\u015ftu.<br \/>\n&#8220;Mersin B\u00fcy\u00fck\u015fehir Belediyesi tar\u0131ma fena olmayan bir b\u00fct\u00e7e ay\u0131r\u0131yor&#8221;<br \/>\nBa\u015fkan Se\u00e7er, Tar\u0131msal ve Veteriner Hizmetleri Dairesi&#8217;nin b\u00fct\u00e7e oranlar\u0131n\u0131 payla\u015farak, &#8220;Tar\u0131m Dairemizin b\u00fct\u00e7esi 2020 y\u0131l\u0131nda 18 milyon lirayd\u0131, 2021&#8217;de 25 milyon liraya \u00e7\u0131karm\u0131\u015f\u0131z. Bu y\u0131l da 32 milyon liraya y\u00fckselttik. Biz daha biliyorsunuz ek b\u00fct\u00e7e de yapmad\u0131k, onu da yapaca\u011f\u0131z. Demek ki tar\u0131ma Mersin B\u00fcy\u00fck\u015fehir Belediyesi, mevcut b\u00fct\u00e7emizi d\u00fc\u015f\u00fcnd\u00fc\u011f\u00fcn\u00fcz zaman fena olmayan bir b\u00fct\u00e7e ay\u0131r\u0131yor. Bakt\u0131m sadece Akdeniz il\u00e7esine ge\u00e7en y\u0131l verdi\u011fimiz destek 2 milyon 259 bin lira. Toplam 25 milyon b\u00fct\u00e7enin yakla\u015f\u0131k % 10&#8217;unu sadece Akdeniz il\u00e7esine vermi\u015fiz. Mersin B\u00fcy\u00fck\u015fehir Belediyesi ge\u00e7en y\u0131l organik g\u00fcbre deste\u011fi de yapm\u0131\u015f. Organik Tar\u0131m Projesi kapsam\u0131nda 250 kilogram olmak \u00fczere 25 ton fermente edilmi\u015f \u00e7iftlik g\u00fcbresi da\u011f\u0131t\u0131m\u0131 ger\u00e7ekle\u015ftirmi\u015fiz 100 \u00fcreticimize. Bu y\u0131l da 100 \u00fcreticiye yine ayn\u0131 \u015fekilde bu proje devam ettirilecek. Ayr\u0131ca biz mikrobiyal g\u00fcbre da\u011f\u0131t\u0131m\u0131 da ger\u00e7ekle\u015ftirmi\u015fiz. \u00d6rt\u00fc alt\u0131 \u00fcretimi i\u00e7in orada da 200 \u00fcreticiye 3&#8217;er litre destek sa\u011flam\u0131\u015f\u0131z. Bu proje bu y\u0131l da devam edecek ama bizim sadece deste\u011fimiz bununla s\u0131n\u0131rl\u0131 kalmad\u0131. Bir\u00e7ok konuda bizim desteklerimiz var. Hayvanc\u0131l\u0131k projelerimiz var&#8221; dedi.<br \/>\n&#8220;\u015eu anda devletin T\u00fcrk \u00e7ift\u00e7isine 107 milyar lira borcu var&#8221;<br \/>\nTar\u0131m alan\u0131na en temel deste\u011fi Tar\u0131m ve Orman Bakanl\u0131\u011f\u0131&#8217;n\u0131n vermesi gerekti\u011fini de s\u00f6zlerine ekleyen Ba\u015fkan Se\u00e7er, devletin \u00e7ift\u00e7iye yasalar \u00e7er\u00e7evesinde vermesi gereken destek oranlar\u0131n\u0131 da payla\u015ft\u0131. Se\u00e7er, &#8220;Bak\u0131n ben biraz da ziraat\u00e7\u0131 oldu\u011fum i\u00e7in dedim ki &#8216;devletin deste\u011fi ne durumda ona da bir bakal\u0131m.&#8217; 2019 y\u0131l\u0131nda 16 milyar lira destek vermi\u015f merkezi h\u00fck\u00fcmet. 2020&#8217;de 22 milyar lira, 2021&#8217;de 23 milyar lira vermi\u015f. Buraya kadar tamam da bir hesap yapt\u0131m. \u015eu anda T\u00fcrk \u00e7ift\u00e7isine 107 milyar lira borcu var devletin. Neden? Tar\u0131m Kanunu 21. Madde&#8217;ye g\u00f6re; b\u00fct\u00e7eden ayr\u0131lacak kaynak, gayrisafi milli has\u0131lan\u0131n % 1&#8217;inden az olamaz. Ben bakt\u0131m, gayrisafi milli has\u0131lalar\u0131 ald\u0131m. 2019&#8217;da 4 trilyon 320 milyar. 2020&#8217;de 5 trilyon 47 milyar, 2021&#8217;de 7 trilyon 588 milyar. %1&#8217;lerini ald\u0131m. \u00d6deneni d\u00fc\u015ft\u00fcm; 61 milyar \u00f6denmi\u015f. Oysa 168 milyar \u00f6denmesi gerekiyormu\u015f. Demek ki 107 milyar da oradan. Asl\u0131nda yasa gere\u011fi merkezi h\u00fck\u00fcmetin de tar\u0131ma destek vermesi gerekiyor&#8221; ifadelerini kulland\u0131. Tar\u0131m alanlar\u0131n\u0131 koruma konusunda Mersin B\u00fcy\u00fck\u015fehir Belediyesi&#8217;nin kararl\u0131l\u0131\u011f\u0131n\u0131 dile getiren Ba\u015fkan Se\u00e7er, &#8220;Tar\u0131ma m\u00fcmk\u00fcn olan en fazla deste\u011fi sa\u011flamaya devam edece\u011fiz&#8221; dedi.<br \/>\nAyd\u0131nc\u0131k Belediye Ba\u015fkan\u0131 Ferat Aktan, Ayd\u0131nc\u0131k, Bozyaz\u0131 ve Anamur&#8217;u ilgilendiren Akdeniz Kat\u0131 At\u0131k Bertaraf Tesisi ile alakal\u0131 yer sorununu ileterek, Ba\u015fkan Se\u00e7er&#8217;e Tar\u0131m ve Orman Bakanl\u0131\u011f\u0131&#8217;na g\u00f6r\u00fc\u015fmeler i\u00e7in birlikte gitme talebinde bulundu. Ba\u015fkan Se\u00e7er, &#8220;Baz\u0131 \u00e7al\u0131\u015fmalar yapm\u0131\u015f Tar\u0131m ve Orman Bakanl\u0131\u011f\u0131. Biz de bunu tespit ettik. Kendileriyle temas o zaman kurulamam\u0131\u015f. Konuya siz de hakimsiniz. Ben de hakimim. Zaten bir kredi ka\u00e7m\u0131\u015f, hatta zaman\u0131nda kullan\u0131lamay\u0131nca 22 milyon avro bizim hibe gitmi\u015f. Biz \u015fu an bir JICA kredisi tesis ettik. Yani bir kredi bulduk. O konuda sizin de bilginiz var. Onun \u00e7al\u0131\u015fmalar\u0131n\u0131 yap\u0131yoruz. B\u00fct\u00fcn kurumlar nezdinde bunun g\u00f6r\u00fc\u015fmelerini yapabiliriz. \u00d6n\u00fcm\u00fczdeki haftalarda zaten yeni Tar\u0131m Bakan\u0131m\u0131zla bir g\u00f6r\u00fc\u015fmemiz olmas\u0131 gerekiyor. \u00c7\u00fcnk\u00fc DS\u0130, Pamukluk Baraj\u0131 ile ilgili \u015fu anda arzu etmedi\u011fimiz bir karar alm\u0131\u015f. O konuyu g\u00f6r\u00fc\u015fmemiz gerekiyor. Benim b\u00f6yle bir \u00e7al\u0131\u015fmam var. Gidip g\u00f6r\u00fc\u015fece\u011fim bir\u00e7ok konu var. Beraber gidersek ben de memnun olurum&#8221; ifadelerini kulland\u0131.<br \/>\nAyd\u0131nc\u0131k&#8217;a otogar yap\u0131m\u0131 i\u00e7in yer bulduklar\u0131n\u0131 s\u00f6yleyen Ferat Aktan&#8217;a yan\u0131t veren Ba\u015fkan Se\u00e7er, &#8220;Otogar i\u00e7in yeri buldu\u011fun anda projeyi yapt\u0131r\u0131yorum. Onun s\u00f6z\u00fcn\u00fc veriyorum. Yani se\u00e7imlere gitmeden a\u00e7\u0131l\u0131\u015f\u0131n\u0131 yapar\u0131z. Yeter ki yeri bul&#8221; dedi. Erdemli Belediye Ba\u015fkan\u0131&#8217;n\u0131n da otogarla ilgili yer konusunda yard\u0131mc\u0131 olmas\u0131n\u0131 beklediklerini ifade eden Ba\u015fkan Se\u00e7er, &#8220;Oraya da bir otogar s\u00f6z\u00fc verece\u011fiz se\u00e7imden \u00f6nce. Bekliyoruz&#8221; dedi.<br \/>\n&#8220;Kumkuyu&#8217;da marina yap\u0131lmas\u0131na kimse kar\u015f\u0131 de\u011fil&#8221;<\/p>\n<p>\u00c7evre, \u015eehircilik ve \u0130klim De\u011fi\u015fikli\u011fi Bakanl\u0131\u011f\u0131 Mekansal Planlama Genel M\u00fcd\u00fcrl\u00fc\u011f\u00fc&#8217;n\u00fcn 27\/12\/2021 tarihli yaz\u0131s\u0131 do\u011frultusunda; Erdemli il\u00e7esi, Kumkuyu Yat Liman\u0131 1\/1000 \u00d6l\u00e7ekli \u0130mar Plan\u0131nda emsal de\u011feri belirlenmesine y\u00f6nelik plan notu de\u011fi\u015fikli\u011fine ili\u015fkin kurum g\u00f6r\u00fc\u015f\u00fc verilmesi ile ilgili konu oy \u00e7oklu\u011fuyla kabul edildi. Yat liman\u0131ndan ziyade bir AVM&#8217;ye d\u00f6n\u00fc\u015ft\u00fcr\u00fclmesi kayg\u0131s\u0131 nedeniyle maddeye \u015ferh koyan Meclis \u00fcyelerinin de\u011ferlendirmelerinin ard\u0131ndan Ba\u015fkan Se\u00e7er, \u015funlar\u0131 s\u00f6yledi:<br \/>\n&#8220;Buradaki Marina&#8217;n\u0131n sorunu da o. Marina oldu dev bir AVM. Bunlar resen yap\u0131l\u0131yor Ankara&#8217;dan. Biz burada tabi olumsuz g\u00f6r\u00fc\u015f bildirece\u011fiz. Cumhur \u0130ttifak\u0131 \u00fcyelerine de buradan bir \u00e7a\u011fr\u0131 yapmak istiyorum. Yani bu i\u015flerin kolay olmad\u0131\u011f\u0131n\u0131 Ankara&#8217;n\u0131n bilmesi laz\u0131m ya da daha a\u00e7\u0131k konu\u015fay\u0131m; bizim b\u00f6lgemizle ilgili al\u0131nacak kararlar\u0131n, resen al\u0131nacak kararlar\u0131n b\u00f6lgemizi s\u0131k\u0131nt\u0131ya sokacak kararlar olmamas\u0131 gerekti\u011fi y\u00f6n\u00fcnde bizim takipte oldu\u011fumuzu s\u00f6ylememiz ya da belirtmemiz ve belli etmemiz laz\u0131m. Burada g\u00f6sterece\u011fimiz tav\u0131r da asl\u0131nda bu. Biz burada bir AVM istemiyoruz. Orada marina yap\u0131lmas\u0131na kimse kar\u015f\u0131 de\u011fil. \u015eimdi yat\u0131r\u0131m ad\u0131 alt\u0131nda ba\u015fka filmler \u00e7evriliyor. San\u0131yorum buradaki komisyondaki arkada\u015flar\u0131m\u0131z\u0131n muhalefet \u015ferhi de bundan ibaret. Ben arkada\u015flar\u0131m\u0131n da b\u00fct\u00fcn Meclis \u00fcyesi arkada\u015flar\u0131m\u0131n da buna dikkat etmesi gerekti\u011fini d\u00fc\u015f\u00fcn\u00fcyorum.&#8221;<\/p>\n","protected":false},"excerpt":{"rendered":"<p>Mersin B\u00fcy\u00fck\u015fehir Belediye Meclisi&#8217;nin 2022 y\u0131l\u0131 Mart ay\u0131 2. Birle\u015fim Toplant\u0131s\u0131, B\u00fcy\u00fck\u015fehir Belediye Ba\u015fkan\u0131 Vahap Se\u00e7er ba\u015fkanl\u0131\u011f\u0131nda ger\u00e7ekle\u015ftirildi. 31 maddenin g\u00f6r\u00fc\u015f\u00fcld\u00fc\u011f\u00fc Meclis toplant\u0131s\u0131nda konu\u015fan Ba\u015fkan Se\u00e7er, Mersin B\u00fcy\u00fck\u015fehir Belediyesi&#8217;nin b\u00fct\u00e7esinde &hellip; <a href=\"https:\/\/akdenizolaygazetesi.com\/?p=17239\" class=\"more-link\">Devam\u0131n\u0131 Oku&#8230;<\/a><\/p>\n","protected":false},"author":2,"featured_media":17240,"comment_status":"open","ping_status":"open","sticky":false,"template":"","format":"standard","meta":[],"categories":[8,2,3],"tags":[],"_links":{"self":[{"href":"https:\/\/akdenizolaygazetesi.com\/index.php?rest_route=\/wp\/v2\/posts\/17239"}],"collection":[{"href":"https:\/\/akdenizolaygazetesi.com\/index.php?rest_route=\/wp\/v2\/posts"}],"about":[{"href":"https:\/\/akdenizolaygazetesi.com\/index.php?rest_route=\/wp\/v2\/types\/post"}],"author":[{"embeddable":true,"href":"https:\/\/akdenizolaygazetesi.com\/index.php?rest_route=\/wp\/v2\/users\/2"}],"replies":[{"embeddable":true,"href":"https:\/\/akdenizolaygazetesi.com\/index.php?rest_route=%2Fwp%2Fv2%2Fcomments&post=17239"}],"version-history":[{"count":1,"href":"https:\/\/akdenizolaygazetesi.com\/index.php?rest_route=\/wp\/v2\/posts\/17239\/revisions"}],"predecessor-version":[{"id":17241,"href":"https:\/\/akdenizolaygazetesi.com\/index.php?rest_route=\/wp\/v2\/posts\/17239\/revisions\/17241"}],"wp:featuredmedia":[{"embeddable":true,"href":"https:\/\/akdenizolaygazetesi.com\/index.php?rest_route=\/wp\/v2\/media\/17240"}],"wp:attachment":[{"href":"https:\/\/akdenizolaygazetesi.com\/index.php?rest_route=%2Fwp%2Fv2%2Fmedia&parent=17239"}],"wp:term":[{"taxonomy":"category","embeddable":true,"href":"https:\/\/akdenizolaygazetesi.com\/index.php?rest_route=%2Fwp%2Fv2%2Fcategories&post=17239"},{"taxonomy":"post_tag","embeddable":true,"href":"https:\/\/akdenizolaygazetesi.com\/index.php?rest_route=%2Fwp%2Fv2%2Ftags&post=17239"}],"curies":[{"name":"wp","href":"https:\/\/api.w.org\/{rel}","templated":true}]}}