{"id":17242,"date":"2022-03-15T12:42:26","date_gmt":"2022-03-15T09:42:26","guid":{"rendered":"http:\/\/akdenizolaygazetesi.com\/?p=17242"},"modified":"2022-03-15T12:42:26","modified_gmt":"2022-03-15T09:42:26","slug":"yilmaz-guney-genclik-merkezinin-etrafi-yenileniyor","status":"publish","type":"post","link":"https:\/\/akdenizolaygazetesi.com\/?p=17242","title":{"rendered":"YILMAZ G\u00dcNEY GEN\u00c7L\u0130K MERKEZ\u0130\u2019N\u0130N ETRAFI YEN\u0130LEN\u0130YOR"},"content":{"rendered":"<p>Akdeniz Belediyesi taraf\u0131ndan yap\u0131m\u0131nda sona yakla\u015f\u0131lan \u201cY\u0131lmaz G\u00fcney Gen\u00e7lik Merkezi\u201d etraf\u0131nda bulunan t\u00fcm sokaklar, fen i\u015fleri m\u00fcd\u00fcrl\u00fc\u011f\u00fc ekipleri taraf\u0131ndan i\u015f makineleri yard\u0131m\u0131yla asfaltla kaplanmaya ba\u015fland\u0131.<br \/>\nAkdeniz Belediyesi\u2019nce yap\u0131m\u0131 ger\u00e7ekle\u015fen, tamamland\u0131\u011f\u0131nda i\u00e7inde yar\u0131 olimpik y\u00fczme havuzu, vatanda\u015flar\u0131n d\u00fc\u011f\u00fcn, ni\u015fan ve s\u00fcnnet merasimlerini yapabilecekleri salonu, gen\u00e7lerin ders \u00e7al\u0131\u015fabilecekleri ve \u00fccretsiz internete ula\u015fabilecekleri mek\u00e2nlar\u0131, ayr\u0131ca g\u00fcnde 2 bin ki\u015fiye hizmet verecek a\u015fevi gibi bir\u00e7ok donat\u0131ya sahip olacak \u2018Y\u0131lmaz G\u00fcney Gen\u00e7lik Merkezi\u2019nde yenileme \u00e7al\u0131\u015fmalar\u0131 devam ediyor. Ge\u00e7mi\u015fte at\u0131l b\u0131rak\u0131lan, ancak yeni d\u00f6nemde hayat bulan proje \u00e7al\u0131\u015fmalar sayesinde Y\u0131lmaz G\u00fcney Gen\u00e7lik Merkezi, yak\u0131n bir zaman i\u00e7inde hem bir spor merkezi, hem de bir e\u011fitim tesisine d\u00f6n\u00fc\u015fecek.<br \/>\nGen\u00e7lik merkezinin etraf\u0131ndaki t\u00fcm sokaklar yenileniyor<br \/>\nY\u0131lmaz G\u00fcney Gen\u00e7lik Merkezi\u2019nde yenileme \u00e7al\u0131\u015fmalar\u0131 s\u00fcrerken, belediyenin fen i\u015flerine ba\u011fl\u0131 ekipler de merkezin etraf\u0131ndaki t\u00fcm sokaklarda yenileme ve d\u00fczenleme \u00e7al\u0131\u015fmas\u0131 ba\u015flatt\u0131.  \u0130lk olarak zarar g\u00f6ren sokaklarda i\u015f makineleri ile d\u00fczenleme yapan fen i\u015fleri ekipleri, ard\u0131ndan da Fini\u015fer gibi a\u011f\u0131r i\u015f makineleri yard\u0131m\u0131yla asfalt kaplama \u00e7al\u0131\u015fmas\u0131 ger\u00e7ekle\u015ftirdi. \u00c7al\u0131\u015fmalar bitti\u011finde Y\u0131lmaz G\u00fcney Gen\u00e7lik Merkezi etraf\u0131nda bulunan sokaklar ba\u015ftan sona yenilenmi\u015f olacak.<br \/>\nGen\u00e7ler, merkezin hizmete a\u00e7\u0131lmas\u0131n\u0131 sab\u0131rs\u0131zl\u0131kla bekliyor<br \/>\nY\u0131lmaz G\u00fcney Gen\u00e7lik Merkezi ile birlikte civar\u0131ndaki sokaklarda ger\u00e7ekle\u015fen asfalt kaplama \u00e7al\u0131\u015fmalar\u0131n\u0131 memnuniyetle takip eden vatanda\u015flar, Akdeniz Belediye Ba\u015fkan\u0131 Mustafa G\u00fcltak ve fen i\u015fleri ekiplerine te\u015fekk\u00fcr etti. \u00d6zellikle de gen\u00e7ler ve \u00e7ocuklar, Y\u0131lmaz G\u00fcney Gen\u00e7lik Merkezi in\u015fas\u0131n\u0131n bir an \u00f6nce tamamlan\u0131p hizmete a\u00e7\u0131lmas\u0131n\u0131 b\u00fcy\u00fck bir sab\u0131rs\u0131zl\u0131kla beklediklerini dile getirdi.<\/p>\n","protected":false},"excerpt":{"rendered":"<p>Akdeniz Belediyesi taraf\u0131ndan yap\u0131m\u0131nda sona yakla\u015f\u0131lan \u201cY\u0131lmaz G\u00fcney Gen\u00e7lik Merkezi\u201d etraf\u0131nda bulunan t\u00fcm sokaklar, fen i\u015fleri m\u00fcd\u00fcrl\u00fc\u011f\u00fc ekipleri taraf\u0131ndan i\u015f makineleri yard\u0131m\u0131yla asfaltla kaplanmaya ba\u015fland\u0131. Akdeniz Belediyesi\u2019nce yap\u0131m\u0131 ger\u00e7ekle\u015fen, tamamland\u0131\u011f\u0131nda &hellip; <a href=\"https:\/\/akdenizolaygazetesi.com\/?p=17242\" class=\"more-link\">Devam\u0131n\u0131 Oku&#8230;<\/a><\/p>\n","protected":false},"author":2,"featured_media":17243,"comment_status":"open","ping_status":"open","sticky":false,"template":"","format":"standard","meta":[],"categories":[1,3,5],"tags":[],"_links":{"self":[{"href":"https:\/\/akdenizolaygazetesi.com\/index.php?rest_route=\/wp\/v2\/posts\/17242"}],"collection":[{"href":"https:\/\/akdenizolaygazetesi.com\/index.php?rest_route=\/wp\/v2\/posts"}],"about":[{"href":"https:\/\/akdenizolaygazetesi.com\/index.php?rest_route=\/wp\/v2\/types\/post"}],"author":[{"embeddable":true,"href":"https:\/\/akdenizolaygazetesi.com\/index.php?rest_route=\/wp\/v2\/users\/2"}],"replies":[{"embeddable":true,"href":"https:\/\/akdenizolaygazetesi.com\/index.php?rest_route=%2Fwp%2Fv2%2Fcomments&post=17242"}],"version-history":[{"count":1,"href":"https:\/\/akdenizolaygazetesi.com\/index.php?rest_route=\/wp\/v2\/posts\/17242\/revisions"}],"predecessor-version":[{"id":17244,"href":"https:\/\/akdenizolaygazetesi.com\/index.php?rest_route=\/wp\/v2\/posts\/17242\/revisions\/17244"}],"wp:featuredmedia":[{"embeddable":true,"href":"https:\/\/akdenizolaygazetesi.com\/index.php?rest_route=\/wp\/v2\/media\/17243"}],"wp:attachment":[{"href":"https:\/\/akdenizolaygazetesi.com\/index.php?rest_route=%2Fwp%2Fv2%2Fmedia&parent=17242"}],"wp:term":[{"taxonomy":"category","embeddable":true,"href":"https:\/\/akdenizolaygazetesi.com\/index.php?rest_route=%2Fwp%2Fv2%2Fcategories&post=17242"},{"taxonomy":"post_tag","embeddable":true,"href":"https:\/\/akdenizolaygazetesi.com\/index.php?rest_route=%2Fwp%2Fv2%2Ftags&post=17242"}],"curies":[{"name":"wp","href":"https:\/\/api.w.org\/{rel}","templated":true}]}}