{"id":17245,"date":"2022-03-15T12:44:00","date_gmt":"2022-03-15T09:44:00","guid":{"rendered":"http:\/\/akdenizolaygazetesi.com\/?p=17245"},"modified":"2022-03-15T12:44:00","modified_gmt":"2022-03-15T09:44:00","slug":"ressam-kundak-bir-tablosunu-gazi-ciftligine-hediye-etti","status":"publish","type":"post","link":"https:\/\/akdenizolaygazetesi.com\/?p=17245","title":{"rendered":"RESSAM KUNDAK, B\u0130R TABLOSUNU GAZ\u0130 \u00c7\u0130FTL\u0130\u011e\u0130&#8217;NE HED\u0130YE ETT\u0130"},"content":{"rendered":"<p>Mersin B\u00fcy\u00fck\u015fehir Belediyesi Kad\u0131n ve Aile Hizmetleri Dairesi ile Mersin Silifkeliler Derne\u011fi (MES\u0130DER) i\u015f birli\u011fiyle Silifke Gazi \u00c7iftli\u011fi&#8217;nde Ressam Nazan Kundak&#8217;\u0131n resim sergisi d\u00fczenlendi. Sergiye Silifke Kaymakam\u0131 Abdullah Aslaner&#8217;in yan\u0131 s\u0131ra bir\u00e7ok derne\u011fin temsilcileri kat\u0131ld\u0131. Ressam Kundak, yapt\u0131\u011f\u0131 bir tabloyu daimi olarak sergilenmesi i\u00e7in Gazi \u00c7iftli\u011fi&#8217;ne hediye etti.<br \/>\nRessam Kundak, hediye etti\u011fi tabloyu anlatt\u0131: &#8220;\u00c7ocuklu\u011fumun Silifkesi&#8221;<br \/>\n\u00c7ocuklu\u011fundan bu yana resim \u00e7izdi\u011fini belirten Ressam Kundak, &#8220;Yurtd\u0131\u015f\u0131 ve yurti\u00e7inde 250 sergiye sahibim ve ayn\u0131 zamanda 21 koleksiyonum var&#8221; dedi. Moda tasar\u0131mc\u0131s\u0131 olarak da \u00f6nemli \u00e7al\u0131\u015fmalar\u0131 hayata ge\u00e7irdi\u011fini belirten Kundak, Gazi \u00c7iftli\u011fi&#8217;ne arma\u011fan etti\u011fi tablodan da bahsederek, &#8220;\u00c7ocuklu\u011fumun Silifkesi. 7 ceddimiz hep Silifkeli bizim. Atat\u00fcrk&#8217;\u00fcn ilk defa Valilik Kona\u011f\u0131&#8217;na geli\u015fi. Valilik Kona\u011f\u0131&#8217;n\u0131n \u00e7izimi ve eski Silifke K\u00f6pr\u00fcs\u00fc, de\u011firmeni hatta okudu\u011fum okul.  Ortaokul ve liseyi burada bitirdim. O d\u00f6nemin \u00e7ok g\u00fczel eski hali&#8221; ifadelerine yer verdi.<br \/>\nRessam Kundak, sergi a\u00e7\u0131l\u0131\u015f\u0131nda yapt\u0131\u011f\u0131 konu\u015fmada ise &#8220;Bug\u00fcn benim i\u00e7in \u00e7ok anlaml\u0131 bir g\u00fcn. \u00c7\u00fcnk\u00fc Ulu \u00d6nderimiz Gazi Mustafa Kemal Atat\u00fcrk, \u00fcretmek i\u00e7in birlik ve beraberli\u011fin \u015fart oldu\u011funu Silifke&#8217;de kooperatifle\u015fmenin temelini atarak g\u00f6stermi\u015ftir. Ya\u015fam\u0131m\u0131z boyunca \u00fcretmeyi ilke edinmemiz gerekiyor&#8221; diye konu\u015ftu.<br \/>\n&#8220;Atam\u0131z\u0131n miras\u0131na Say\u0131n Meral Se\u00e7er ve Vahap Se\u00e7er bir dokunu\u015f yapt\u0131lar&#8221;<br \/>\nGazi \u00c7iftli\u011fi Sorumlusu Hatice Okur D\u00f6n\u00fcm de sergi a\u00e7\u0131l\u0131\u015f\u0131nda yapt\u0131\u011f\u0131 konu\u015fmada, konuklara kat\u0131l\u0131mlar\u0131 i\u00e7in te\u015fekk\u00fcr ederek; &#8220;Atam\u0131z\u0131n miras\u0131na Say\u0131n Meral Se\u00e7er ve Vahap Se\u00e7er bir dokunu\u015f yapt\u0131lar. B\u00f6lgenin \u00e7ocuklar\u0131 olarak bizlere emanet ettiler. Dediler ki buray\u0131 en iyi siz bilirsiniz ve en iyi siz anlatabilirsiniz&#8221; ifadelerini kulland\u0131.<br \/>\n&#8220;Yeniden Silifke&#8217;ye, t\u00fcm T\u00fcrkiye&#8217;ye kazand\u0131r\u0131lmas\u0131 ad\u0131na \u00e7ok mutluyum&#8221;<br \/>\nMersin Marka De\u011ferlerini Tan\u0131tma Derne\u011fi (MERKADER) Ba\u015fkan Yard\u0131mc\u0131s\u0131 Zeki \u015ean, &#8220;Silifke&#8217;ye \u00e7ok \u00f6nem veriyoruz. Geli\u015fmekte olan bir yer. Gazi \u00c7iftli\u011fi ve \u00e7al\u0131\u015fmalara destek vermek amac\u0131yla burada bulunuyoruz. Nazan Hocam\u0131z da ayn\u0131 zamanda bu derne\u011fin \u00fcyesi&#8221; derken, MES\u0130DER&#8217;den \u00d6zge Metin de &#8220;Gazi \u00c7iftli\u011fi&#8217;nin yeniden Silifke&#8217;ye, t\u00fcm T\u00fcrkiye&#8217;ye kazand\u0131r\u0131lmas\u0131 ad\u0131na \u00e7ok mutluyum&#8221; diye konu\u015ftu.<br \/>\nMES\u0130DER&#8217;den Zahide Metin, Gazi \u00c7iftli\u011fi&#8217;ne gelmekten onur duydu\u011funu belirtirken; &#8220;Nazan Han\u0131m&#8217;a da destek olmak i\u00e7in geldik. Harika bir geziydi, eme\u011fi ge\u00e7en herkese te\u015fekk\u00fcr ediyoruz&#8221; dedi.<br \/>\nZiraat M\u00fchendisi Mehmet \u00dcnver ise b\u00f6lgenin bir \u00e7ocu\u011fu oldu\u011funu vurgulayarak, &#8220;\u00c7ocuklu\u011fumda bu okulun bah\u00e7esinde oyunlar oynad\u0131m. At\u0131l bir pozisyondayd\u0131. Bug\u00fcn \u00e7ok heyecanl\u0131y\u0131m. \u00d6zel bir noktaday\u0131z&#8221; ifadelerine yer verdi.<\/p>\n","protected":false},"excerpt":{"rendered":"<p>Mersin B\u00fcy\u00fck\u015fehir Belediyesi Kad\u0131n ve Aile Hizmetleri Dairesi ile Mersin Silifkeliler Derne\u011fi (MES\u0130DER) i\u015f birli\u011fiyle Silifke Gazi \u00c7iftli\u011fi&#8217;nde Ressam Nazan Kundak&#8217;\u0131n resim sergisi d\u00fczenlendi. Sergiye Silifke Kaymakam\u0131 Abdullah Aslaner&#8217;in yan\u0131 &hellip; <a href=\"https:\/\/akdenizolaygazetesi.com\/?p=17245\" class=\"more-link\">Devam\u0131n\u0131 Oku&#8230;<\/a><\/p>\n","protected":false},"author":2,"featured_media":17246,"comment_status":"open","ping_status":"open","sticky":false,"template":"","format":"standard","meta":[],"categories":[2,3,5],"tags":[],"_links":{"self":[{"href":"https:\/\/akdenizolaygazetesi.com\/index.php?rest_route=\/wp\/v2\/posts\/17245"}],"collection":[{"href":"https:\/\/akdenizolaygazetesi.com\/index.php?rest_route=\/wp\/v2\/posts"}],"about":[{"href":"https:\/\/akdenizolaygazetesi.com\/index.php?rest_route=\/wp\/v2\/types\/post"}],"author":[{"embeddable":true,"href":"https:\/\/akdenizolaygazetesi.com\/index.php?rest_route=\/wp\/v2\/users\/2"}],"replies":[{"embeddable":true,"href":"https:\/\/akdenizolaygazetesi.com\/index.php?rest_route=%2Fwp%2Fv2%2Fcomments&post=17245"}],"version-history":[{"count":1,"href":"https:\/\/akdenizolaygazetesi.com\/index.php?rest_route=\/wp\/v2\/posts\/17245\/revisions"}],"predecessor-version":[{"id":17247,"href":"https:\/\/akdenizolaygazetesi.com\/index.php?rest_route=\/wp\/v2\/posts\/17245\/revisions\/17247"}],"wp:featuredmedia":[{"embeddable":true,"href":"https:\/\/akdenizolaygazetesi.com\/index.php?rest_route=\/wp\/v2\/media\/17246"}],"wp:attachment":[{"href":"https:\/\/akdenizolaygazetesi.com\/index.php?rest_route=%2Fwp%2Fv2%2Fmedia&parent=17245"}],"wp:term":[{"taxonomy":"category","embeddable":true,"href":"https:\/\/akdenizolaygazetesi.com\/index.php?rest_route=%2Fwp%2Fv2%2Fcategories&post=17245"},{"taxonomy":"post_tag","embeddable":true,"href":"https:\/\/akdenizolaygazetesi.com\/index.php?rest_route=%2Fwp%2Fv2%2Ftags&post=17245"}],"curies":[{"name":"wp","href":"https:\/\/api.w.org\/{rel}","templated":true}]}}