{"id":17248,"date":"2022-03-15T12:45:26","date_gmt":"2022-03-15T09:45:26","guid":{"rendered":"http:\/\/akdenizolaygazetesi.com\/?p=17248"},"modified":"2022-03-15T12:45:26","modified_gmt":"2022-03-15T09:45:26","slug":"kursiyerler-mersin-buyuksehirin-mesleki-egitim-kurslariyla-gelecege-daha-emin-adimlar-atiyor","status":"publish","type":"post","link":"https:\/\/akdenizolaygazetesi.com\/?p=17248","title":{"rendered":"KURS\u0130YERLER, MERS\u0130N B\u00dcY\u00dcK\u015eEH\u0130R&#8217;\u0130N MESLEK\u0130 E\u011e\u0130T\u0130M KURSLARIYLA GELECE\u011eE DAHA EM\u0130N ADIMLAR ATIYOR"},"content":{"rendered":"<p>Mersin B\u00fcy\u00fck\u015fehir Belediyesi Kariyer Merkezi&#8217;nin 2022 y\u0131l\u0131nda Mersin \u0130l Milli E\u011fitim M\u00fcd\u00fcrl\u00fc\u011f\u00fc ve \u0130\u015eKUR&#8217;la yapt\u0131\u011f\u0131 protokol kapsam\u0131nda hayata ge\u00e7irdi\u011fi &#8216;Yetenek D\u00f6n\u00fc\u015f\u00fcm Program\u0131&#8217; \u00e7er\u00e7evesinde a\u00e7\u0131lan mesleki e\u011fitim kurslar\u0131 t\u00fcm h\u0131z\u0131yla devam ediyor. Bu kurslar gen\u00e7lerin i\u015f kayg\u0131s\u0131n\u0131 azalt\u0131rken gelece\u011fe daha emin ad\u0131mlar atmalar\u0131n\u0131 sa\u011fl\u0131yor.<br \/>\nProje ile i\u015f g\u00fcc\u00fc piyasas\u0131n\u0131n ihtiyac\u0131na g\u00f6re belirlenen Lojistik, Y\u00f6netici Asistanl\u0131\u011f\u0131, Genel Muhasebe ile Muhasebe ve Finansman alanlar\u0131nda e\u011fitimler s\u00fcr\u00fcyor. E\u011fitimler uzman \u00f6\u011fretmenler taraf\u0131ndan Yeni\u015fehir Halk E\u011fitim Merkezi, Akdeniz Halk E\u011fitim Merkezi ve Mersin Serbest Muhasebeci Mali M\u00fc\u015favirler Odas\u0131&#8217;nda veriliyor.<br \/>\n&#8220;Amac\u0131m\u0131z adaylar\u0131m\u0131z\u0131n mesleki e\u011fitim alan\u0131nda kendilerini geli\u015ftirmelerini sa\u011flamak&#8221;<br \/>\nB\u00fcy\u00fck\u015fehir Belediyesi Kariyer Merkezi M\u00fcd\u00fcr\u00fc Serkan \u00d6zada, &#8216;Yetenek D\u00f6n\u00fc\u015f\u00fcm Projesi&#8217;nin i\u015f arayanlara y\u00f6nelik bir\u00e7ok hizmeti tek pakette sunan bir proje oldu\u011funu s\u00f6yledi. Bir\u00e7ok payda\u015f\u0131n oldu\u011fu projeyi geni\u015fletme \u00e7abas\u0131 i\u00e7erisinde olduklar\u0131n\u0131 belirten \u00d6zada, &#8220;Amac\u0131m\u0131z; adaylar\u0131m\u0131z\u0131 hem gelece\u011fe haz\u0131rlamak hem i\u015f arama tekniklerini \u00f6\u011fretmek hem de mesleki e\u011fitim alan\u0131nda kendilerini geli\u015ftirmelerine olanak sa\u011flamak&#8221; dedi. Kurslar\u0131n 2 ya da 3 ay s\u00fcrd\u00fcrd\u00fc\u011f\u00fcn\u00fc ifade eden \u00d6zada, &#8220;Adaylar\u0131m\u0131z\u0131n mesleki e\u011fitimden sonra i\u015f olana\u011f\u0131na kavu\u015faca\u011f\u0131 alanlar\u0131 belirlemeye \u00e7al\u0131\u015f\u0131yoruz. Bu anlamda y\u00f6netici asistanl\u0131\u011f\u0131 ve lojistik kursu a\u00e7t\u0131k. 2 d\u00f6nem muhasebe kursumuz a\u00e7\u0131ld\u0131. Bundan sonraki a\u015famada da bili\u015fim, halkla ili\u015fkiler, ki\u015fisel geli\u015fim alanlar\u0131nda kurslar\u0131m\u0131z a\u00e7\u0131lacak&#8221; diye konu\u015ftu.<br \/>\nBa\u015fvuru ve m\u00fclakat a\u015famalar\u0131n\u0131 payla\u015fan \u00d6zada, &#8220;Bu kurslar\u0131m\u0131z\u0131 bitiren arkada\u015flar\u0131m\u0131za CV olu\u015fturma, m\u00fclakat teknikleri, profesyonellerle deneyim payla\u015f\u0131m\u0131, firma bulu\u015fmalar\u0131 ve i\u015f arama dan\u0131\u015fmanl\u0131\u011f\u0131 hizmetlerini sunaca\u011f\u0131z&#8221; ifadelerini kulland\u0131.<br \/>\n&#8220;Gen\u00e7lerimizi gelece\u011fe haz\u0131rl\u0131yoruz&#8221;<br \/>\nGenel Muhasebe kursunda e\u011fitim veren \u00f6\u011fretmen Mehmet Can Cengiz, kursiyerleri gelece\u011fe haz\u0131rlamaya \u00e7al\u0131\u015ft\u0131klar\u0131n\u0131 belirterek, &#8220;\u0130\u015f ortam\u0131nda nelerle kar\u015f\u0131la\u015fabilece\u011finden bahsediyoruz burada. Ayn\u0131 \u015fekilde Mali M\u00fc\u015favirler Odas\u0131&#8217;n\u0131n kullanm\u0131\u015f oldu\u011fu &#8216;Luca&#8217; program\u0131 var. Ona y\u00f6nelik bilgi veriyoruz. Dersimizin mod\u00fclleri var. \u00d6nce mod\u00fclden teorik olarak i\u015fliyoruz dersimizi. Teorik k\u0131sm\u0131n\u0131 \u00f6\u011frendikten sonra program \u00fczerinden o i\u015fledi\u011fimiz bilgileri programa kaydetmeye \u00e7al\u0131\u015f\u0131yoruz. Ayn\u0131 \u015fekilde bir \u015firkette i\u015fleyi\u015f nas\u0131l oluyor? \u015eirkette genel olarak bir muhasebeci neler yapar, nelere dikkat eder? Vergi Usul Kanunu, T\u00fcrk Ticaret Kanunu nedir, ne de\u011fildir? Bunlarla ilgili bilgiler vermeye \u00e7al\u0131\u015f\u0131yoruz. Dersin sonunda beyin f\u0131rt\u0131nas\u0131 yap\u0131yoruz. Dersimiz ak\u0131c\u0131, e\u011flenceli gidiyor. Gen\u00e7lerimizi gelece\u011fe haz\u0131rl\u0131yoruz&#8221; diye konu\u015ftu.<br \/>\n&#8220;Bu kurslar\u0131n devam\u0131n\u0131 kesinlikle bekliyorum&#8221;<br \/>\nKahramanmara\u015f S\u00fct\u00e7\u00fc \u0130mam \u00dcniversitesi \u00f6n lisans b\u00f6l\u00fcm\u00fc b\u00fcro y\u00f6netimi ve sekreterlik mezunu oldu\u011funu belirten kursiyer Zehra \u0130nce, 8 y\u0131l b\u00fcro y\u00f6netimi ve sekreter olarak g\u00f6rev yapt\u0131\u011f\u0131n\u0131 s\u00f6yledi. Muhasebe konusuna da yabanc\u0131 olmad\u0131\u011f\u0131n\u0131 anlatan \u0130nce, &#8220;Bundan sonraki i\u015f hayat\u0131mda da muhasebeye y\u00f6nelmeyi d\u00fc\u015f\u00fcn\u00fcyorum. O y\u00fczden muhasebenin temel kavramlar\u0131n\u0131 \u00f6\u011frenmem benim i\u00e7in daha iyi olacak dedim. E\u011fitim \u00e7ok iyi. Olduk\u00e7a fazla bir \u015fey kat\u0131yor bize. Her t\u00fcrl\u00fc bilgiyi en ince ayr\u0131nt\u0131s\u0131na kadar \u00f6\u011freniyoruz. Belirli bir programa g\u00f6re gidiyoruz. Bu kurslar\u0131n devam\u0131n\u0131 kesinlikle bekliyorum. Bunlar\u0131 genel olarak \u00fcniversitede bu kadar ayr\u0131nt\u0131l\u0131 vermiyorlar. Ben de \u00fcniversite okudum. Ben de genel muhasebe g\u00f6rd\u00fcm. Ama bu kadar ayr\u0131nt\u0131l\u0131 g\u00f6rmedim&#8221; ifadelerini kulland\u0131.<br \/>\n&#8220;\u0130\u015f bulabilme a\u00e7\u0131s\u0131ndan gelece\u011fe olumlu bakabiliyorum&#8221;<br \/>\nMersin \u00dcniversitesi \u00c7al\u0131\u015fma Ekonomisi End\u00fcstri \u0130li\u015fkileri B\u00f6l\u00fcm\u00fc&#8217;nde son s\u0131n\u0131f \u00f6\u011frencisi olan kursiyer Cengiz G\u00fcler, hem teorik hem de pratikte e\u011fitim alman\u0131n \u00f6nemli oldu\u011funu belirterek, &#8220;Burada farkl\u0131 bir program vard\u0131. &#8216;Luca&#8217;. Bunu da \u00f6\u011frenmek istedim. Onun i\u00e7in ba\u015fvuru yapt\u0131m. M\u00fclakatlara girdik. Burada hi\u00e7 olmazsa pratikle ilgili bilgiler \u00f6\u011frenebiliyoruz. Kurstan sonra deneyim artt\u0131\u011f\u0131 i\u00e7in tabi ki \u00f6zg\u00fcven de art\u0131yor. Onun i\u00e7in i\u015fe ba\u015fvuru yapt\u0131\u011f\u0131mda kendimi \u00f6zg\u00fcvenli hissedece\u011fim. \u0130\u015f bulabilme a\u00e7\u0131s\u0131ndan gelece\u011fe olumlu bakabiliyorum&#8221; dedi. Kurs merkezindeki e\u011fitim ile ilgili de d\u00fc\u015f\u00fcncelerini payla\u015fan G\u00fcler, &#8220;\u00c7ok ak\u0131c\u0131 ge\u00e7iyor. Teorik bilgilerden sonra pratik olarak sorular \u00e7\u00f6z\u00fcyoruz, beyin f\u0131rt\u0131nas\u0131 yap\u0131yoruz&#8221; ifadelerini kulland\u0131.<br \/>\nLise mezunu Elif Cansu Alk\u0131\u015f, B\u00fcy\u00fck\u015fehir Belediyesi Kariyer Merkezi&#8217;nin kendilerine sa\u011flam\u0131\u015f oldu\u011fu olanaklarla kursa ba\u015fvurdu\u011funu s\u00f6yleyerek, &#8220;Kurs s\u00fcreci \u00e7ok g\u00fczel ge\u00e7iyor. Bilmedi\u011fimiz \u015feyleri kurs sayesinde \u00f6\u011freniyoruz. Gen\u00e7ler i\u00e7in \u00e7ok g\u00fczel i\u015f olana\u011f\u0131&#8221; dedi.<br \/>\n&#8220;\u0130\u015fsizli\u011fin bu kadar artt\u0131\u011f\u0131 bu d\u00f6nemde kursun a\u00e7\u0131lmas\u0131 daha da \u00f6nem ta\u015f\u0131yor&#8221;<br \/>\nKursiyerlerden Ferhat \u015eefkatl\u0131 da a\u00e7\u0131lan kurslar ve e\u011fitimle ilgili d\u00fc\u015f\u00fcncelerini \u015fu c\u00fcmlelerle ifade etti:<br \/>\n&#8220;\u015eu an g\u00fczel ilerliyor. Hepimizin ayr\u0131 bilgisayarlar\u0131 var. \u00d6\u011fretmenimiz de \u00e7ok iyi. \u015eu an ald\u0131\u011f\u0131m\u0131z e\u011fitim \u00f6zel \u015firketlerden \u00fccretle al\u0131nabiliyor. \u00dccretsiz bir \u015fekilde olmas\u0131 \u00e7ok \u00f6nemli. Hedefim bundan sonra \u00f6n muhasebe veya genel muhasebe alan\u0131nda bir \u015firkette i\u015fe girmek. Kariyer Merkezi&#8217;nin yapt\u0131\u011f\u0131 bu kurs \u00e7ok \u00f6nemli; gen\u00e7ler i\u00e7in \u00f6zellikle. \u0130\u015fsizli\u011fin bu kadar artt\u0131\u011f\u0131 bu d\u00f6nemde kursun a\u00e7\u0131lmas\u0131 daha da \u00f6nem ta\u015f\u0131yor bence.&#8221;<br \/>\nY\u00f6netici Asistanl\u0131\u011f\u0131 Kursu da t\u00fcm h\u0131z\u0131yla devam ediyor<br \/>\nMersin Halk E\u011fitim Merkezi&#8217;nde B\u00fcro Y\u00f6netimi ve Sekreterlik bran\u015f\u0131nda usta \u00f6\u011fretici olarak g\u00f6rev yapan Nejat Kayalar, Y\u00f6netici Asistanl\u0131\u011f\u0131 Kursu&#8217;nu Mersin B\u00fcy\u00fck\u015fehir Belediyesi ile Halk E\u011fitim Merkezi&#8217;nin ortak planlad\u0131\u011f\u0131n\u0131 s\u00f6yledi. Kurs sonunda kursiyerlerin \u00f6zel sekt\u00f6rde y\u00f6netici asistan\u0131 olarak g\u00f6rev almalar\u0131n\u0131n hedeflendi\u011fini ifade eden Kayalar, &#8220;Burada ileti\u015fim dersimiz var. Kitle ileti\u015fim, sosyal hayatta ileti\u015fim, klavye, beden dili, hitabet, yaz\u0131 yazma, resmi yaz\u0131\u015fma kurallar\u0131, i\u015f ak\u0131\u015f\u0131, belge ak\u0131\u015f\u0131 yani bir y\u00f6netici asistan\u0131n\u0131n yapt\u0131\u011f\u0131 i\u015fte gerekli olacak b\u00fct\u00fcn donan\u0131mlar\u0131 burada arkada\u015flara vermeye \u00e7al\u0131\u015f\u0131yoruz&#8221; dedi.<br \/>\n&#8220;Bir y\u00f6netici asistan\u0131n\u0131n yapmas\u0131 gerekenleri \u00f6\u011frenmeye \u00e7al\u0131\u015f\u0131yoruz&#8221;<br \/>\nKursiyerlerden Neriman Sa\u011f\u0131r, bir y\u00f6netici asistan\u0131n\u0131n bilmesi gereken her \u015feyi kursta \u00f6\u011frenmeye ba\u015flad\u0131klar\u0131n\u0131 s\u00f6yleyerek, &#8220;Maliye B\u00f6l\u00fcm\u00fc mezunuyum. Mersin B\u00fcy\u00fck\u015fehir Belediyesi&#8217;nin bize sa\u011flam\u0131\u015f oldu\u011fu bu kurstan faydalanmak bizi onure ediyor. Bu kurs bittikten sonra alaca\u011f\u0131m\u0131z belge ile bir kamu kurulu\u015funda veya \u00f6zel sekt\u00f6rde istihdam sa\u011flamay\u0131 d\u00fc\u015f\u00fcn\u00fcyoruz. Hedefimiz bu. \u0130n\u015fallah her \u015fey g\u00fczel olur&#8221; ifadelerine yer verdi.<br \/>\nAy\u015fe Yalva\u00e7 ise &#8220;Tek bir ama\u00e7 i\u00e7in burada e\u011fitim g\u00f6rm\u00fcyoruz. Buradan belgemizi ald\u0131ktan sonra iyi bir i\u015f yerinde \u00e7al\u0131\u015fmak istiyoruz. Hepimizin amac\u0131 bu. Toplumsal olarak da bize farkl\u0131l\u0131k kazand\u0131r\u0131yor. \u0130nsanlarla nas\u0131l konu\u015fmam\u0131z gerekti\u011fini \u00f6\u011frendik. En ba\u015f\u0131nda yanl\u0131\u015flar\u0131m\u0131z\u0131 \u00f6\u011frendik. Telefonla konu\u015fmada yanl\u0131\u015flar\u0131m\u0131z\u0131 \u00f6\u011frendik. \u0130leti\u015fimi \u00f6\u011frendik, do\u011fru bildiklerimizin asl\u0131nda \u00e7o\u011funun yanl\u0131\u015f oldu\u011funu \u00f6\u011frendik ve bize bu art\u0131 olarak geri d\u00f6nd\u00fc&#8221; dedi.<\/p>\n","protected":false},"excerpt":{"rendered":"<p>Mersin B\u00fcy\u00fck\u015fehir Belediyesi Kariyer Merkezi&#8217;nin 2022 y\u0131l\u0131nda Mersin \u0130l Milli E\u011fitim M\u00fcd\u00fcrl\u00fc\u011f\u00fc ve \u0130\u015eKUR&#8217;la yapt\u0131\u011f\u0131 protokol kapsam\u0131nda hayata ge\u00e7irdi\u011fi &#8216;Yetenek D\u00f6n\u00fc\u015f\u00fcm Program\u0131&#8217; \u00e7er\u00e7evesinde a\u00e7\u0131lan mesleki e\u011fitim kurslar\u0131 t\u00fcm h\u0131z\u0131yla devam &hellip; <a href=\"https:\/\/akdenizolaygazetesi.com\/?p=17248\" class=\"more-link\">Devam\u0131n\u0131 Oku&#8230;<\/a><\/p>\n","protected":false},"author":2,"featured_media":17249,"comment_status":"open","ping_status":"open","sticky":false,"template":"","format":"standard","meta":[],"categories":[1,2,3,5],"tags":[],"_links":{"self":[{"href":"https:\/\/akdenizolaygazetesi.com\/index.php?rest_route=\/wp\/v2\/posts\/17248"}],"collection":[{"href":"https:\/\/akdenizolaygazetesi.com\/index.php?rest_route=\/wp\/v2\/posts"}],"about":[{"href":"https:\/\/akdenizolaygazetesi.com\/index.php?rest_route=\/wp\/v2\/types\/post"}],"author":[{"embeddable":true,"href":"https:\/\/akdenizolaygazetesi.com\/index.php?rest_route=\/wp\/v2\/users\/2"}],"replies":[{"embeddable":true,"href":"https:\/\/akdenizolaygazetesi.com\/index.php?rest_route=%2Fwp%2Fv2%2Fcomments&post=17248"}],"version-history":[{"count":1,"href":"https:\/\/akdenizolaygazetesi.com\/index.php?rest_route=\/wp\/v2\/posts\/17248\/revisions"}],"predecessor-version":[{"id":17250,"href":"https:\/\/akdenizolaygazetesi.com\/index.php?rest_route=\/wp\/v2\/posts\/17248\/revisions\/17250"}],"wp:featuredmedia":[{"embeddable":true,"href":"https:\/\/akdenizolaygazetesi.com\/index.php?rest_route=\/wp\/v2\/media\/17249"}],"wp:attachment":[{"href":"https:\/\/akdenizolaygazetesi.com\/index.php?rest_route=%2Fwp%2Fv2%2Fmedia&parent=17248"}],"wp:term":[{"taxonomy":"category","embeddable":true,"href":"https:\/\/akdenizolaygazetesi.com\/index.php?rest_route=%2Fwp%2Fv2%2Fcategories&post=17248"},{"taxonomy":"post_tag","embeddable":true,"href":"https:\/\/akdenizolaygazetesi.com\/index.php?rest_route=%2Fwp%2Fv2%2Ftags&post=17248"}],"curies":[{"name":"wp","href":"https:\/\/api.w.org\/{rel}","templated":true}]}}