{"id":17254,"date":"2022-03-15T12:51:08","date_gmt":"2022-03-15T09:51:08","guid":{"rendered":"http:\/\/akdenizolaygazetesi.com\/?p=17254"},"modified":"2022-03-15T12:51:08","modified_gmt":"2022-03-15T09:51:08","slug":"gida-enflasyonunun-azaltilmasina-yardimci-olacak","status":"publish","type":"post","link":"https:\/\/akdenizolaygazetesi.com\/?p=17254","title":{"rendered":"\u201cG\u0131da enflasyonunun azalt\u0131lmas\u0131na yard\u0131mc\u0131 olacak\u201d"},"content":{"rendered":"<p>Mersin Ticaret Borsas\u0131 Ba\u015fkan\u0131 Abdullah \u00d6zdemir, at\u0131l tar\u0131m arazileri ve nadas alanlar\u0131n\u0131n \u00fcretime kazand\u0131r\u0131lmas\u0131na ili\u015fkin verilecek deste\u011fin, \u00fcretimi art\u0131rarak ithalata ba\u011f\u0131ml\u0131l\u0131\u011f\u0131n azalt\u0131lmas\u0131 a\u00e7\u0131s\u0131ndan \u00e7ok yerinde bir karar oldu\u011funu ifade etti. \u00d6zdemir; hububat, bakliyat ve ya\u011fl\u0131 tohumlu bitkilerin \u00fcretiminin geli\u015ftirilmesine verilecek deste\u011fin de g\u0131da enflasyonunun azalt\u0131lmas\u0131na yard\u0131mc\u0131 olaca\u011f\u0131n\u0131 vurgulad\u0131.<br \/>\nMersin Ticaret Borsas\u0131 (MTB) Ba\u015fkan\u0131 \u00d6zdemir, yapt\u0131\u011f\u0131 yaz\u0131l\u0131 a\u00e7\u0131klamada, g\u0131da arz\u0131nda sorun ya\u015fanmamas\u0131 ve g\u0131da enflasyonu ile m\u00fccadeleye katk\u0131 sa\u011flanmas\u0131 a\u00e7\u0131s\u0131ndan \u201cTar\u0131m Arazilerinin Kullan\u0131m\u0131n\u0131n Etkinle\u015ftirilmesinin Desteklenmesi\u201dne ili\u015fkin karar\u0131n Resmi Gazete\u2019de yay\u0131mland\u0131\u011f\u0131n\u0131 an\u0131msatt\u0131. Desteklerin hibe \u015feklinde olaca\u011f\u0131n\u0131, proje bedelinin azami y\u00fczde 75\u2019i olarak verilece\u011fini ve 2022 y\u0131l\u0131 i\u00e7in uygulanaca\u011f\u0131n\u0131 kaydeden \u00d6zdemir, \u201cKararda ilk olarak bo\u015f, at\u0131l veya nadasa b\u0131rak\u0131lan arazilerin uygun m\u00fcnavebe plan\u0131 ve ekim y\u00f6ntemleri ile tar\u0131msal \u00fcretime kazand\u0131r\u0131lmas\u0131 hedeflenmektedir. \u00dclkemizde 31 milyon dekar nadas alan\u0131 bulunmaktad\u0131r. Tar\u0131m ve Orman Bakanl\u0131\u011f\u0131 a\u00e7\u0131klamas\u0131na g\u00f6re, 230 milyon dekarl\u0131k i\u015flenen tar\u0131m alanlar\u0131n\u0131n 20 milyon dekarl\u0131k b\u00f6l\u00fcm\u00fc de at\u0131l durumdad\u0131r. \u00dcstelik bu at\u0131l alanlar\u0131n y\u00fczde 25\u2019i ise sulamaya elveri\u015flidir. \u00d6zellikle i\u00e7erisinden ge\u00e7mekte oldu\u011fumuz s\u00fcre\u00e7te al\u0131nan bu karar\u0131n, \u00fcretimi art\u0131rarak ithalata ba\u011f\u0131ml\u0131l\u0131\u011f\u0131n azalt\u0131lmas\u0131 a\u00e7\u0131s\u0131ndan olduk\u00e7a yerinde oldu\u011funu d\u00fc\u015f\u00fcn\u00fcyoruz\u201d dedi. <\/p>\n<p>\u201cG\u0131da enflasyonunun azalt\u0131lmas\u0131na yard\u0131mc\u0131 olacak\u201d<br \/>\nHububat, bakliyat ve ya\u011fl\u0131 tohumlu bitkilerin \u00fcretiminin geli\u015ftirilmesinin de destek kapsam\u0131nda yer ald\u0131\u011f\u0131n\u0131 belirten \u00d6zdemir, \u201cHalk\u0131m\u0131z\u0131n temel g\u0131da maddeleri aras\u0131nda yer alan bu \u00fcr\u00fcnlerin \u00fcretiminde art\u0131\u015f yapmay\u0131 hedefleyen bu karar\u0131n, temel g\u0131da \u00fcr\u00fcnlerinde arz g\u00fcvenli\u011finin sa\u011flanmas\u0131na ve g\u0131da enflasyonunun azalt\u0131lmas\u0131na yard\u0131mc\u0131 olaca\u011f\u0131na inan\u0131yoruz. Ayr\u0131ca, bu proje amac\u0131na ula\u015fabilirse net ithalat\u00e7\u0131 oldu\u011fumuz hububat, bakliyat ve ya\u011fl\u0131 tohumlu bitkilerde d\u0131\u015fa ba\u011f\u0131ml\u0131l\u0131\u011f\u0131m\u0131z azalma s\u00fcrecine girecektir\u201d ifadelerini kulland\u0131. <\/p>\n<p>\u201cProje b\u00fct\u00e7esi a\u011f\u0131rl\u0131kl\u0131 olarak \u00fcretime y\u00f6nlendirilmeli\u201d<br \/>\n\u00d6zdemir, T\u00fcrkiye\u2019nin sahip oldu\u011fu tar\u0131msal \u00fcretim potansiyelini etkin bi\u00e7imde kullanarak, \u00fcretim seviyesini art\u0131rmay\u0131 hedefleyen bu karar\u0131n amac\u0131na ula\u015fabilmesi i\u00e7in \u00f6nerilerde de bulundu. At\u0131l duran veya nadasa b\u0131rak\u0131lm\u0131\u015f arazilerde \u00fcretim yapmak isteyen \u00e7ift\u00e7ilerin ba\u015fvuru \u015fartlar\u0131n\u0131n ve prosed\u00fcrlerinin basitle\u015ftirilmesini isteyen \u00d6zdemir, \u015f\u00f6yle devam etti:<br \/>\n\u201c\u00dcreticilerimizin ihtiya\u00e7 duyaca\u011f\u0131 rehberlik hizmetleri bakanl\u0131\u011f\u0131m\u0131z te\u015fkilat\u0131 taraf\u0131ndan \u00fccretsiz olarak kar\u015f\u0131lanmal\u0131d\u0131r. Bu karar\u0131n uygulanabilmesi i\u00e7in ayr\u0131lan b\u00fct\u00e7e kayna\u011f\u0131, \u00f6ncelikli ve a\u011f\u0131rl\u0131kl\u0131 olarak \u00fcretim yapmak isteyen \u00e7ift\u00e7ilerimizin ba\u015fvurular\u0131 i\u00e7in kullan\u0131lmal\u0131d\u0131r. Bu karar, beklenen etkiyi g\u00f6sterebilmesi i\u00e7in sadece 2022 y\u0131l\u0131nda de\u011fil, en az 3-5 y\u0131ll\u0131k bir d\u00f6nemde ara verilmeden uygulanmal\u0131d\u0131r. \u0130lgili kararda yer alan hasat sonras\u0131 \u00fcr\u00fcn kurutma veya i\u015fleme tesisleri kurulmas\u0131 konusu, bize g\u00f6re \u00f6ncelikli bir alan de\u011fildir. \u00dclkemizde yeterince i\u015fleme tesisi vard\u0131r, halihaz\u0131rda bu tesisler bile tam kapasite ile \u00e7al\u0131\u015famamaktad\u0131r. Kald\u0131 ki, bu t\u00fcr yeni tesis projeleri i\u00e7in KOSGEB, TKDK, kalk\u0131nma ajanslar\u0131 ve benzeri kurumlarca yeterince destek verilmektedir. Dolay\u0131s\u0131yla \u00f6ncelikli hedef, ilk a\u015famada yerli \u00fcretimde kendi kendine yeterlili\u011fin sa\u011flanmas\u0131 olmal\u0131d\u0131r. Bu do\u011frultuda program b\u00fct\u00e7esinin a\u011f\u0131rl\u0131kl\u0131 olarak tar\u0131msal \u00fcretime y\u00f6nlendirilmesi gerekti\u011fini d\u00fc\u015f\u00fcn\u00fcyoruz.\u201d <\/p>\n<p>\u201cSekt\u00f6r\u00fcn \u00f6nemi daha da artacak\u201d<br \/>\n\u00d6n\u00fcm\u00fczdeki s\u00fcre\u00e7te sekt\u00f6r\u00fcn \u00f6neminin daha da artaca\u011f\u0131na dikkat \u00e7eken \u00d6zdemir, \u201cSon iki y\u0131ld\u0131r ya\u015fanan salg\u0131n s\u00fcreci, 2021 senesinin olduk\u00e7a kurak ge\u00e7mesi ve son olarak Rusya-Ukrayna sava\u015f\u0131 tar\u0131m ve g\u0131da sekt\u00f6r\u00fcn\u00fcn art\u0131k bir milli g\u00fcvenlik meselesi oldu\u011funu a\u00e7\u0131k\u00e7a g\u00f6stermi\u015ftir. \u00dcretimde s\u0131\u00e7rama yarat\u0131lmas\u0131na en \u00e7ok ihtiya\u00e7 olan bir s\u00fcre\u00e7ten ge\u00e7mekteyiz. Bu ba\u011flamda taleplerimize kar\u015f\u0131l\u0131k veren bu karar i\u00e7in devletimize te\u015fekk\u00fcrlerimizi sunuyoruz. Tar\u0131m ve g\u0131da sekt\u00f6r\u00fc, gelecekte \u00e7ok daha de\u011ferli bir konuma ula\u015facakt\u0131r. Yap\u0131lacak etki analizi ile do\u011fru belirlenen politikalar\u0131n dirayetli bir \u015fekilde uygulanmas\u0131; amac\u0131na ula\u015fmayan politikalar\u0131n ise yeniden g\u00f6zden ge\u00e7irilmesi ile \u00fclkemizin ilk a\u015famada i\u00e7 t\u00fcketimde yeterlili\u011fi sa\u011flayaca\u011f\u0131 ve ard\u0131ndan net ihracat\u00e7\u0131 konuma ula\u015faca\u011f\u0131 kan\u0131s\u0131nday\u0131m\u201d dedi. <\/p>\n","protected":false},"excerpt":{"rendered":"<p>Mersin Ticaret Borsas\u0131 Ba\u015fkan\u0131 Abdullah \u00d6zdemir, at\u0131l tar\u0131m arazileri ve nadas alanlar\u0131n\u0131n \u00fcretime kazand\u0131r\u0131lmas\u0131na ili\u015fkin verilecek deste\u011fin, \u00fcretimi art\u0131rarak ithalata ba\u011f\u0131ml\u0131l\u0131\u011f\u0131n azalt\u0131lmas\u0131 a\u00e7\u0131s\u0131ndan \u00e7ok yerinde bir karar oldu\u011funu ifade etti. &hellip; <a href=\"https:\/\/akdenizolaygazetesi.com\/?p=17254\" class=\"more-link\">Devam\u0131n\u0131 Oku&#8230;<\/a><\/p>\n","protected":false},"author":2,"featured_media":17255,"comment_status":"open","ping_status":"open","sticky":false,"template":"","format":"standard","meta":[],"categories":[8,1,2,3,5],"tags":[],"_links":{"self":[{"href":"https:\/\/akdenizolaygazetesi.com\/index.php?rest_route=\/wp\/v2\/posts\/17254"}],"collection":[{"href":"https:\/\/akdenizolaygazetesi.com\/index.php?rest_route=\/wp\/v2\/posts"}],"about":[{"href":"https:\/\/akdenizolaygazetesi.com\/index.php?rest_route=\/wp\/v2\/types\/post"}],"author":[{"embeddable":true,"href":"https:\/\/akdenizolaygazetesi.com\/index.php?rest_route=\/wp\/v2\/users\/2"}],"replies":[{"embeddable":true,"href":"https:\/\/akdenizolaygazetesi.com\/index.php?rest_route=%2Fwp%2Fv2%2Fcomments&post=17254"}],"version-history":[{"count":1,"href":"https:\/\/akdenizolaygazetesi.com\/index.php?rest_route=\/wp\/v2\/posts\/17254\/revisions"}],"predecessor-version":[{"id":17256,"href":"https:\/\/akdenizolaygazetesi.com\/index.php?rest_route=\/wp\/v2\/posts\/17254\/revisions\/17256"}],"wp:featuredmedia":[{"embeddable":true,"href":"https:\/\/akdenizolaygazetesi.com\/index.php?rest_route=\/wp\/v2\/media\/17255"}],"wp:attachment":[{"href":"https:\/\/akdenizolaygazetesi.com\/index.php?rest_route=%2Fwp%2Fv2%2Fmedia&parent=17254"}],"wp:term":[{"taxonomy":"category","embeddable":true,"href":"https:\/\/akdenizolaygazetesi.com\/index.php?rest_route=%2Fwp%2Fv2%2Fcategories&post=17254"},{"taxonomy":"post_tag","embeddable":true,"href":"https:\/\/akdenizolaygazetesi.com\/index.php?rest_route=%2Fwp%2Fv2%2Ftags&post=17254"}],"curies":[{"name":"wp","href":"https:\/\/api.w.org\/{rel}","templated":true}]}}