{"id":17259,"date":"2022-03-16T13:11:26","date_gmt":"2022-03-16T10:11:26","guid":{"rendered":"http:\/\/akdenizolaygazetesi.com\/?p=17259"},"modified":"2022-03-16T13:11:26","modified_gmt":"2022-03-16T10:11:26","slug":"yenisehir-emekli-evinde-anadolu-medeniyetine-yon-verenler-soylesisi","status":"publish","type":"post","link":"https:\/\/akdenizolaygazetesi.com\/?p=17259","title":{"rendered":"YEN\u0130\u015eEH\u0130R EMEKL\u0130 EV\u0130&#8217;NDE &#8220;ANADOLU MEDEN\u0130YET\u0130NE Y\u00d6N VERENLER&#8221; S\u00d6YLE\u015e\u0130S\u0130"},"content":{"rendered":"<p>Mersin B\u00fcy\u00fck\u015fehir Belediyesi&#8217;nin ya\u015f alm\u0131\u015f vatanda\u015flar\u0131 misafir etti\u011fi, etkinlikler d\u00fczenleyerek sosyalle\u015fmelerine katk\u0131 sa\u011flad\u0131\u011f\u0131 Yeni\u015fehir Emekli Evi&#8217;nde &#8220;Anadolu Medeniyetine Y\u00f6n Verenler&#8221; isimli s\u00f6yle\u015fi dizisi ba\u015flad\u0131. S\u00f6yle\u015fide anlat\u0131lan ilk isim ise &#8216;Bozk\u0131r\u0131n Tezenesi&#8217; olarak an\u0131lan Ne\u015fet Erta\u015f oldu.<br \/>\n &#8220;Ceketinin d\u00fc\u011fmesini \u00e7\u00f6zmek i\u00e7in seyirciden m\u00fcsaade isteyen bir insand\u0131&#8221;<br \/>\nToros \u00dcniversitesi T\u00fcrk Dili ve Edebiyat\u0131 \u00d6\u011fretim G\u00f6revlisi Nevzat Erol, Protokol Bilgisi ve Sosyal G\u00f6rg\u00fc Kurallar\u0131 konulu k\u0131sa bir sunumun ard\u0131ndan Ne\u015fet Erta\u015f&#8217;\u0131n hayat\u0131n\u0131 ve m\u00fczik ya\u015fant\u0131s\u0131n\u0131 anlatt\u0131. Ne\u015fet Erta\u015f&#8217;\u0131n m\u00fczi\u011fe ba\u015flama ser\u00fcveni ve t\u00fcrk\u00fclerinin \u00e7\u0131k\u0131\u015f noktalar\u0131 hakk\u0131nda bilgi veren Erol, Erta\u015f&#8217;\u0131n m\u00fczikal ya\u015fam\u0131ndaki ba\u015far\u0131s\u0131nda naif ki\u015fili\u011finin de etkisi oldu\u011funu ifade etti.<br \/>\nNe\u015fet Erta\u015f&#8217;\u0131n Devlet Sanat\u00e7\u0131s\u0131 unvan\u0131n\u0131 reddedi\u015fini de anlatan Erol, &#8220;&#8216;Etmem edemem, ben halk\u0131n sanat\u00e7\u0131s\u0131y\u0131m&#8217; diyor ve Ne\u015fet Erta\u015f kabul etmiyor. Bu arada TBMM \u00dcst\u00fcn Hizmet \u00d6d\u00fcl\u00fc&#8217;n\u00fc al\u0131yor. Soruyor, soru\u015fturuyor; &#8216;bunda para var m\u0131?&#8217;. &#8216;Yok&#8217; diyorlar. &#8216;Tamam para yoksa al\u0131r\u0131m&#8217; diyor. UNESCO taraf\u0131ndan verilen Ya\u015fayan \u0130nsan Hazinesi \u00d6d\u00fcl\u00fc&#8217;n\u00fc al\u0131yor. \u0130stanbul Teknik \u00dcniversitesi gibi \u00fcnl\u00fc \u00fcniversitelerden fahri doktora unvan\u0131 al\u0131yor. Bunlar \u00e7ok b\u00fcy\u00fck \u015feyler. Ne\u015fet Erta\u015f konserlerinde bile ceketinin d\u00fc\u011fmesini \u00e7\u00f6zmek i\u00e7in seyirciden m\u00fcsaade isteyecek kadar al\u00e7akg\u00f6n\u00fcll\u00fc ve tevazu sahibi bir insand\u0131&#8221; dedi.<br \/>\nNevzat Erol, bir\u00e7ok insan\u0131n Ne\u015fet Erta\u015f t\u00fcrk\u00fclerinde kendini bulabilece\u011fini s\u00f6yleyerek, &#8220;E\u011fer dinlemediyseniz bo\u015f zaman\u0131n\u0131zda herhangi bir t\u00fcrk\u00fcs\u00fcn\u00fc dinleyin. Mutlaka kendinizi ona yak\u0131n hissedersiniz&#8221; diye konu\u015ftu.<br \/>\n &#8220;Emekli Evi&#8217;nde hem bilgileniyoruz hem de vakit ge\u00e7iriyoruz&#8221;<br \/>\nYoksul Ya\u015fl\u0131lara Yard\u0131m Derne\u011fi Ba\u015fkan\u0131 Rabia I\u015f\u0131k, dernek olarak muhta\u00e7 insanlara yard\u0131m ettiklerini ve geri kalan zamanda da Emekli Evi&#8217;nin etkinliklerine kat\u0131ld\u0131\u011f\u0131n\u0131 s\u00f6yledi. I\u015f\u0131k, &#8220;Emekli Evi&#8217;nde hem bilgileniyoruz hem de vakit ge\u00e7iriyoruz. Bug\u00fcn de b\u00fcy\u00fck sanat\u00e7\u0131 Ne\u015fet Erta\u015f beyefendi ile ilgili Nevzat Erol hocam\u0131zdan bilgiler ald\u0131k. Bilmedi\u011fimizi de \u00f6\u011frenmi\u015f olduk sayelerinde. Devam\u0131n\u0131 diliyorum. Bu sayede bilgilerimizi tazelemi\u015f olduk&#8221; dedi.<br \/>\nS\u00f6yle\u015finin ard\u0131ndan Emekli Evi \u00fcyelerinden Hasan Ero\u011flu ve Abdulkadir Erg\u00fcn, Ne\u015fet Erta\u015f t\u00fcrk\u00fcleri s\u00f6yledi.<\/p>\n","protected":false},"excerpt":{"rendered":"<p>Mersin B\u00fcy\u00fck\u015fehir Belediyesi&#8217;nin ya\u015f alm\u0131\u015f vatanda\u015flar\u0131 misafir etti\u011fi, etkinlikler d\u00fczenleyerek sosyalle\u015fmelerine katk\u0131 sa\u011flad\u0131\u011f\u0131 Yeni\u015fehir Emekli Evi&#8217;nde &#8220;Anadolu Medeniyetine Y\u00f6n Verenler&#8221; isimli s\u00f6yle\u015fi dizisi ba\u015flad\u0131. S\u00f6yle\u015fide anlat\u0131lan ilk isim ise &#8216;Bozk\u0131r\u0131n &hellip; <a href=\"https:\/\/akdenizolaygazetesi.com\/?p=17259\" class=\"more-link\">Devam\u0131n\u0131 Oku&#8230;<\/a><\/p>\n","protected":false},"author":2,"featured_media":17260,"comment_status":"open","ping_status":"open","sticky":false,"template":"","format":"standard","meta":[],"categories":[34,1,3,5],"tags":[],"_links":{"self":[{"href":"https:\/\/akdenizolaygazetesi.com\/index.php?rest_route=\/wp\/v2\/posts\/17259"}],"collection":[{"href":"https:\/\/akdenizolaygazetesi.com\/index.php?rest_route=\/wp\/v2\/posts"}],"about":[{"href":"https:\/\/akdenizolaygazetesi.com\/index.php?rest_route=\/wp\/v2\/types\/post"}],"author":[{"embeddable":true,"href":"https:\/\/akdenizolaygazetesi.com\/index.php?rest_route=\/wp\/v2\/users\/2"}],"replies":[{"embeddable":true,"href":"https:\/\/akdenizolaygazetesi.com\/index.php?rest_route=%2Fwp%2Fv2%2Fcomments&post=17259"}],"version-history":[{"count":1,"href":"https:\/\/akdenizolaygazetesi.com\/index.php?rest_route=\/wp\/v2\/posts\/17259\/revisions"}],"predecessor-version":[{"id":17261,"href":"https:\/\/akdenizolaygazetesi.com\/index.php?rest_route=\/wp\/v2\/posts\/17259\/revisions\/17261"}],"wp:featuredmedia":[{"embeddable":true,"href":"https:\/\/akdenizolaygazetesi.com\/index.php?rest_route=\/wp\/v2\/media\/17260"}],"wp:attachment":[{"href":"https:\/\/akdenizolaygazetesi.com\/index.php?rest_route=%2Fwp%2Fv2%2Fmedia&parent=17259"}],"wp:term":[{"taxonomy":"category","embeddable":true,"href":"https:\/\/akdenizolaygazetesi.com\/index.php?rest_route=%2Fwp%2Fv2%2Fcategories&post=17259"},{"taxonomy":"post_tag","embeddable":true,"href":"https:\/\/akdenizolaygazetesi.com\/index.php?rest_route=%2Fwp%2Fv2%2Ftags&post=17259"}],"curies":[{"name":"wp","href":"https:\/\/api.w.org\/{rel}","templated":true}]}}