{"id":17265,"date":"2022-03-16T13:16:09","date_gmt":"2022-03-16T10:16:09","guid":{"rendered":"http:\/\/akdenizolaygazetesi.com\/?p=17265"},"modified":"2022-03-16T16:15:17","modified_gmt":"2022-03-16T13:15:17","slug":"bakanlik-chpnin-siginmaci-ogrenci-sayisini-yanitladi","status":"publish","type":"post","link":"https:\/\/akdenizolaygazetesi.com\/?p=17265","title":{"rendered":"BAKANLIK CHP\u2019N\u0130N SI\u011eINMACI \u00d6\u011eRENC\u0130 SAYISINI YANITLADI"},"content":{"rendered":"<p>Kamuoyunda s\u0131k\u00e7a tart\u0131\u015fma konusu olan ve iktidarla muhalefet aras\u0131nda da gerginli\u011fe neden olan s\u0131\u011f\u0131nmac\u0131 konusunda yeni bilgiler gelmeye devam ediyor. Cumhurba\u015fkan\u0131 Recep Tayyip Erdo\u011fan d\u00fcn yapt\u0131\u011f\u0131 a\u00e7\u0131klamada Suriyelileri, Irakl\u0131lar\u0131 ve Afganlar\u0131 g\u00f6ndermeyeceklerini a\u00e7\u0131klarken ana muhalefet partisi milletvekilleri ise s\u0131\u011f\u0131nmac\u0131lar\u0131 davulla zurnayla g\u00f6ndereceklerini ifade ettiler.<\/p>\n<p>Ge\u00e7ti\u011fimiz g\u00fcnlerde Milli E\u011fitim Bakan\u0131 Mahmut \u00d6zer&#8217;e bir soru \u00f6nergesi veren Alpay Antmen, T\u00fcrkiye&#8217;deki s\u0131\u011f\u0131nmac\u0131 \u00f6\u011frenci say\u0131s\u0131n\u0131 sormu\u015ftu. CHP&#8217;li Vekilin \u00f6nergesini yan\u0131tlayan Bakan \u00d6zer, 5-17 ya\u015f aral\u0131\u011f\u0131nda 855 bin 136 s\u0131\u011f\u0131nmac\u0131 ve m\u00fclteci \u00f6\u011frencinin kay\u0131tl\u0131 oldu\u011funu belirtti.<\/p>\n<p>\u00d6nerge yan\u0131t\u0131nda 2016 y\u0131l\u0131nda ba\u015flay\u0131p 2019 y\u0131l\u0131nda sona eren Suriyeli \u00c7ocuklar\u0131n T\u00fcrk E\u011fitim Sistemine Entegrasyonunun Desteklenmesi Projesi PIKTES-1&#8217;de 300.000.000 Avro, 2019 y\u0131l\u0131nda ba\u015flayan ve halen devam etmekte olan PIKTES-2 projesinde ise \u015fu ana kadar 215.949.650 avro harcama yap\u0131ld\u0131\u011f\u0131 ifade edildi.<\/p>\n<p>Alpay Antmen yapt\u0131\u011f\u0131 a\u00e7\u0131klamada T\u00fcrkiye&#8217;nin d\u00fcnyan\u0131n en b\u00fcy\u00fck s\u0131\u011f\u0131nmac\u0131 \u00fcss\u00fc yap\u0131ld\u0131\u011f\u0131n\u0131 belirterek &#8220;S\u0131n\u0131rlar\u0131m\u0131zdan kim giriyor kim \u00e7\u0131k\u0131yor belli de\u011fil. Gelen sava\u015ftan m\u0131 ka\u00e7\u0131yor, masum mu, katil mi, ter\u00f6rist mi belli de\u011fil. D\u00fcnyan\u0131n hi\u00e7bir \u00fclkesinin s\u0131n\u0131rlar\u0131 bizimki gibi kevgire d\u00f6nm\u00fc\u015f de\u011fil. AKP iktidar\u0131 T\u00fcrkiye&#8217;nin her yerine dinamit d\u00f6\u015fedi. Tayyip Erdo\u011fan Afganlar\u0131, Suriyelileri g\u00f6ndermeyece\u011fini s\u00f6yl\u00fcyor. Als\u0131n o zaman 1150 odal\u0131 saray\u0131na yerle\u015ftirsin bir k\u0131sm\u0131n\u0131. Kendisi ve ailesi rahat ama vatanda\u015f tedirgin. Biz iktidara geldi\u011fimizde \u00fclkemizdeki s\u0131\u011f\u0131nmac\u0131lar\u0131 bar\u0131\u015f ko\u015fullar\u0131nda, g\u00fcle oynaya \u00fclkelerine u\u011furlayaca\u011f\u0131z&#8221; dedi.<\/p>\n","protected":false},"excerpt":{"rendered":"<p>Kamuoyunda s\u0131k\u00e7a tart\u0131\u015fma konusu olan ve iktidarla muhalefet aras\u0131nda da gerginli\u011fe neden olan s\u0131\u011f\u0131nmac\u0131 konusunda yeni bilgiler gelmeye devam ediyor. Cumhurba\u015fkan\u0131 Recep Tayyip Erdo\u011fan d\u00fcn yapt\u0131\u011f\u0131 a\u00e7\u0131klamada Suriyelileri, Irakl\u0131lar\u0131 ve &hellip; <a href=\"https:\/\/akdenizolaygazetesi.com\/?p=17265\" class=\"more-link\">Devam\u0131n\u0131 Oku&#8230;<\/a><\/p>\n","protected":false},"author":2,"featured_media":17290,"comment_status":"open","ping_status":"open","sticky":false,"template":"","format":"standard","meta":[],"categories":[3,6],"tags":[],"_links":{"self":[{"href":"https:\/\/akdenizolaygazetesi.com\/index.php?rest_route=\/wp\/v2\/posts\/17265"}],"collection":[{"href":"https:\/\/akdenizolaygazetesi.com\/index.php?rest_route=\/wp\/v2\/posts"}],"about":[{"href":"https:\/\/akdenizolaygazetesi.com\/index.php?rest_route=\/wp\/v2\/types\/post"}],"author":[{"embeddable":true,"href":"https:\/\/akdenizolaygazetesi.com\/index.php?rest_route=\/wp\/v2\/users\/2"}],"replies":[{"embeddable":true,"href":"https:\/\/akdenizolaygazetesi.com\/index.php?rest_route=%2Fwp%2Fv2%2Fcomments&post=17265"}],"version-history":[{"count":2,"href":"https:\/\/akdenizolaygazetesi.com\/index.php?rest_route=\/wp\/v2\/posts\/17265\/revisions"}],"predecessor-version":[{"id":17291,"href":"https:\/\/akdenizolaygazetesi.com\/index.php?rest_route=\/wp\/v2\/posts\/17265\/revisions\/17291"}],"wp:featuredmedia":[{"embeddable":true,"href":"https:\/\/akdenizolaygazetesi.com\/index.php?rest_route=\/wp\/v2\/media\/17290"}],"wp:attachment":[{"href":"https:\/\/akdenizolaygazetesi.com\/index.php?rest_route=%2Fwp%2Fv2%2Fmedia&parent=17265"}],"wp:term":[{"taxonomy":"category","embeddable":true,"href":"https:\/\/akdenizolaygazetesi.com\/index.php?rest_route=%2Fwp%2Fv2%2Fcategories&post=17265"},{"taxonomy":"post_tag","embeddable":true,"href":"https:\/\/akdenizolaygazetesi.com\/index.php?rest_route=%2Fwp%2Fv2%2Ftags&post=17265"}],"curies":[{"name":"wp","href":"https:\/\/api.w.org\/{rel}","templated":true}]}}