{"id":17268,"date":"2022-03-16T13:17:41","date_gmt":"2022-03-16T10:17:41","guid":{"rendered":"http:\/\/akdenizolaygazetesi.com\/?p=17268"},"modified":"2022-03-16T13:17:41","modified_gmt":"2022-03-16T10:17:41","slug":"baskan-yilmaz-pandeminin-kahramanlari-saglik-calisanlaridir","status":"publish","type":"post","link":"https:\/\/akdenizolaygazetesi.com\/?p=17268","title":{"rendered":"Ba\u015fkan Y\u0131lmaz: \u201cPandeminin Kahramanlar\u0131 Sa\u011fl\u0131k \u00c7al\u0131\u015fanlar\u0131d\u0131r\u201d"},"content":{"rendered":"<p>Toroslar Belediyesi taraf\u0131ndan Korukent Mahallesi\u2019nde Mersin\u2019e kazand\u0131r\u0131lan \u201cSa\u011fl\u0131k Kahramanlar\u0131 Park\u0131\u2019nda\u201d, koronavir\u00fcs nedeniyle ya\u015fam\u0131n\u0131 yitiren sa\u011fl\u0131k \u00e7al\u0131\u015fanlar\u0131 dualarla an\u0131ld\u0131.<\/p>\n<p>Toroslar Belediye Ba\u015fkan\u0131 Ats\u0131z Af\u015f\u0131n Y\u0131lmaz\u2019\u0131n ge\u00e7ti\u011fimiz y\u0131l 14 Mart T\u0131p Bayram\u0131\u2019nda sa\u011fl\u0131k ordusuna hediye etti\u011fi park; pandeminin ikinci y\u0131l d\u00f6n\u00fcm\u00fcnde duygu dolu anlara sahne oldu.<\/p>\n<p>Ba\u015fkan Y\u0131lmaz, koronavir\u00fcsten hayat\u0131n\u0131 kaybeden 19 sa\u011fl\u0131k \u00e7al\u0131\u015fan\u0131n\u0131n kaidelerinin yer ald\u0131\u011f\u0131 parka 2022 y\u0131l\u0131 itibariyle ya\u015fam\u0131n\u0131 yitiren 6 sa\u011fl\u0131k \u00e7al\u0131\u015fan\u0131n\u0131n daha kaidelerini yerle\u015ftirdiklerini ve b\u00fcy\u00fck \u00fcz\u00fcnt\u00fc i\u00e7erisinde olduklar\u0131n\u0131 da kaydetti.<\/p>\n<p>Bir kad\u0131n ve bir erkek doktorun b\u00fcst\u00fc ile 25 sa\u011fl\u0131k \u00e7al\u0131\u015fan\u0131n\u0131n kaidelerinin yer ald\u0131\u011f\u0131 an\u0131t parkta d\u00fczenlenen anma t\u00f6reninde Ba\u015fkan Y\u0131lmaz; ya\u015fam\u0131n\u0131 yitiren sa\u011fl\u0131k \u00e7al\u0131\u015fanlar\u0131n\u0131n aileleri, doktorlar, hem\u015fireler ve sa\u011fl\u0131k \u00e7al\u0131\u015fanlar\u0131 ile bir araya geldi.<\/p>\n<p>T\u00fcrk Ocaklar\u0131 Mersin \u015eube Ba\u015fkan\u0131 Uzman Dr. \u00dcnal K\u0131l\u0131\u00e7, T\u00fcrk Sa\u011fl\u0131k-Sen Mersin \u015eube Ba\u015fkan\u0131 Ayhan G\u00fcng\u00f6r, Toroslar \u0130l\u00e7e Sa\u011fl\u0131k M\u00fcd\u00fcr\u00fc Dr. Hasan Din\u00e7er, AK Parti Toroslar \u0130l\u00e7e Kad\u0131n Kollar\u0131 Ba\u015fkan\u0131 Dr. Nalan Erden, Belediye Meclis \u00dcyeleri ve mahalle muhtarlar\u0131n\u0131n da kat\u0131ld\u0131\u011f\u0131 program; sayg\u0131 duru\u015fu ve \u0130stiklal Mar\u015f\u0131\u2019n\u0131n okunmas\u0131n\u0131n ard\u0131ndan Kuran-\u0131 Kerim tilaveti ile devam etti.<\/p>\n<p>Ba\u015fkan Y\u0131lmaz, pandemi d\u00f6neminde fedakarca \u00e7al\u0131\u015fan ve bu u\u011furda hayat\u0131n\u0131 kaybeden sa\u011fl\u0131k \u00e7al\u0131\u015fanlar\u0131n\u0131n ailelerine karanfil vererek, ba\u015fsa\u011fl\u0131\u011f\u0131 diledi.<\/p>\n<p>Ba\u015fkan Y\u0131lmaz: \u201cPandeminin Kahramanlar\u0131 Sa\u011fl\u0131k \u00c7al\u0131\u015fanlar\u0131d\u0131r\u201d<\/p>\n<p>\u0130ki y\u0131ld\u0131r t\u00fcm d\u00fcnyay\u0131 etkisi alt\u0131na alan salg\u0131nla m\u00fccadelede bir ve beraber olduklar\u0131n\u0131 belirten Toroslar Belediye Ba\u015fkan\u0131 Ats\u0131z Af\u015f\u0131n Y\u0131lmaz; \u201cBu s\u00fcre\u00e7te sevdiklerimizi kaybettik. Hep beraber m\u00fccadele i\u00e7indeydik. Bu m\u00fccadelenin kahramanlar\u0131, salg\u0131nla m\u00fccadelede en \u00f6n saflarda yer alan sa\u011fl\u0131k \u00e7al\u0131\u015fanlar\u0131d\u0131r\u201d dedi.<\/p>\n<p>Salg\u0131n\u0131n d\u00fcnya genelinde etkili olmaya ba\u015flamas\u0131yla birlikte gerekli planlamalar\u0131n\u0131 yapt\u0131klar\u0131n\u0131 ve adeta il\u00e7ede seferberlik ilan ettiklerini hat\u0131rlatan Ba\u015fkan Y\u0131lmaz; \u201cCovid-19 s\u00fcreci ba\u015flad\u0131\u011f\u0131nda nas\u0131l ilerleyecek ve nas\u0131l tedbirler al\u0131naca\u011f\u0131 konusunda ekibimizle birlikte AR-GE \u00e7al\u0131\u015fmalar\u0131m\u0131z\u0131 yapt\u0131k. \u00d6nceli\u011fimiz halk\u0131m\u0131z\u0131n sa\u011fl\u0131\u011f\u0131 dedik. Belediye olarak kurum i\u00e7inde ve il\u00e7emizin her noktas\u0131nda gerekli \u00f6nlemlerimizi ald\u0131k. Bu s\u00fcre\u00e7te sa\u011fl\u0131k \u00e7al\u0131\u015fanlar\u0131m\u0131z da fedakarca, kahramanca \u00e7al\u0131\u015ft\u0131lar. Sa\u011fl\u0131k \u00e7al\u0131\u015fanlar\u0131m\u0131z aras\u0131nda kay\u0131plar\u0131m\u0131z oldu. Biz onlara sa\u011fl\u0131k kahramanlar\u0131 diyoruz. Sa\u011fl\u0131k kahramanlar\u0131m\u0131za ithafen bu park\u0131m\u0131z\u0131n ad\u0131n\u0131 Sa\u011fl\u0131k Kahramanlar\u0131 Park\u0131 olarak koyduk. Bu park\u0131m\u0131z; milletimizin, devletimizin, toplumumuzun sa\u011fl\u0131k \u00e7al\u0131\u015fanlar\u0131m\u0131za olan minnettarl\u0131\u011f\u0131n\u0131n bir ni\u015fanesi olsun istedik. Ge\u00e7ti\u011fimiz y\u0131l 14 Mart T\u0131p Bayram\u0131\u2019nda bu park\u0131m\u0131z\u0131n a\u00e7\u0131l\u0131\u015f\u0131n\u0131 yaparak sa\u011fl\u0131k ordumuza hediye ettik. Bug\u00fcn de koronavir\u00fcs nedeniyle hayat\u0131n\u0131 kaybeden sa\u011fl\u0131k \u00e7al\u0131\u015fanlar\u0131m\u0131z\u0131n k\u0131ymetli aileleriyle bir araya geldik. Kendilerine, T\u00fcrk milleti ad\u0131na can\u0131 g\u00f6n\u00fclden te\u015fekk\u00fcrlerimizi sunuyoruz. Kendilerinin ac\u0131lar\u0131n\u0131 dindirmek m\u00fcmk\u00fcn de\u011fil ama biz, ortak de\u011ferlerimizle, ac\u0131lar\u0131m\u0131zla, mutluluklar\u0131m\u0131zla ve kahramanlar\u0131m\u0131zla var\u0131z\u201d diye konu\u015ftu.<\/p>\n<p>\u201cSa\u011fl\u0131k \u00c7al\u0131\u015fanlar\u0131m\u0131z\u0131n Her Zaman Yan\u0131nday\u0131z\u201d<\/p>\n<p>\u201cHepimiz biliyoruz ki, kahramanlar sadece hik\u00e2yelerde olmaz. Bizler, sa\u011fl\u0131k \u00e7al\u0131\u015fanlar\u0131m\u0131z\u0131n sab\u0131rla, fedak\u00e2rl\u0131kla verdikleri bu m\u00fccadeleye hep birlikte \u015fahit olduk\u201d diyen Ba\u015fkan Y\u0131lmaz; \u201cKimisi s\u0131n\u0131r boylar\u0131nda n\u00f6bet tutarak, kimisi cephenin en \u00f6n\u00fcnde sava\u015farak, kimisi okulunda \u00f6\u011frencilerine e\u011fitim vererek, kimisi de hastanede, sahada ve \u00f6zellikle Covid-19 s\u00fcrecinde vatanda\u015flar\u0131m\u0131z\u0131n yan\u0131nda olarak kahramanl\u0131k yap\u0131yor. Hayat\u0131n\u0131 kaybeden sa\u011fl\u0131k \u00e7al\u0131\u015fanlar\u0131m\u0131z\u0131 rahmetle an\u0131yor, t\u00fcm sa\u011fl\u0131k \u00e7al\u0131\u015fanlar\u0131m\u0131z\u0131n T\u0131p Bayram\u0131\u2019n\u0131 kutluyorum\u201d ifadelerini kulland\u0131.<\/p>\n<p>Konu\u015fmas\u0131n\u0131n ard\u0131ndan sa\u011fl\u0131k kahramanlar\u0131n\u0131n ailelerine plaket takdim eden Ba\u015fkan Y\u0131lmaz; \u201cBu an\u0131t park, T\u00fcrkiye\u2019nin d\u00f6rt bir yan\u0131nda g\u00f6rev yapan t\u00fcm sa\u011fl\u0131k kahramanlar\u0131n\u0131nd\u0131r\u201d dedi.<\/p>\n","protected":false},"excerpt":{"rendered":"<p>Toroslar Belediyesi taraf\u0131ndan Korukent Mahallesi\u2019nde Mersin\u2019e kazand\u0131r\u0131lan \u201cSa\u011fl\u0131k Kahramanlar\u0131 Park\u0131\u2019nda\u201d, koronavir\u00fcs nedeniyle ya\u015fam\u0131n\u0131 yitiren sa\u011fl\u0131k \u00e7al\u0131\u015fanlar\u0131 dualarla an\u0131ld\u0131. Toroslar Belediye Ba\u015fkan\u0131 Ats\u0131z Af\u015f\u0131n Y\u0131lmaz\u2019\u0131n ge\u00e7ti\u011fimiz y\u0131l 14 Mart T\u0131p Bayram\u0131\u2019nda &hellip; <a href=\"https:\/\/akdenizolaygazetesi.com\/?p=17268\" class=\"more-link\">Devam\u0131n\u0131 Oku&#8230;<\/a><\/p>\n","protected":false},"author":2,"featured_media":17269,"comment_status":"open","ping_status":"open","sticky":false,"template":"","format":"standard","meta":[],"categories":[2,3,9],"tags":[],"_links":{"self":[{"href":"https:\/\/akdenizolaygazetesi.com\/index.php?rest_route=\/wp\/v2\/posts\/17268"}],"collection":[{"href":"https:\/\/akdenizolaygazetesi.com\/index.php?rest_route=\/wp\/v2\/posts"}],"about":[{"href":"https:\/\/akdenizolaygazetesi.com\/index.php?rest_route=\/wp\/v2\/types\/post"}],"author":[{"embeddable":true,"href":"https:\/\/akdenizolaygazetesi.com\/index.php?rest_route=\/wp\/v2\/users\/2"}],"replies":[{"embeddable":true,"href":"https:\/\/akdenizolaygazetesi.com\/index.php?rest_route=%2Fwp%2Fv2%2Fcomments&post=17268"}],"version-history":[{"count":1,"href":"https:\/\/akdenizolaygazetesi.com\/index.php?rest_route=\/wp\/v2\/posts\/17268\/revisions"}],"predecessor-version":[{"id":17270,"href":"https:\/\/akdenizolaygazetesi.com\/index.php?rest_route=\/wp\/v2\/posts\/17268\/revisions\/17270"}],"wp:featuredmedia":[{"embeddable":true,"href":"https:\/\/akdenizolaygazetesi.com\/index.php?rest_route=\/wp\/v2\/media\/17269"}],"wp:attachment":[{"href":"https:\/\/akdenizolaygazetesi.com\/index.php?rest_route=%2Fwp%2Fv2%2Fmedia&parent=17268"}],"wp:term":[{"taxonomy":"category","embeddable":true,"href":"https:\/\/akdenizolaygazetesi.com\/index.php?rest_route=%2Fwp%2Fv2%2Fcategories&post=17268"},{"taxonomy":"post_tag","embeddable":true,"href":"https:\/\/akdenizolaygazetesi.com\/index.php?rest_route=%2Fwp%2Fv2%2Ftags&post=17268"}],"curies":[{"name":"wp","href":"https:\/\/api.w.org\/{rel}","templated":true}]}}