{"id":1727,"date":"2020-11-04T18:22:16","date_gmt":"2020-11-04T15:22:16","guid":{"rendered":"http:\/\/mersinekonomipolitikagazetesi.com\/?p=1727"},"modified":"2020-11-04T18:22:16","modified_gmt":"2020-11-04T15:22:16","slug":"karacaoglan-siir-aksamlari","status":"publish","type":"post","link":"https:\/\/akdenizolaygazetesi.com\/?p=1727","title":{"rendered":"Karacao\u011flan \u015eiir Ak\u015famlar\u0131"},"content":{"rendered":"<p>Tarsus Belediyesi ve Mersin B\u00fcy\u00fck\u015fehir Belediyesi\u2019nin ortakla\u015fa d\u00fczenledi\u011fi 16\u2019nc\u0131 Uluslararas\u0131 Karaco\u011flan \u015eiir Ak\u015famlar\u0131\u2019n\u0131n ilk g\u00fcn\u00fc Tarsus\u2019ta d\u00fczenlendi.<\/p>\n<p><span style=\"font-size:16px;\"><span style=\"font-family: sans-serif; line-height: 20px; text-align: justify; background-color: rgb(242, 244, 245);\">Hava muhalefeti nedeniyle Nikah Salonunda d\u00fczenlenen etkinlikte konu\u015fan Tarsus Belediye Ba\u015fkan\u0131 \u015eevket Can, Karacao\u011flan \u015eiir Ak\u015famlar\u0131\u2019n\u0131n geleneksel hale gelmesinde ve bu y\u0131l a\u00e7\u0131l\u0131\u015f gecesinin Tarsus\u2019ta yap\u0131lmas\u0131nda emekleri olan Mersin B\u00fcy\u00fck\u015fehir Belediye Ba\u015fkan\u0131 Burhanettin Kocamaz\u2019a te\u015fekk\u00fcr etti. Tarsus&#8217;un 10 bin y\u0131ll\u0131k \u00e7ok eski bir kent oldu\u011funu ifade eden Can, &#8220;Ge\u00e7mi\u015fte bir\u00e7ok medeniyetlere be\u015fiklik yapm\u0131\u015ft\u0131r. Yerin alt\u0131ndakiler yerin \u00fcst\u00fcndekiler kadar de\u011ferlidir. Onun fark\u0131nda olarak tarihimize sahip \u00e7\u0131k\u0131yoruz. Karacao\u011flan milli k\u00fclt\u00fcr\u00fcm\u00fcz\u00fcn \u015fekil almas\u0131nda halk k\u00fclt\u00fcr\u00fcn\u00fcn ne kadar \u00f6nemli oldu\u011funu unutulmaz \u015fiirleriyle belle\u011fimize kaz\u0131m\u0131\u015f zengin k\u00fclt\u00fcr\u00fcm\u00fcz i\u00e7eresinde ba\u015fk\u00f6\u015feye oturmay\u0131 hak etmi\u015f bir halk ozan\u0131m\u0131zd\u0131r. G\u00f6\u00e7ebe ya\u015fam\u0131n\u0131n vazge\u00e7ilmez bir par\u00e7as\u0131 olan do\u011fa onun \u015firinin ba\u015fl\u0131ca temalar\u0131ndan iridir. Ya\u015fad\u0131\u011f\u0131 gezip g\u00f6rd\u00fc\u011f\u00fc yerlerin do\u011fas\u0131n\u0131 g\u00f6rkemli bir bi\u00e7imde dile getirir dost karde\u015f bildi\u011fi sevgilisi ile e\u015f g\u00f6rd\u00fc\u011f\u00fc i\u00e7i\u00e7e ya\u015fad\u0131\u011f\u0131 bu do\u011fa onun i\u00e7in sadece bir mekan olmaktan \u00f6tedir. \u015eiirin a\u015fka \u00f6nemli bir temas\u0131 olan, a\u015fk\u0131n var olu\u015fu do\u011fadaki benzetmelerle g\u00fczelle\u015fir. Onunla ya\u015fanan sevin\u00e7 onun getirdi\u011fi ac\u0131 do\u011fa ile payla\u015f\u0131l\u0131r\u201d dedi.\u00a0<\/span><br style=\"box-sizing: border-box; font-family: sans-serif; font-size: 14px; line-height: 20px; text-align: justify; background-color: rgb(242, 244, 245);\" \/><br \/>\n<span style=\"font-family: sans-serif; line-height: 20px; text-align: justify; background-color: rgb(242, 244, 245);\">Mersin B\u00fcy\u00fck\u015fehir Belediye Ba\u015fkan\u0131 Burhanettin Kocamaz ise, \u201cKaracao\u011flan \u015eiir Ak\u015famlar\u0131n\u0131n \u015fairlerimize, ozanlar\u0131m\u0131za, T\u00fcrk Diline, T\u00fcrk D\u00fcnyas\u0131na, T\u00fcrkiye\u2019ye hay\u0131rl\u0131 u\u011furlu olmas\u0131n\u0131 Cenab-\u0131 Allah\u2019tan niyaz ediyorum. \u015eiir dolu bu ak\u015famlarda g\u00f6n\u00fcllerimizin birle\u015fmesini, co\u015fmas\u0131n\u0131, temenni ediyorum\u201d dedi.\u00a0<\/span><br style=\"box-sizing: border-box; font-family: sans-serif; font-size: 14px; line-height: 20px; text-align: justify; background-color: rgb(242, 244, 245);\" \/><br \/>\n<span style=\"font-family: sans-serif; line-height: 20px; text-align: justify; background-color: rgb(242, 244, 245);\">Programda y\u00f6resel \u015fairler ve ozanlar sahne ald\u0131lar, sazlar\u0131yla s\u00f6zleriyle unutulmaz bir ak\u015fam ya\u015fatt\u0131lar.\u00a0<\/span><br style=\"box-sizing: border-box; font-family: sans-serif; font-size: 14px; line-height: 20px; text-align: justify; background-color: rgb(242, 244, 245);\" \/><br \/>\n<span style=\"font-family: sans-serif; line-height: 20px; text-align: justify; background-color: rgb(242, 244, 245);\">Ard\u0131ndan \u015fair ve yazarlara hediyeler takdim edildi. 16\u2019nc\u0131s\u0131 d\u00fczenlenen \u015eelale \u015eiir Ak\u015famlar\u0131 10-11-12 Nisan 2018 tarihlerinde Mersin B\u00fcy\u00fck\u015fehir Belediyesi Kongre ve Sergi Saray\u0131&#8217;nda devam edecek.\u00a0<\/span><\/span><\/p>\n","protected":false},"excerpt":{"rendered":"<p>Tarsus Belediyesi ve Mersin B\u00fcy\u00fck\u015fehir Belediyesi\u2019nin ortakla\u015fa d\u00fczenledi\u011fi 16\u2019nc\u0131 Uluslararas\u0131 Karaco\u011flan \u015eiir Ak\u015famlar\u0131\u2019n\u0131n ilk g\u00fcn\u00fc Tarsus\u2019ta d\u00fczenlendi. Hava muhalefeti nedeniyle Nikah Salonunda d\u00fczenlenen etkinlikte konu\u015fan Tarsus Belediye Ba\u015fkan\u0131 \u015eevket Can, &hellip; <a href=\"https:\/\/akdenizolaygazetesi.com\/?p=1727\" class=\"more-link\">Devam\u0131n\u0131 Oku&#8230;<\/a><\/p>\n","protected":false},"author":1,"featured_media":0,"comment_status":"open","ping_status":"open","sticky":false,"template":"","format":"standard","meta":[],"categories":[],"tags":[],"_links":{"self":[{"href":"https:\/\/akdenizolaygazetesi.com\/index.php?rest_route=\/wp\/v2\/posts\/1727"}],"collection":[{"href":"https:\/\/akdenizolaygazetesi.com\/index.php?rest_route=\/wp\/v2\/posts"}],"about":[{"href":"https:\/\/akdenizolaygazetesi.com\/index.php?rest_route=\/wp\/v2\/types\/post"}],"author":[{"embeddable":true,"href":"https:\/\/akdenizolaygazetesi.com\/index.php?rest_route=\/wp\/v2\/users\/1"}],"replies":[{"embeddable":true,"href":"https:\/\/akdenizolaygazetesi.com\/index.php?rest_route=%2Fwp%2Fv2%2Fcomments&post=1727"}],"version-history":[{"count":0,"href":"https:\/\/akdenizolaygazetesi.com\/index.php?rest_route=\/wp\/v2\/posts\/1727\/revisions"}],"wp:attachment":[{"href":"https:\/\/akdenizolaygazetesi.com\/index.php?rest_route=%2Fwp%2Fv2%2Fmedia&parent=1727"}],"wp:term":[{"taxonomy":"category","embeddable":true,"href":"https:\/\/akdenizolaygazetesi.com\/index.php?rest_route=%2Fwp%2Fv2%2Fcategories&post=1727"},{"taxonomy":"post_tag","embeddable":true,"href":"https:\/\/akdenizolaygazetesi.com\/index.php?rest_route=%2Fwp%2Fv2%2Ftags&post=1727"}],"curies":[{"name":"wp","href":"https:\/\/api.w.org\/{rel}","templated":true}]}}