{"id":17271,"date":"2022-03-16T13:21:08","date_gmt":"2022-03-16T10:21:08","guid":{"rendered":"http:\/\/akdenizolaygazetesi.com\/?p=17271"},"modified":"2022-03-16T13:21:08","modified_gmt":"2022-03-16T10:21:08","slug":"guclu-kadromuzla-hedeflerimize-ulasacagiz","status":"publish","type":"post","link":"https:\/\/akdenizolaygazetesi.com\/?p=17271","title":{"rendered":"G\u00fc\u00e7l\u00fc kadromuzla hedeflerimize ula\u015faca\u011f\u0131z"},"content":{"rendered":"<p>\u00c7ukurova Basketbol Kul\u00fcb\u00fc (\u00c7BK) Mersin Yeni\u015fehir Belediyesi Kul\u00fcp Ba\u015fkan\u0131 Serdar \u00c7evirgen, &#8220;G\u00fc\u00e7l\u00fc kadromuzla hedeflerimize ula\u015faca\u011f\u0131z. Asvel&#8217;i ge\u00e7ip final foura kalacak ve kupay\u0131 Mersin&#8217;e getirece\u011fiz&#8221; dedi. <\/p>\n<p>FIBA Kad\u0131nlar Avrupa Kupas\u0131 (EuroCup Women) \u00e7eyrek final r\u00f6van\u015f\u0131nda yar\u0131n ak\u015fam Frans\u0131z LDLC Asvel Feminin&#8217;i konuk edecek olan \u00c7ukurova Basketbol haz\u0131rl\u0131klar\u0131n\u0131 tamamlay\u0131p ma\u00e7 saatini beklemeye ba\u015flad\u0131. Kar\u015f\u0131la\u015fma \u00f6ncesi bir a\u00e7\u0131klama yapan Kul\u00fcp Ba\u015fkan\u0131 Serdar \u00c7evirgen, &#8220;Sezon \u00f6ncesi 3 kulvarda \u015fampiyonluk hedefledi\u011fimizi dile getirmi\u015ftik. Geldi\u011fimiz noktada Avrupa Kupas\u0131 sadece 3 ma\u00e7 uza\u011f\u0131m\u0131zda. Yar\u0131n oynayaca\u011f\u0131m\u0131z ma\u00e7\u0131 kazanarak ad\u0131m\u0131z\u0131 d\u00f6rtl\u00fc finale yazd\u0131rmak istiyoruz. G\u00fc\u00e7l\u00fc kadromuzla hedeflerimize ula\u015faca\u011f\u0131z. Asvel&#8217;i ge\u00e7ip final foura kalacak ve kupay\u0131 Mersin&#8217;e getirece\u011fiz&#8221; diye konu\u015ftu.<\/p>\n<p>Ge\u00e7ti\u011fimiz hafta Fransa&#8217;daki ma\u00e7ta rakibini 13 say\u0131 farkla 64-77 ma\u011flup eden \u00c7ukurova, r\u00f6van\u015fta 12 say\u0131 farkla ma\u011flup olsa da d\u00f6rtl\u00fc finale y\u00fckselecek. Servet Tazeg\u00fcl Spor Salonu&#8217;nda 19.00&#8217;da ba\u015flayacak ma\u00e7, YouTube\/FIBA \u00fczerinden naklen yay\u0131nlanacak. Trib\u00fcnlere giri\u015flerin \u00fccretsiz oldu\u011fu kar\u015f\u0131la\u015fmaya gelmek isteyen Mersinliler, Forum AVM, SayaPark AVM ve Edip Buran Spor Salonu \u00f6n\u00fcnden 17.30-18.30 saatleri aras\u0131nda kalkacak servislerle salona ula\u015fabilecek.<\/p>\n","protected":false},"excerpt":{"rendered":"<p>\u00c7ukurova Basketbol Kul\u00fcb\u00fc (\u00c7BK) Mersin Yeni\u015fehir Belediyesi Kul\u00fcp Ba\u015fkan\u0131 Serdar \u00c7evirgen, &#8220;G\u00fc\u00e7l\u00fc kadromuzla hedeflerimize ula\u015faca\u011f\u0131z. Asvel&#8217;i ge\u00e7ip final foura kalacak ve kupay\u0131 Mersin&#8217;e getirece\u011fiz&#8221; dedi. FIBA Kad\u0131nlar Avrupa Kupas\u0131 (EuroCup &hellip; <a href=\"https:\/\/akdenizolaygazetesi.com\/?p=17271\" class=\"more-link\">Devam\u0131n\u0131 Oku&#8230;<\/a><\/p>\n","protected":false},"author":2,"featured_media":17272,"comment_status":"open","ping_status":"open","sticky":false,"template":"","format":"standard","meta":[],"categories":[3,10],"tags":[],"_links":{"self":[{"href":"https:\/\/akdenizolaygazetesi.com\/index.php?rest_route=\/wp\/v2\/posts\/17271"}],"collection":[{"href":"https:\/\/akdenizolaygazetesi.com\/index.php?rest_route=\/wp\/v2\/posts"}],"about":[{"href":"https:\/\/akdenizolaygazetesi.com\/index.php?rest_route=\/wp\/v2\/types\/post"}],"author":[{"embeddable":true,"href":"https:\/\/akdenizolaygazetesi.com\/index.php?rest_route=\/wp\/v2\/users\/2"}],"replies":[{"embeddable":true,"href":"https:\/\/akdenizolaygazetesi.com\/index.php?rest_route=%2Fwp%2Fv2%2Fcomments&post=17271"}],"version-history":[{"count":1,"href":"https:\/\/akdenizolaygazetesi.com\/index.php?rest_route=\/wp\/v2\/posts\/17271\/revisions"}],"predecessor-version":[{"id":17273,"href":"https:\/\/akdenizolaygazetesi.com\/index.php?rest_route=\/wp\/v2\/posts\/17271\/revisions\/17273"}],"wp:featuredmedia":[{"embeddable":true,"href":"https:\/\/akdenizolaygazetesi.com\/index.php?rest_route=\/wp\/v2\/media\/17272"}],"wp:attachment":[{"href":"https:\/\/akdenizolaygazetesi.com\/index.php?rest_route=%2Fwp%2Fv2%2Fmedia&parent=17271"}],"wp:term":[{"taxonomy":"category","embeddable":true,"href":"https:\/\/akdenizolaygazetesi.com\/index.php?rest_route=%2Fwp%2Fv2%2Fcategories&post=17271"},{"taxonomy":"post_tag","embeddable":true,"href":"https:\/\/akdenizolaygazetesi.com\/index.php?rest_route=%2Fwp%2Fv2%2Ftags&post=17271"}],"curies":[{"name":"wp","href":"https:\/\/api.w.org\/{rel}","templated":true}]}}