{"id":17277,"date":"2022-03-16T13:25:16","date_gmt":"2022-03-16T10:25:16","guid":{"rendered":"http:\/\/akdenizolaygazetesi.com\/?p=17277"},"modified":"2022-03-16T13:25:16","modified_gmt":"2022-03-16T10:25:16","slug":"akdenizde-ibadethanelere-ozel-bakim","status":"publish","type":"post","link":"https:\/\/akdenizolaygazetesi.com\/?p=17277","title":{"rendered":"AKDEN\u0130Z\u2019DE \u0130BADETHANELERE \u00d6ZEL BAKIM"},"content":{"rendered":"<p>Akdeniz Belediyesi, vatanda\u015flar\u0131n daha nezih bir ortamda ibadetlerini ifa edebilmeleri amac\u0131yla, il\u00e7e s\u0131n\u0131rlar\u0131nda bulunan ibadethanelerde temizlik, hal\u0131 y\u0131kama ve ila\u00e7lama \u00e7al\u0131\u015fmalar\u0131n\u0131 aral\u0131ks\u0131z s\u00fcrd\u00fcr\u00fcyor.<br \/>\nAkdeniz Belediyesi Park ve Bah\u00e7eler M\u00fcd\u00fcrl\u00fc\u011f\u00fc\u2019ne ba\u011fl\u0131 olu\u015fturulan Mobil Dezenfekte Ekibi, belirledi\u011fi plan ve program kapsam\u0131nda, halk\u0131n sa\u011fl\u0131kl\u0131 ve nezih bir ortamda ibadetlerini yerine getirebilmelerini sa\u011flamak amac\u0131yla, il\u00e7e s\u0131n\u0131rlar\u0131nda bulunan camilerde, kilise ve Kur\u2019an kurslar\u0131nda dezenfekte \u00e7al\u0131\u015fmalar\u0131na devam ediyor.<br \/>\nMerkez veya k\u0131rsal mahalle ay\u0131r\u0131m\u0131 yapmadan Akdeniz s\u0131n\u0131rlar\u0131nda el de\u011fmedik cami b\u0131rakmayan mobil ekip, son olarak Hamidiye Mahallesi\u2019nde bulunan M\u00fcft\u00fc Camii\u2019nin \u00f6nce hal\u0131lar\u0131n\u0131 g\u00fc\u00e7l\u00fc makineler yard\u0131m\u0131yla y\u0131kad\u0131, ard\u0131ndan caminin her k\u00f6\u015fesini Koronavir\u00fcs salg\u0131n\u0131na kar\u015f\u0131 ba\u015ftan sona dezenfekte etti.<br \/>\nHalk sa\u011fl\u0131\u011f\u0131n\u0131n korunmas\u0131 ve s\u00fcrd\u00fcr\u00fclmesi noktas\u0131nda kesintisiz hizmet veren mobil ekiplerin, Akdeniz il\u00e7esi s\u0131n\u0131rlar\u0131 i\u00e7erisinde yer alan 114 cami, 2 kilise, ayr\u0131ca mescitler ve Kur\u2019an kurslar\u0131nda, temizlik, hal\u0131 y\u0131kama ile birlikte salg\u0131na kar\u015f\u0131 hijyen \u00e7al\u0131\u015fmalar\u0131 kesintisiz \u015fekilde s\u00fcrecek.<\/p>\n","protected":false},"excerpt":{"rendered":"<p>Akdeniz Belediyesi, vatanda\u015flar\u0131n daha nezih bir ortamda ibadetlerini ifa edebilmeleri amac\u0131yla, il\u00e7e s\u0131n\u0131rlar\u0131nda bulunan ibadethanelerde temizlik, hal\u0131 y\u0131kama ve ila\u00e7lama \u00e7al\u0131\u015fmalar\u0131n\u0131 aral\u0131ks\u0131z s\u00fcrd\u00fcr\u00fcyor. Akdeniz Belediyesi Park ve Bah\u00e7eler M\u00fcd\u00fcrl\u00fc\u011f\u00fc\u2019ne ba\u011fl\u0131 &hellip; <a href=\"https:\/\/akdenizolaygazetesi.com\/?p=17277\" class=\"more-link\">Devam\u0131n\u0131 Oku&#8230;<\/a><\/p>\n","protected":false},"author":2,"featured_media":17278,"comment_status":"open","ping_status":"open","sticky":false,"template":"","format":"standard","meta":[],"categories":[34,1,3,5],"tags":[],"_links":{"self":[{"href":"https:\/\/akdenizolaygazetesi.com\/index.php?rest_route=\/wp\/v2\/posts\/17277"}],"collection":[{"href":"https:\/\/akdenizolaygazetesi.com\/index.php?rest_route=\/wp\/v2\/posts"}],"about":[{"href":"https:\/\/akdenizolaygazetesi.com\/index.php?rest_route=\/wp\/v2\/types\/post"}],"author":[{"embeddable":true,"href":"https:\/\/akdenizolaygazetesi.com\/index.php?rest_route=\/wp\/v2\/users\/2"}],"replies":[{"embeddable":true,"href":"https:\/\/akdenizolaygazetesi.com\/index.php?rest_route=%2Fwp%2Fv2%2Fcomments&post=17277"}],"version-history":[{"count":1,"href":"https:\/\/akdenizolaygazetesi.com\/index.php?rest_route=\/wp\/v2\/posts\/17277\/revisions"}],"predecessor-version":[{"id":17279,"href":"https:\/\/akdenizolaygazetesi.com\/index.php?rest_route=\/wp\/v2\/posts\/17277\/revisions\/17279"}],"wp:featuredmedia":[{"embeddable":true,"href":"https:\/\/akdenizolaygazetesi.com\/index.php?rest_route=\/wp\/v2\/media\/17278"}],"wp:attachment":[{"href":"https:\/\/akdenizolaygazetesi.com\/index.php?rest_route=%2Fwp%2Fv2%2Fmedia&parent=17277"}],"wp:term":[{"taxonomy":"category","embeddable":true,"href":"https:\/\/akdenizolaygazetesi.com\/index.php?rest_route=%2Fwp%2Fv2%2Fcategories&post=17277"},{"taxonomy":"post_tag","embeddable":true,"href":"https:\/\/akdenizolaygazetesi.com\/index.php?rest_route=%2Fwp%2Fv2%2Ftags&post=17277"}],"curies":[{"name":"wp","href":"https:\/\/api.w.org\/{rel}","templated":true}]}}