{"id":1729,"date":"2020-11-04T18:22:16","date_gmt":"2020-11-04T15:22:16","guid":{"rendered":"http:\/\/mersinekonomipolitikagazetesi.com\/?p=1729"},"modified":"2020-11-04T18:22:16","modified_gmt":"2020-11-04T15:22:16","slug":"turk-polis-teskilatinin-173-yildonumu-bozyazida-kutlandi","status":"publish","type":"post","link":"https:\/\/akdenizolaygazetesi.com\/?p=1729","title":{"rendered":"T\u00fcrk Polis Te\u015fkilat\u0131\u2019n\u0131n 173. y\u0131ld\u00f6n\u00fcm\u00fc Bozyaz\u0131&#8217;da kutland\u0131"},"content":{"rendered":"<p>T\u00fcrk Polis Te\u015fkilat\u0131\u2019n\u0131n 173. y\u0131ld\u00f6n\u00fcm\u00fc, Mersin&#8217;in Bozyaz\u0131 il\u00e7esinde t\u00f6renlerle kutland\u0131.<\/p>\n<p><span style=\"font-size:16px;\"><span style=\"font-family: sans-serif; line-height: 20px; text-align: justify; background-color: rgb(242, 244, 245);\">Bozyaz\u0131 15 Temmuz Demokrasi ve Cumhuriyet Meydan\u0131&#8217;nda d\u00fczenlenen t\u00f6rende, Atat\u00fcrk An\u0131t\u0131na \u00e7elenk koyan \u0130l\u00e7e Emniyet M\u00fcd\u00fcr\u00fc Ertu\u011frul Ekici, T\u00fcrk halk\u0131n\u0131n sevgi ve g\u00fcvenini kazanm\u0131\u015f, Atat\u00fcrk ilke ve ink\u0131laplar\u0131n\u0131n ve laik cumhuriyetin teminat\u0131 olan T\u00fcrk Polis Te\u015fkilat\u0131n\u0131n 173. y\u0131l\u0131n\u0131 kutlamaktan b\u00fcy\u00fck gurur ve mutluluk duydu\u011funu s\u00f6yledi.\u00a0<\/span><br style=\"box-sizing: border-box; font-family: sans-serif; font-size: 14px; line-height: 20px; text-align: justify; background-color: rgb(242, 244, 245);\" \/><br \/>\n<span style=\"font-family: sans-serif; line-height: 20px; text-align: justify; background-color: rgb(242, 244, 245);\">Son y\u0131llarda yapt\u0131\u011f\u0131 b\u00fcy\u00fck at\u0131l\u0131mlar sonucu de\u011fi\u015fen d\u00fcnya \u015fartlar\u0131na ve geli\u015fen su\u00e7 \u00e7e\u015fitleriyle m\u00fccadele usul ve esaslar\u0131na uyum sa\u011flamada T\u00fcrk polisinin b\u00fcy\u00fck ba\u015far\u0131lar elde etti\u011fini vurgulayan Ekici, \u201cBunun sonucu olarak da gerek yurt i\u00e7erisinde, gerekse uluslararas\u0131 alanda ba\u015far\u0131l\u0131 bir\u00e7ok operasyona imza atm\u0131\u015f, hatta di\u011fer \u00fclke polis te\u015fkilatlar\u0131nca da bilgi ve tecr\u00fcbesine ba\u015fvurulur hale gelmi\u015ftir. \u00dclkemizde, huzur ve g\u00fcvenin sa\u011flanmas\u0131nda kazan\u0131lan \u00fcst\u00fcn ba\u015far\u0131, milletimizin polisine olan hakl\u0131 g\u00fcvenini ve manevi deste\u011fini bir kat daha artt\u0131rm\u0131\u015ft\u0131r. Ancak, te\u015fkilat\u0131m\u0131z\u0131n elde etti\u011fi ba\u015far\u0131dan rahats\u0131z olan baz\u0131 karanl\u0131k g\u00fc\u00e7 ve \u00e7evreler olabilir. Bunlar\u0131n te\u015fkilat\u0131m\u0131z\u0131 y\u0131pratmak i\u00e7in fiziki sald\u0131r\u0131lar\u0131 ve de\u011fi\u015fik psikolojik y\u00f6ntemleri bizleri yolumuzdan al\u0131koyamaz. Bu vesile ile \u015fehitlerimizi rahmetle, gazilerimizi \u015f\u00fckranla an\u0131yorum\u201d ifadelerini kulland\u0131.\u00a0<\/span><br style=\"box-sizing: border-box; font-family: sans-serif; font-size: 14px; line-height: 20px; text-align: justify; background-color: rgb(242, 244, 245);\" \/><br \/>\n<span style=\"font-family: sans-serif; line-height: 20px; text-align: justify; background-color: rgb(242, 244, 245);\">Konu\u015fman\u0131n ard\u0131ndan Bozyaz\u0131 Kaymakam Vekili Mehmet Kurdo\u011flu , g\u00fcn\u00fcn an\u0131s\u0131na polislerle toplu resim \u00e7ektirdi.\u00a0<\/span><\/span><\/p>\n","protected":false},"excerpt":{"rendered":"<p>T\u00fcrk Polis Te\u015fkilat\u0131\u2019n\u0131n 173. y\u0131ld\u00f6n\u00fcm\u00fc, Mersin&#8217;in Bozyaz\u0131 il\u00e7esinde t\u00f6renlerle kutland\u0131. Bozyaz\u0131 15 Temmuz Demokrasi ve Cumhuriyet Meydan\u0131&#8217;nda d\u00fczenlenen t\u00f6rende, Atat\u00fcrk An\u0131t\u0131na \u00e7elenk koyan \u0130l\u00e7e Emniyet M\u00fcd\u00fcr\u00fc Ertu\u011frul Ekici, T\u00fcrk halk\u0131n\u0131n &hellip; <a href=\"https:\/\/akdenizolaygazetesi.com\/?p=1729\" class=\"more-link\">Devam\u0131n\u0131 Oku&#8230;<\/a><\/p>\n","protected":false},"author":1,"featured_media":0,"comment_status":"open","ping_status":"open","sticky":false,"template":"","format":"standard","meta":[],"categories":[],"tags":[],"_links":{"self":[{"href":"https:\/\/akdenizolaygazetesi.com\/index.php?rest_route=\/wp\/v2\/posts\/1729"}],"collection":[{"href":"https:\/\/akdenizolaygazetesi.com\/index.php?rest_route=\/wp\/v2\/posts"}],"about":[{"href":"https:\/\/akdenizolaygazetesi.com\/index.php?rest_route=\/wp\/v2\/types\/post"}],"author":[{"embeddable":true,"href":"https:\/\/akdenizolaygazetesi.com\/index.php?rest_route=\/wp\/v2\/users\/1"}],"replies":[{"embeddable":true,"href":"https:\/\/akdenizolaygazetesi.com\/index.php?rest_route=%2Fwp%2Fv2%2Fcomments&post=1729"}],"version-history":[{"count":0,"href":"https:\/\/akdenizolaygazetesi.com\/index.php?rest_route=\/wp\/v2\/posts\/1729\/revisions"}],"wp:attachment":[{"href":"https:\/\/akdenizolaygazetesi.com\/index.php?rest_route=%2Fwp%2Fv2%2Fmedia&parent=1729"}],"wp:term":[{"taxonomy":"category","embeddable":true,"href":"https:\/\/akdenizolaygazetesi.com\/index.php?rest_route=%2Fwp%2Fv2%2Fcategories&post=1729"},{"taxonomy":"post_tag","embeddable":true,"href":"https:\/\/akdenizolaygazetesi.com\/index.php?rest_route=%2Fwp%2Fv2%2Ftags&post=1729"}],"curies":[{"name":"wp","href":"https:\/\/api.w.org\/{rel}","templated":true}]}}