{"id":17295,"date":"2022-03-17T12:45:06","date_gmt":"2022-03-17T09:45:06","guid":{"rendered":"http:\/\/akdenizolaygazetesi.com\/?p=17295"},"modified":"2022-03-17T12:45:06","modified_gmt":"2022-03-17T09:45:06","slug":"vali-su-kahraman-gazilerimizi-ve-aziz-sehitlerimizi-asla-unutmayacagiz-ve-unutturmayacagiz","status":"publish","type":"post","link":"https:\/\/akdenizolaygazetesi.com\/?p=17295","title":{"rendered":"Vali Su, \u201cKahraman Gazilerimizi ve Aziz \u015eehitlerimizi Asla Unutmayaca\u011f\u0131z ve Unutturmayaca\u011f\u0131z\u201d"},"content":{"rendered":"<p>Cumhurba\u015fkan\u0131m\u0131z Say\u0131n Recep Tayyip Erdo\u011fan\u2019\u0131n karar\u0131 ve tevcihi ile yurt i\u00e7inde ve d\u0131\u015f\u0131nda g\u00f6sterdi\u011fi sorumluluk ve g\u00f6rev anlay\u0131\u015f\u0131 i\u00e7inde feragat ve fedak\u00e2rl\u0131k, ba\u015far\u0131 ve yararl\u0131l\u0131k dolu \u00e7al\u0131\u015fmalar\u0131yla T\u00fcrkiye Cumhuriyeti ve T\u00fcrk Milleti ad\u0131na hakl\u0131 gurur kayna\u011f\u0131 te\u015fkil ederek gazi olanlara ve \u015fehit olan ki\u015filerin kanuni miras\u00e7\u0131lar\u0131na Devlet \u00d6v\u00fcn\u00e7 Madalyalar\u0131 ve Berat\u0131 81 il ile e\u015f zamanl\u0131 olarak ilimizde Vali Ali \u0130hsan Su taraf\u0131ndan tevdi edildi.<\/p>\n<p>Sayg\u0131 duru\u015fu ve \u0130stikl\u00e2l Mar\u015f\u0131 ile ba\u015flayan program, \u015fehit ve gazilerimizin \u00f6zge\u00e7mi\u015flerinin okunmas\u0131yla devam etti.<\/p>\n<p>Programda yapt\u0131\u011f\u0131 konu\u015fmas\u0131nda tarihten g\u00fcn\u00fcm\u00fcze y\u00fcce milletimizin her zaman h\u00fcr ve ba\u011f\u0131ms\u0131z ya\u015fad\u0131\u011f\u0131n\u0131 vurgulayan Vali Ali \u0130hsan Su, kahraman gazilerimiz ve aziz \u015fehitlerimizin kanlar\u0131 ve canlar\u0131yla bu vatan\u0131 bize emanet ettiklerini ifade etti.<\/p>\n<p>Vali Su, \u201cKahraman Gazilerimizi ve Aziz \u015eehitlerimizi Asla Unutmayaca\u011f\u0131z ve Unutturmayaca\u011f\u0131z\u201d<\/p>\n<p>\u00dclkemizde huzur i\u00e7inde ya\u015famam\u0131z\u0131 \u015fehit ve gazilerimize bor\u00e7lu oldu\u011fumuzu ifade eden Vali Su, \u201cBu y\u00fczden kahraman gazilerimizi ve aziz \u015fehitlerimizi asla unutmayaca\u011f\u0131z ve unutturmayaca\u011f\u0131z\u201d dedi. \u015eehitlerimizin k\u0131ymetli aileleri ve gazilerimizin her zaman \u2018vatan sa\u011f olsun\u2019 diyerek g\u00f6sterdikleri metanetin takdire \u015fayan oldu\u011funu belirten Vali Ali \u0130hsan Su, \u015fehitlerimizin k\u0131ymetli aileleri ile gazilerimizin her zaman yan\u0131nda olduklar\u0131n\u0131, bundan sonra da olmaya devam edeceklerinin alt\u0131n\u0131 \u00e7izdi.<\/p>\n<p>Konu\u015fmas\u0131n\u0131n devam\u0131nda Vali Su, \u201c\u015eehitlerimiz art\u0131k bu milletin evlad\u0131, onlar\u0131n aileleri de gazilerimiz de hepimizin karde\u015fi, hepimizin akrabalar\u0131 ve bizlere emanettir. Aziz \u015fehitlerimizin ve kahraman gazilerimizin bize b\u0131rakt\u0131klar\u0131 bu kutsal vatan\u0131m\u0131za onlardan ald\u0131\u011f\u0131m\u0131z ilham ve g\u00fc\u00e7le sahip \u00e7\u0131kmaya devam edece\u011fiz. Vatan\u0131m\u0131z\u0131, milletimizi, \u00fclkemizi \u00e7a\u011fda\u015f uygarl\u0131k seviyesinin \u00fcst\u00fcne \u00e7\u0131karmak i\u00e7in var g\u00fcc\u00fcm\u00fczle \u00e7al\u0131\u015fmaya devam edece\u011fiz. Bu duygularla ba\u015fta Gazi Mustafa Kemal Atat\u00fcrk olmak \u00fczere ebediyete intikal etmi\u015f t\u00fcm \u015fehitlerimizi rahmetle, gazilerimizi minnet ve \u015f\u00fckranla an\u0131yorum.\u201d dedi.<\/p>\n<p>Program; \u015fehit yak\u0131nlar\u0131m\u0131z, gazilerimiz ve gazi yak\u0131nlar\u0131m\u0131z\u0131n Cumhurba\u015fkan\u0131m\u0131z Say\u0131n Recep Tayyip Erdo\u011fan taraf\u0131ndan tevcih olunan Devlet \u00d6v\u00fcn\u00e7 Madalya ve Berat\u0131n\u0131 Vali Su\u2019nun elinden almalar\u0131 ve g\u00fcn\u00fcn an\u0131s\u0131na foto\u011fraf \u00e7ekilmesi ile sona erdi.<\/p>\n<p>K\u00fclt\u00fcr Merkezi\u2019nde d\u00fczenlenen ve \u015fehitlerimizin yak\u0131nlar\u0131, gazilerimiz ve ailelerinin onur konu\u011fu olarak yer ald\u0131\u011f\u0131 t\u00f6rene; Vali Ali \u0130hsan Su ve Zeliha Su Han\u0131mefendinin yan\u0131 s\u0131ra; Akdeniz B\u00f6lge ve Garnizon Komutan\u0131 Tu\u011famiral Fuat Gedik ve e\u015fi Oya Gedik, B\u00fcy\u00fck\u015fehir Belediye Ba\u015fkan\u0131 Vahap Se\u00e7er, Cumhuriyet Ba\u015fsavc\u0131s\u0131 Tolgahan \u00d6ztoprak, il protokol\u00fc \u00fcyeleri ile davetliler kat\u0131ld\u0131. <\/p>\n","protected":false},"excerpt":{"rendered":"<p>Cumhurba\u015fkan\u0131m\u0131z Say\u0131n Recep Tayyip Erdo\u011fan\u2019\u0131n karar\u0131 ve tevcihi ile yurt i\u00e7inde ve d\u0131\u015f\u0131nda g\u00f6sterdi\u011fi sorumluluk ve g\u00f6rev anlay\u0131\u015f\u0131 i\u00e7inde feragat ve fedak\u00e2rl\u0131k, ba\u015far\u0131 ve yararl\u0131l\u0131k dolu \u00e7al\u0131\u015fmalar\u0131yla T\u00fcrkiye Cumhuriyeti ve &hellip; <a href=\"https:\/\/akdenizolaygazetesi.com\/?p=17295\" class=\"more-link\">Devam\u0131n\u0131 Oku&#8230;<\/a><\/p>\n","protected":false},"author":2,"featured_media":17296,"comment_status":"open","ping_status":"open","sticky":false,"template":"","format":"standard","meta":[],"categories":[1,2,3],"tags":[],"_links":{"self":[{"href":"https:\/\/akdenizolaygazetesi.com\/index.php?rest_route=\/wp\/v2\/posts\/17295"}],"collection":[{"href":"https:\/\/akdenizolaygazetesi.com\/index.php?rest_route=\/wp\/v2\/posts"}],"about":[{"href":"https:\/\/akdenizolaygazetesi.com\/index.php?rest_route=\/wp\/v2\/types\/post"}],"author":[{"embeddable":true,"href":"https:\/\/akdenizolaygazetesi.com\/index.php?rest_route=\/wp\/v2\/users\/2"}],"replies":[{"embeddable":true,"href":"https:\/\/akdenizolaygazetesi.com\/index.php?rest_route=%2Fwp%2Fv2%2Fcomments&post=17295"}],"version-history":[{"count":1,"href":"https:\/\/akdenizolaygazetesi.com\/index.php?rest_route=\/wp\/v2\/posts\/17295\/revisions"}],"predecessor-version":[{"id":17297,"href":"https:\/\/akdenizolaygazetesi.com\/index.php?rest_route=\/wp\/v2\/posts\/17295\/revisions\/17297"}],"wp:featuredmedia":[{"embeddable":true,"href":"https:\/\/akdenizolaygazetesi.com\/index.php?rest_route=\/wp\/v2\/media\/17296"}],"wp:attachment":[{"href":"https:\/\/akdenizolaygazetesi.com\/index.php?rest_route=%2Fwp%2Fv2%2Fmedia&parent=17295"}],"wp:term":[{"taxonomy":"category","embeddable":true,"href":"https:\/\/akdenizolaygazetesi.com\/index.php?rest_route=%2Fwp%2Fv2%2Fcategories&post=17295"},{"taxonomy":"post_tag","embeddable":true,"href":"https:\/\/akdenizolaygazetesi.com\/index.php?rest_route=%2Fwp%2Fv2%2Ftags&post=17295"}],"curies":[{"name":"wp","href":"https:\/\/api.w.org\/{rel}","templated":true}]}}