{"id":17298,"date":"2022-03-17T12:46:42","date_gmt":"2022-03-17T09:46:42","guid":{"rendered":"http:\/\/akdenizolaygazetesi.com\/?p=17298"},"modified":"2022-03-17T12:46:42","modified_gmt":"2022-03-17T09:46:42","slug":"vatandaslar-su-gunu-etkinliklerinde-hem-eglenceye-hem-bilgiye-doyacak","status":"publish","type":"post","link":"https:\/\/akdenizolaygazetesi.com\/?p=17298","title":{"rendered":"VATANDA\u015eLAR, SU G\u00dcN\u00dc ETK\u0130NL\u0130KLER\u0130NDE HEM E\u011eLENCEYE HEM B\u0130LG\u0130YE DOYACAK"},"content":{"rendered":"<p>Mersin B\u00fcy\u00fck\u015fehir Belediyesi Mersin Su ve Kanalizasyon \u0130daresi (MESK\u0130) Genel M\u00fcd\u00fcrl\u00fc\u011f\u00fc, &#8220;22 Mart D\u00fcnya Su G\u00fcn\u00fc&#8221;n\u00fc 19 Mart Cumartesi g\u00fcn\u00fc Marina AVM&#8217;de, 20 Mart Pazar g\u00fcn\u00fc ise Forum AVM&#8217;de 13.00-19.00 saatleri aras\u0131nda co\u015fkulu bir \u015fekilde kutlayacak. MESK\u0130, bir dizi etkinli\u011fin ger\u00e7ekle\u015fece\u011fi kutlamalara t\u00fcm vatanda\u015flar\u0131 davet ediyor.<\/p>\n<p>Etkinliklere kat\u0131lan vatanda\u015flar e\u011flenceli dakikalar ya\u015fayacak<\/p>\n<p>MESK\u0130 Genel M\u00fcd\u00fcrl\u00fc\u011f\u00fc&#8217;n\u00fcn &#8220;22 Mart D\u00fcnya Su G\u00fcn\u00fc&#8221; kapsam\u0131nda ba\u015flatt\u0131\u011f\u0131 e\u011fitim ve etkinlikler, &#8216;Su K\u00fc\u00e7\u00fc\u011f\u00fcn, S\u00f6z B\u00fcy\u00fc\u011f\u00fcn&#8217; temas\u0131yla Mersinliler ile ger\u00e7ekle\u015ftirilecek kutlamalarla ta\u00e7lanacak. \u0130ki g\u00fcn s\u00fcrecek olan etkinlikler, Mersin B\u00fcy\u00fck\u015fehir Belediyesi&#8217;nin &#8216;Bando&#8217; g\u00f6sterisiyle ba\u015flayacak. Kurulan \u00c7ocuk Platformu&#8217;nda, &#8216;7&#8217;den 77&#8217;ye Su Tasarrufu&#8217; ile ilgili bir sunum yap\u0131larak, k\u00fc\u00e7\u00fckten b\u00fcy\u00fc\u011fe herkese su tasarrufu ve \u00e7evre bilinciyle ilgili bilgiler verilecek.<br \/>\n&#8216;Masalc\u0131 Abla&#8217; etkinli\u011finde ise \u00e7ocuklara y\u00f6nelik masal anlat\u0131m\u0131 ile drama yap\u0131lacak. E\u011flenceli aktivitelere h\u0131z kesmeden devam eden MESK\u0130, \u00e7ocuklara y\u00f6nelik yap\u0131lan &#8216;\u00c7ocuk \u015eark\u0131lar\u0131yla Zumba&#8217; etkinli\u011fi ile \u00e7ocuklara ve ailelerine e\u011flenceli dakikalar ya\u015fatacak.<\/p>\n<p>Mersin&#8217;in tan\u0131t\u0131m\u0131ndan suyla ilgili deneylere kadar bir\u00e7ok etkinlik yap\u0131lacak<\/p>\n<p>Etkinlik alan\u0131nda yer alan MESK\u0130 stand\u0131nda su tasarrufu bilgilendirmesi, VR g\u00f6zl\u00fck ve TV ile Mersin tan\u0131t\u0131m\u0131, y\u00fcz boyama gibi etkinliklerin yan\u0131 s\u0131ra Gezici Su Analiz Laboratuvar\u0131 Arac\u0131 ile su deneyleri yap\u0131lacak.<br \/>\n&#8216;Nebii \u015eengezer ile Mini Konser&#8217; b\u00f6l\u00fcm\u00fcnde, birbirinden g\u00fczel \u015fark\u0131lar\u0131n yan\u0131 s\u0131ra s\u00f6z\u00fc ve bestesi MESK\u0130 personeli \u015eengezer&#8217;e ait olan &#8216;O&#8217;nun Ad\u0131 MESK\u0130&#8217; isimli \u015fark\u0131y\u0131 da dinleyecek olan kat\u0131l\u0131mc\u0131lar, keyifli bir g\u00fcn ge\u00e7irecek. Daha sonra t\u00fcm kat\u0131l\u0131mc\u0131lara y\u00f6nelik yap\u0131lacak &#8216;zumba&#8217; etkinli\u011fiyle vatanda\u015flar, hem sa\u011fl\u0131\u011fa hem de dansa doyacak. &#8216;T\u00fcrkiye Capoeira Camara ile Capoeira Show&#8217; b\u00f6l\u00fcm\u00fcnde kat\u0131l\u0131mc\u0131larla e\u011flenceli ve hareketli bir \u015fov ger\u00e7ekle\u015ftirilecek. Etkinliklerde son olarak Kent Orkestras\u0131 bir konser verecek.<\/p>\n","protected":false},"excerpt":{"rendered":"<p>Mersin B\u00fcy\u00fck\u015fehir Belediyesi Mersin Su ve Kanalizasyon \u0130daresi (MESK\u0130) Genel M\u00fcd\u00fcrl\u00fc\u011f\u00fc, &#8220;22 Mart D\u00fcnya Su G\u00fcn\u00fc&#8221;n\u00fc 19 Mart Cumartesi g\u00fcn\u00fc Marina AVM&#8217;de, 20 Mart Pazar g\u00fcn\u00fc ise Forum AVM&#8217;de 13.00-19.00 &hellip; <a href=\"https:\/\/akdenizolaygazetesi.com\/?p=17298\" class=\"more-link\">Devam\u0131n\u0131 Oku&#8230;<\/a><\/p>\n","protected":false},"author":2,"featured_media":17299,"comment_status":"open","ping_status":"open","sticky":false,"template":"","format":"standard","meta":[],"categories":[1,2,3],"tags":[],"_links":{"self":[{"href":"https:\/\/akdenizolaygazetesi.com\/index.php?rest_route=\/wp\/v2\/posts\/17298"}],"collection":[{"href":"https:\/\/akdenizolaygazetesi.com\/index.php?rest_route=\/wp\/v2\/posts"}],"about":[{"href":"https:\/\/akdenizolaygazetesi.com\/index.php?rest_route=\/wp\/v2\/types\/post"}],"author":[{"embeddable":true,"href":"https:\/\/akdenizolaygazetesi.com\/index.php?rest_route=\/wp\/v2\/users\/2"}],"replies":[{"embeddable":true,"href":"https:\/\/akdenizolaygazetesi.com\/index.php?rest_route=%2Fwp%2Fv2%2Fcomments&post=17298"}],"version-history":[{"count":1,"href":"https:\/\/akdenizolaygazetesi.com\/index.php?rest_route=\/wp\/v2\/posts\/17298\/revisions"}],"predecessor-version":[{"id":17300,"href":"https:\/\/akdenizolaygazetesi.com\/index.php?rest_route=\/wp\/v2\/posts\/17298\/revisions\/17300"}],"wp:featuredmedia":[{"embeddable":true,"href":"https:\/\/akdenizolaygazetesi.com\/index.php?rest_route=\/wp\/v2\/media\/17299"}],"wp:attachment":[{"href":"https:\/\/akdenizolaygazetesi.com\/index.php?rest_route=%2Fwp%2Fv2%2Fmedia&parent=17298"}],"wp:term":[{"taxonomy":"category","embeddable":true,"href":"https:\/\/akdenizolaygazetesi.com\/index.php?rest_route=%2Fwp%2Fv2%2Fcategories&post=17298"},{"taxonomy":"post_tag","embeddable":true,"href":"https:\/\/akdenizolaygazetesi.com\/index.php?rest_route=%2Fwp%2Fv2%2Ftags&post=17298"}],"curies":[{"name":"wp","href":"https:\/\/api.w.org\/{rel}","templated":true}]}}