{"id":17301,"date":"2022-03-17T12:48:20","date_gmt":"2022-03-17T09:48:20","guid":{"rendered":"http:\/\/akdenizolaygazetesi.com\/?p=17301"},"modified":"2022-03-17T12:48:20","modified_gmt":"2022-03-17T09:48:20","slug":"kariyer-merkezi-bolgesel-fuarda-universitelilerle-bulustu","status":"publish","type":"post","link":"https:\/\/akdenizolaygazetesi.com\/?p=17301","title":{"rendered":"KAR\u0130YER MERKEZ\u0130, B\u00d6LGESEL FUARDA \u00dcN\u0130VERS\u0130TEL\u0130LERLE BULU\u015eTU"},"content":{"rendered":"<p>Cumhurba\u015fkanl\u0131\u011f\u0131 \u0130nsan Kaynaklar\u0131 Ofisi&#8217;nin koordinasyonunda ve \u00c7ukurova \u00dcniversitesi&#8217;nin ev sahipli\u011finde 14-15 Mart&#8217;ta Do\u011fu Akdeniz B\u00f6lgesi Kariyer Fuar\u0131 ger\u00e7ekle\u015ftirildi. Do\u011fu Akdeniz B\u00f6lgesi&#8217;nde yer alan 9 \u00fcniversitenin i\u015f birli\u011finde d\u00fczenlenen fuarda stant a\u00e7an Mersin B\u00fcy\u00fck\u015fehir Belediyesi Kariyer Merkezi, \u00fcniversitelilerden ve mezunlardan b\u00fcy\u00fck ilgi g\u00f6rd\u00fc.<br \/>\nFuara 2 g\u00fcnde 15 binden fazla \u00f6\u011frenci kat\u0131ld\u0131<br \/>\n\u00c7ukurova \u00dcniversitesi Kongre Merkezi&#8217;nde d\u00fczenlenen fuarda, 120 \u00f6zel sekt\u00f6r firmas\u0131, 40 kamu ve sivil toplum kurulu\u015fu olmak \u00fczere toplam 160 stant a\u00e7\u0131l\u0131rken; 75 at\u00f6lye ve s\u00f6yle\u015fi, 25 seminer, 10 panel ve konferans ile 30 etkinlik ger\u00e7ekle\u015ftirildi. Fuara 2 g\u00fcnde toplam 15 binden fazla \u00f6\u011frenci kat\u0131l\u0131m sa\u011flad\u0131.<br \/>\nB\u00fcy\u00fck\u015fehir Belediye Ba\u015fkan\u0131 Vahap Se\u00e7er&#8217;in vizyon projeleri aras\u0131nda yer alan Kariyer Merkezi; i\u015f arayanlara, \u00f6\u011frencilere ve i\u015fverenlere y\u00f6nelik ba\u015far\u0131l\u0131 projelerini Do\u011fu Akdeniz B\u00f6lgesel Kariyer Fuar\u0131&#8217;nda tan\u0131tma f\u0131rsat\u0131 buldu. Fuarda; Kariyer Merkezi taraf\u0131ndan hayata ge\u00e7irilen Rehberlik Hizmeti, Yetenek D\u00f6n\u00fc\u015f\u00fcm Projesi, Kariyer Mersin Projesi, \u0130\u015f Arama Dan\u0131\u015fmanl\u0131\u011f\u0131, Ki\u015filik Envanteri, Staj \u0130mk\u00e2nlar\u0131 ve part time \u00e7al\u0131\u015fma olanaklar\u0131 gibi bir\u00e7ok proje \u00fcniversitelilere ve yeni mezunlara anlat\u0131ld\u0131.<br \/>\nKariyer Merkezi&#8217;nin vizyonu Mersin s\u0131n\u0131rlar\u0131n\u0131 a\u015ft\u0131<br \/>\nB\u00fcy\u00fck\u015fehir Belediyesi Kariyer Merkezi M\u00fcd\u00fcr\u00fc Serkan \u00d6zada, 2019 d\u00f6neminin sonunda Mersin B\u00fcy\u00fck\u015fehir Belediyesi olarak Kariyer Merkezi hizmetini sunmaya ba\u015flad\u0131klar\u0131n\u0131 anlatarak, pandemi s\u00fcrecine ra\u011fmen Kariyer Merkezi olarak i\u015f arayanlara, \u00f6\u011frencilere ve i\u015fverenlere y\u00f6nelik ba\u015far\u0131l\u0131 bir\u00e7ok projeyi hayata ge\u00e7irdiklerini vurgulad\u0131. \u00d6zada, Kariyer Merkezi&#8217;nin \u00f6\u011frenciler, yeni mezunlar ve i\u015fverenler taraf\u0131ndan ilgiyle kar\u015f\u0131land\u0131\u011f\u0131n\u0131 aktar\u0131rken, bu t\u00fcr fuarlarla ger\u00e7ekle\u015ftirilen projelerin Mersin s\u0131n\u0131rlar\u0131 d\u0131\u015f\u0131nda tan\u0131t\u0131lmas\u0131n\u0131n \u00f6nemine de\u011findi.<br \/>\nFuarda B\u00fcy\u00fck\u015fehir Belediyesi Sosyal Hizmetler Dairesi de 1 Ekmek 1 \u00c7orba arac\u0131 ile yer ald\u0131. \u00c7ukurova \u00dcniversitesi&#8217;nde hizmet sunan ara\u00e7, \u00fcniversitelilerden yo\u011fun ilgi g\u00f6rd\u00fc.<\/p>\n","protected":false},"excerpt":{"rendered":"<p>Cumhurba\u015fkanl\u0131\u011f\u0131 \u0130nsan Kaynaklar\u0131 Ofisi&#8217;nin koordinasyonunda ve \u00c7ukurova \u00dcniversitesi&#8217;nin ev sahipli\u011finde 14-15 Mart&#8217;ta Do\u011fu Akdeniz B\u00f6lgesi Kariyer Fuar\u0131 ger\u00e7ekle\u015ftirildi. Do\u011fu Akdeniz B\u00f6lgesi&#8217;nde yer alan 9 \u00fcniversitenin i\u015f birli\u011finde d\u00fczenlenen fuarda stant &hellip; <a href=\"https:\/\/akdenizolaygazetesi.com\/?p=17301\" class=\"more-link\">Devam\u0131n\u0131 Oku&#8230;<\/a><\/p>\n","protected":false},"author":2,"featured_media":17302,"comment_status":"open","ping_status":"open","sticky":false,"template":"","format":"standard","meta":[],"categories":[34,2,3,5],"tags":[],"_links":{"self":[{"href":"https:\/\/akdenizolaygazetesi.com\/index.php?rest_route=\/wp\/v2\/posts\/17301"}],"collection":[{"href":"https:\/\/akdenizolaygazetesi.com\/index.php?rest_route=\/wp\/v2\/posts"}],"about":[{"href":"https:\/\/akdenizolaygazetesi.com\/index.php?rest_route=\/wp\/v2\/types\/post"}],"author":[{"embeddable":true,"href":"https:\/\/akdenizolaygazetesi.com\/index.php?rest_route=\/wp\/v2\/users\/2"}],"replies":[{"embeddable":true,"href":"https:\/\/akdenizolaygazetesi.com\/index.php?rest_route=%2Fwp%2Fv2%2Fcomments&post=17301"}],"version-history":[{"count":1,"href":"https:\/\/akdenizolaygazetesi.com\/index.php?rest_route=\/wp\/v2\/posts\/17301\/revisions"}],"predecessor-version":[{"id":17303,"href":"https:\/\/akdenizolaygazetesi.com\/index.php?rest_route=\/wp\/v2\/posts\/17301\/revisions\/17303"}],"wp:featuredmedia":[{"embeddable":true,"href":"https:\/\/akdenizolaygazetesi.com\/index.php?rest_route=\/wp\/v2\/media\/17302"}],"wp:attachment":[{"href":"https:\/\/akdenizolaygazetesi.com\/index.php?rest_route=%2Fwp%2Fv2%2Fmedia&parent=17301"}],"wp:term":[{"taxonomy":"category","embeddable":true,"href":"https:\/\/akdenizolaygazetesi.com\/index.php?rest_route=%2Fwp%2Fv2%2Fcategories&post=17301"},{"taxonomy":"post_tag","embeddable":true,"href":"https:\/\/akdenizolaygazetesi.com\/index.php?rest_route=%2Fwp%2Fv2%2Ftags&post=17301"}],"curies":[{"name":"wp","href":"https:\/\/api.w.org\/{rel}","templated":true}]}}