{"id":17304,"date":"2022-03-17T12:50:14","date_gmt":"2022-03-17T09:50:14","guid":{"rendered":"http:\/\/akdenizolaygazetesi.com\/?p=17304"},"modified":"2022-03-17T12:50:14","modified_gmt":"2022-03-17T09:50:14","slug":"basarili-calismalar-odullendirildi","status":"publish","type":"post","link":"https:\/\/akdenizolaygazetesi.com\/?p=17304","title":{"rendered":"Ba\u015far\u0131l\u0131 \u00e7al\u0131\u015fmalar \u00f6d\u00fcllendirildi"},"content":{"rendered":"<p>Tar\u0131m ve Orman Bakan\u0131m\u0131z Prof.Dr.Say\u0131n Vahit Kiri\u015f\u00e7i\u2019nin te\u015frifleri ile Ankara\u2019da ger\u00e7ekle\u015fen 2021 Y\u0131l\u0131 En\u2019leri, Alt\u0131n Kozalak \u00d6d\u00fcl T\u00f6reninde Mersin Orman B\u00f6lge M\u00fcd\u00fcrl\u00fc\u011f\u00fc 3 dalda \u00f6d\u00fcle lay\u0131k g\u00f6r\u00fcld\u00fc.<br \/>\nTarsus Orman \u0130\u015fletme M\u00fcd\u00fcrl\u00fc\u011f\u00fcnde \u00e7al\u0131\u015fan Seyfettin Bay\u0131r 2514 saatle \u2018En Fazla Saat \u00c7al\u0131\u015fan Greyder Operat\u00f6r\u00fc\u2019, G\u00fclnar Orman \u0130\u015fletme M\u00fcd\u00fcrl\u00fc\u011f\u00fcnde \u00e7al\u0131\u015fan Yusuf Ayd\u0131n 2427 saatle \u2018En Fazla Saat \u00c7al\u0131\u015fan Dozer Operat\u00f6r\u00fc\u2019, yine G\u00fclnar Orman \u0130\u015fletme M\u00fcd\u00fcrl\u00fc\u011f\u00fcnde \u00e7al\u0131\u015fan Ali Naim K\u00fc\u00e7\u00fck\u0131\u015f\u0131k   2623 saatle \u2018En Fazla Saat \u00c7al\u0131\u015fan Ekskavat\u00f6r Operat\u00f6r\u00fc\u2019 dallar\u0131nda  ba\u015far\u0131 \u00f6d\u00fcllerini ald\u0131lar.<br \/>\nMersin Orman B\u00f6lge M\u00fcd\u00fcrl\u00fc\u011f\u00fc ad\u0131na gurur duydu\u011fumuz arkada\u015flar\u0131m\u0131z\u0131 tebrik ediyor ba\u015far\u0131lar\u0131n\u0131n devam\u0131n\u0131 diliyoruz. <\/p>\n","protected":false},"excerpt":{"rendered":"<p>Tar\u0131m ve Orman Bakan\u0131m\u0131z Prof.Dr.Say\u0131n Vahit Kiri\u015f\u00e7i\u2019nin te\u015frifleri ile Ankara\u2019da ger\u00e7ekle\u015fen 2021 Y\u0131l\u0131 En\u2019leri, Alt\u0131n Kozalak \u00d6d\u00fcl T\u00f6reninde Mersin Orman B\u00f6lge M\u00fcd\u00fcrl\u00fc\u011f\u00fc 3 dalda \u00f6d\u00fcle lay\u0131k g\u00f6r\u00fcld\u00fc. Tarsus Orman \u0130\u015fletme &hellip; <a href=\"https:\/\/akdenizolaygazetesi.com\/?p=17304\" class=\"more-link\">Devam\u0131n\u0131 Oku&#8230;<\/a><\/p>\n","protected":false},"author":2,"featured_media":17305,"comment_status":"open","ping_status":"open","sticky":false,"template":"","format":"standard","meta":[],"categories":[1,2,3],"tags":[],"_links":{"self":[{"href":"https:\/\/akdenizolaygazetesi.com\/index.php?rest_route=\/wp\/v2\/posts\/17304"}],"collection":[{"href":"https:\/\/akdenizolaygazetesi.com\/index.php?rest_route=\/wp\/v2\/posts"}],"about":[{"href":"https:\/\/akdenizolaygazetesi.com\/index.php?rest_route=\/wp\/v2\/types\/post"}],"author":[{"embeddable":true,"href":"https:\/\/akdenizolaygazetesi.com\/index.php?rest_route=\/wp\/v2\/users\/2"}],"replies":[{"embeddable":true,"href":"https:\/\/akdenizolaygazetesi.com\/index.php?rest_route=%2Fwp%2Fv2%2Fcomments&post=17304"}],"version-history":[{"count":1,"href":"https:\/\/akdenizolaygazetesi.com\/index.php?rest_route=\/wp\/v2\/posts\/17304\/revisions"}],"predecessor-version":[{"id":17306,"href":"https:\/\/akdenizolaygazetesi.com\/index.php?rest_route=\/wp\/v2\/posts\/17304\/revisions\/17306"}],"wp:featuredmedia":[{"embeddable":true,"href":"https:\/\/akdenizolaygazetesi.com\/index.php?rest_route=\/wp\/v2\/media\/17305"}],"wp:attachment":[{"href":"https:\/\/akdenizolaygazetesi.com\/index.php?rest_route=%2Fwp%2Fv2%2Fmedia&parent=17304"}],"wp:term":[{"taxonomy":"category","embeddable":true,"href":"https:\/\/akdenizolaygazetesi.com\/index.php?rest_route=%2Fwp%2Fv2%2Fcategories&post=17304"},{"taxonomy":"post_tag","embeddable":true,"href":"https:\/\/akdenizolaygazetesi.com\/index.php?rest_route=%2Fwp%2Fv2%2Ftags&post=17304"}],"curies":[{"name":"wp","href":"https:\/\/api.w.org\/{rel}","templated":true}]}}