{"id":17307,"date":"2022-03-17T12:53:39","date_gmt":"2022-03-17T09:53:39","guid":{"rendered":"http:\/\/akdenizolaygazetesi.com\/?p=17307"},"modified":"2022-03-17T12:53:39","modified_gmt":"2022-03-17T09:53:39","slug":"karaduvar-mahallesine-yeni-bir-cocuk-parki-yapiliyor","status":"publish","type":"post","link":"https:\/\/akdenizolaygazetesi.com\/?p=17307","title":{"rendered":"KARADUVAR MAHALLES\u0130\u2019NE YEN\u0130 B\u0130R \u00c7OCUK PARKI YAPILIYOR"},"content":{"rendered":"<p>Akdeniz Belediyesi, bahar mevsimi ile birlikte bir yandan mevcut parklar\u0131 bak\u0131m ve onar\u0131mdan ge\u00e7irirken, vatanda\u015flar\u0131n talebi \u00fczerine ge\u00e7mi\u015fte at\u0131l kalan alanlar\u0131 da de\u011ferlendirip il\u00e7eye yeni park ve ye\u015fil alanlar kazand\u0131r\u0131yor.<br \/>\nMevcut parklarda bak\u0131m, onar\u0131m, yenileme ve \u00e7i\u00e7eklendirme \u00e7al\u0131\u015fmalar\u0131n\u0131 s\u00fcrd\u00fcren Akdeniz Belediyesi Park Bah\u00e7eler M\u00fcd\u00fcrl\u00fc\u011f\u00fc ekipleri; Karaduvar Mahallesi Suphi \u00d6ner \u0130lk\u00f6\u011fretim Okulu\u2019nun arkas\u0131nda bulunan belediyeye ait alanda, bitti\u011finde 2 bin 600 metrekarelik alana sahip olacak yeni bir park\u0131n yap\u0131m\u0131na ba\u015flad\u0131.<br \/>\nTamamland\u0131\u011f\u0131nda, dinlenip g\u00fcn\u00fcn yorgunlu\u011funu \u00fczerlerinden atmak, ayr\u0131ca \u00e7ocuklar\u0131 ile g\u00fczel dakikalar ya\u015famak isteyen mahalle sakinleri i\u00e7in g\u00fczel bir ye\u015fil alana d\u00f6n\u00fc\u015fecek parka, \u00e7al\u0131\u015fmalar ilerledik\u00e7e oyun gruplar\u0131, plaj voleybolu sahas\u0131, kamelyalar, piknik masalar\u0131 ve oturma gruplar\u0131 yerle\u015ftirilecek.<br \/>\n\u201cAkdeniz\u2019in ye\u015fil alan varl\u0131\u011f\u0131n\u0131 artt\u0131r\u0131yoruz\u201d<br \/>\nAkdeniz Belediye Ba\u015fkan\u0131 M. Mustafa G\u00fcltak, vatanda\u015flar\u0131n nefes al\u0131p dinlenebildi\u011fi ve pikni\u011fini yapabildi\u011fi, \u00e7ocuklar\u0131n da g\u00f6nl\u00fcnce oyunlar oynad\u0131\u011f\u0131 park ve ye\u015fil alan say\u0131s\u0131n\u0131 artt\u0131rmaya devam edeceklerini belirtti.<br \/>\n\u201cAkdeniz\u2019i g\u00fczelle\u015ftirip her y\u00f6n\u00fcyle daha ya\u015fanabilir hale getirmek, park ve ye\u015fil alan varl\u0131\u011f\u0131 ile zengin bir il\u00e7eye d\u00f6n\u00fc\u015ft\u00fcrmek amac\u0131yla var g\u00fcc\u00fcm\u00fczle \u00e7al\u0131\u015f\u0131yoruz\u201d diyen Ba\u015fkan G\u00fcltak, bir yandan mevcut parklarda yenileme yap\u0131ld\u0131\u011f\u0131n\u0131, uygun alanlara da yeni parklar\u0131n imal edildi\u011fini vurgulad\u0131. Ba\u015fkan G\u00fcltak, \u201cKaraduvar Mahallemize yeni bir park kazand\u0131rmak i\u00e7in ekiplerimiz \u00e7al\u0131\u015fmaya ba\u015flad\u0131. Amac\u0131m\u0131z, Akdeniz\u2019i, parklar\u0131, ye\u015fil alanlar\u0131 ve di\u011fer do\u011fal varl\u0131klar\u0131 ile \u00e7ok daha g\u00fczel, d\u00fczenli ve ya\u015fanabilir bir il\u00e7e haline getirmek. Yeni park\u0131m\u0131z\u0131n, ba\u015fta yap\u0131m\u0131n\u0131 sab\u0131rs\u0131zl\u0131kla bekleyen k\u00fc\u00e7\u00fck \u00e7ocuklar\u0131m\u0131z olmak \u00fczere t\u00fcm mahalle sakinlerine hay\u0131rl\u0131 olmas\u0131n\u0131 diliyorum\u201d diye konu\u015ftu.<br \/>\n\u00d6te yandan, ekiplerin \u00e7al\u0131\u015fmalar\u0131n\u0131 memnuniyetle izleyen Karaduvar Mahallesi sakinleri, ya\u015fad\u0131klar\u0131 b\u00f6lgeye yeni bir \u00e7ocuk park\u0131 kazand\u0131r\u0131lmas\u0131 nedeniyle Akdeniz Belediyesi\u2019ne te\u015fekk\u00fcr ettiler. <\/p>\n","protected":false},"excerpt":{"rendered":"<p>Akdeniz Belediyesi, bahar mevsimi ile birlikte bir yandan mevcut parklar\u0131 bak\u0131m ve onar\u0131mdan ge\u00e7irirken, vatanda\u015flar\u0131n talebi \u00fczerine ge\u00e7mi\u015fte at\u0131l kalan alanlar\u0131 da de\u011ferlendirip il\u00e7eye yeni park ve ye\u015fil alanlar kazand\u0131r\u0131yor. &hellip; <a href=\"https:\/\/akdenizolaygazetesi.com\/?p=17307\" class=\"more-link\">Devam\u0131n\u0131 Oku&#8230;<\/a><\/p>\n","protected":false},"author":2,"featured_media":17308,"comment_status":"open","ping_status":"open","sticky":false,"template":"","format":"standard","meta":[],"categories":[1,2,3,5],"tags":[],"_links":{"self":[{"href":"https:\/\/akdenizolaygazetesi.com\/index.php?rest_route=\/wp\/v2\/posts\/17307"}],"collection":[{"href":"https:\/\/akdenizolaygazetesi.com\/index.php?rest_route=\/wp\/v2\/posts"}],"about":[{"href":"https:\/\/akdenizolaygazetesi.com\/index.php?rest_route=\/wp\/v2\/types\/post"}],"author":[{"embeddable":true,"href":"https:\/\/akdenizolaygazetesi.com\/index.php?rest_route=\/wp\/v2\/users\/2"}],"replies":[{"embeddable":true,"href":"https:\/\/akdenizolaygazetesi.com\/index.php?rest_route=%2Fwp%2Fv2%2Fcomments&post=17307"}],"version-history":[{"count":1,"href":"https:\/\/akdenizolaygazetesi.com\/index.php?rest_route=\/wp\/v2\/posts\/17307\/revisions"}],"predecessor-version":[{"id":17309,"href":"https:\/\/akdenizolaygazetesi.com\/index.php?rest_route=\/wp\/v2\/posts\/17307\/revisions\/17309"}],"wp:featuredmedia":[{"embeddable":true,"href":"https:\/\/akdenizolaygazetesi.com\/index.php?rest_route=\/wp\/v2\/media\/17308"}],"wp:attachment":[{"href":"https:\/\/akdenizolaygazetesi.com\/index.php?rest_route=%2Fwp%2Fv2%2Fmedia&parent=17307"}],"wp:term":[{"taxonomy":"category","embeddable":true,"href":"https:\/\/akdenizolaygazetesi.com\/index.php?rest_route=%2Fwp%2Fv2%2Fcategories&post=17307"},{"taxonomy":"post_tag","embeddable":true,"href":"https:\/\/akdenizolaygazetesi.com\/index.php?rest_route=%2Fwp%2Fv2%2Ftags&post=17307"}],"curies":[{"name":"wp","href":"https:\/\/api.w.org\/{rel}","templated":true}]}}