{"id":17310,"date":"2022-03-17T12:55:10","date_gmt":"2022-03-17T09:55:10","guid":{"rendered":"http:\/\/akdenizolaygazetesi.com\/?p=17310"},"modified":"2022-03-17T12:55:10","modified_gmt":"2022-03-17T09:55:10","slug":"baskan-yilmaz-berat-kandilini-kutladi","status":"publish","type":"post","link":"https:\/\/akdenizolaygazetesi.com\/?p=17310","title":{"rendered":"BA\u015eKAN YILMAZ, BERAT KAND\u0130L\u0130&#8217;N\u0130 KUTLADI"},"content":{"rendered":"<p>Toroslar Belediye Ba\u015fkan\u0131 Ats\u0131z Af\u015f\u0131n Y\u0131lmaz, Berat Kandili dolay\u0131s\u0131yla bir mesaj yay\u0131nlad\u0131.<\/p>\n<p>On bir Ay\u0131n Sultan\u0131 Ramazan-\u0131 \u015eerifin m\u00fcjdecisi olan Berat Kandili&#8217;ni idrak etmenin huzur ve mutlulu\u011funu ya\u015fad\u0131klar\u0131n\u0131 dile getiren Ba\u015fkan Y\u0131lmaz, t\u00fcm \u0130slam aleminin kandilini kutlad\u0131.<\/p>\n<p>Ba\u015fkan Y\u0131lmaz, kandillerin, birlik, beraberlik ve karde\u015flik i\u00e7in e\u015fsiz bir f\u0131rsat oldu\u011funu dile getirerek; &#8220;Berat Kandili, m\u00fcsl\u00fcmanlar\u0131n Y\u00fcce Allah&#8217;a s\u0131\u011f\u0131narak g\u00fcnahlardan ar\u0131nd\u0131klar\u0131, ilahi l\u00fctuf ve bereketlere eri\u015ftikleri m\u00fcbarek gecelerden birisidir. Ramazan-\u0131 \u015eerif&#8217;i m\u00fcjdeleyen bu m\u00fcbarek gece,  bizlere birli\u011fimizi, beraberli\u011fimizi ve g\u00f6n\u00fcl ba\u011f\u0131m\u0131z\u0131 g\u00fc\u00e7lendirme f\u0131rsat\u0131 veriyor. Bu nedenle yard\u0131mla\u015fma ve dayan\u0131\u015fma duygular\u0131n\u0131n doruk noktas\u0131na ula\u015ft\u0131\u011f\u0131 Berat Kandili&#8217;nin faziletini iyi kavramal\u0131 ve de\u011ferlendirmeliyiz. Bu vesile ile t\u00fcm \u0130slam aleminin, milletimizin ve Mersinli hem\u015fehrilerimizin Berat Kandili&#8217;ni tebrik ediyor, bu m\u00fcbarek gecenin t\u00fcm insanl\u0131\u011fa hay\u0131rlar getirmesini diliyorum&#8221; ifadelerini kulland\u0131.<\/p>\n","protected":false},"excerpt":{"rendered":"<p>Toroslar Belediye Ba\u015fkan\u0131 Ats\u0131z Af\u015f\u0131n Y\u0131lmaz, Berat Kandili dolay\u0131s\u0131yla bir mesaj yay\u0131nlad\u0131. On bir Ay\u0131n Sultan\u0131 Ramazan-\u0131 \u015eerifin m\u00fcjdecisi olan Berat Kandili&#8217;ni idrak etmenin huzur ve mutlulu\u011funu ya\u015fad\u0131klar\u0131n\u0131 dile getiren &hellip; <a href=\"https:\/\/akdenizolaygazetesi.com\/?p=17310\" class=\"more-link\">Devam\u0131n\u0131 Oku&#8230;<\/a><\/p>\n","protected":false},"author":2,"featured_media":17311,"comment_status":"open","ping_status":"open","sticky":false,"template":"","format":"standard","meta":[],"categories":[2,3],"tags":[],"_links":{"self":[{"href":"https:\/\/akdenizolaygazetesi.com\/index.php?rest_route=\/wp\/v2\/posts\/17310"}],"collection":[{"href":"https:\/\/akdenizolaygazetesi.com\/index.php?rest_route=\/wp\/v2\/posts"}],"about":[{"href":"https:\/\/akdenizolaygazetesi.com\/index.php?rest_route=\/wp\/v2\/types\/post"}],"author":[{"embeddable":true,"href":"https:\/\/akdenizolaygazetesi.com\/index.php?rest_route=\/wp\/v2\/users\/2"}],"replies":[{"embeddable":true,"href":"https:\/\/akdenizolaygazetesi.com\/index.php?rest_route=%2Fwp%2Fv2%2Fcomments&post=17310"}],"version-history":[{"count":1,"href":"https:\/\/akdenizolaygazetesi.com\/index.php?rest_route=\/wp\/v2\/posts\/17310\/revisions"}],"predecessor-version":[{"id":17312,"href":"https:\/\/akdenizolaygazetesi.com\/index.php?rest_route=\/wp\/v2\/posts\/17310\/revisions\/17312"}],"wp:featuredmedia":[{"embeddable":true,"href":"https:\/\/akdenizolaygazetesi.com\/index.php?rest_route=\/wp\/v2\/media\/17311"}],"wp:attachment":[{"href":"https:\/\/akdenizolaygazetesi.com\/index.php?rest_route=%2Fwp%2Fv2%2Fmedia&parent=17310"}],"wp:term":[{"taxonomy":"category","embeddable":true,"href":"https:\/\/akdenizolaygazetesi.com\/index.php?rest_route=%2Fwp%2Fv2%2Fcategories&post=17310"},{"taxonomy":"post_tag","embeddable":true,"href":"https:\/\/akdenizolaygazetesi.com\/index.php?rest_route=%2Fwp%2Fv2%2Ftags&post=17310"}],"curies":[{"name":"wp","href":"https:\/\/api.w.org\/{rel}","templated":true}]}}