{"id":17316,"date":"2022-03-18T12:36:27","date_gmt":"2022-03-18T09:36:27","guid":{"rendered":"http:\/\/akdenizolaygazetesi.com\/?p=17316"},"modified":"2022-03-18T12:36:27","modified_gmt":"2022-03-18T09:36:27","slug":"baskan-dogmustan-berat-kandili-mesaji","status":"publish","type":"post","link":"https:\/\/akdenizolaygazetesi.com\/?p=17316","title":{"rendered":"BA\u015eKAN DO\u011eMU\u015e&#8217;TAN BERAT KAND\u0130L\u0130 MESAJI!"},"content":{"rendered":"<p>Mersin Yat\u0131r\u0131mc\u0131 \u0130\u015f \u0130nsanlar\u0131 Derne\u011fi (MERYAD) Ba\u015fkan\u0131 Co\u015fkun Do\u011fmu\u015f, Berat Kandili dolay\u0131s\u0131 ile bir mesaj yay\u0131mlad\u0131.<\/p>\n<p>Berat&#8217;\u0131n Allaha s\u0131\u011f\u0131nmak, af dilemek oldu\u011funu belirten Ba\u015fkan Do\u011fmu\u015f;&#8221; Berat Kandili, Allah&#8217;\u0131n l\u00fctuf ve ma\u011ffiretiyle tecelli ederek biz kullar\u0131na ba\u011f\u0131\u015flanma kap\u0131lar\u0131n\u0131 ard\u0131na kadar a\u00e7t\u0131\u011f\u0131, m\u00fcbarek \u00fc\u00e7 aylar i\u00e7erisindeki faziletli gecelerden bir tanesidir. Kutsal geceler; iman, ibadet ve d\u00fc\u015f\u00fcnce bak\u0131m\u0131ndan kendimizi yenilememiz, ge\u00e7mi\u015fimizi muhasebe etmemiz, gelece\u011fimizi manen planlama ve \u00fcmitlerimizi tazelememiz i\u00e7in \u015f\u00fcphesiz b\u00fcy\u00fck bir f\u0131rsatt\u0131r. Manevi duygular\u0131n kuvvetlendi\u011fi, sevgi, karde\u015flik ve bar\u0131\u015f duygular\u0131n\u0131n da i\u00e7ten hissedilerek ya\u015fand\u0131\u011f\u0131 m\u00fcstesna gecelerimizden olan Berat Kandili&#8217;ni vesile bilerek y\u00fcce Rabbimizden bizleri affetmesini dilemeli, k\u0131rg\u0131nl\u0131klara son vererek \u0130slam \u00e2leminin huzuru i\u00e7in dua etmeliyiz. Vicdan muhasebesi i\u00e7in iyi bir f\u0131rsat olacak en g\u00fczel c\u00fcmlelerin en g\u00fczel duygularla Rabbimize ula\u015ft\u0131r\u0131ld\u0131\u011f\u0131, sevgi ve t\u00fcm iyiliklerin s\u0131n\u0131rs\u0131z bir \u015fekilde istenece\u011fi bu gece \u00fclkemize ve t\u00fcm \u0130slam \u00e2lemine m\u00fcbarek olsun. Bu duygu ve d\u00fc\u015f\u00fcncelerle Berat Kandili&#8217;nin ba\u015fta \u00fclkemiz olmak \u00fczere t\u00fcm \u0130slam \u00e2lemine hay\u0131rl\u0131 olmas\u0131n\u0131 y\u00fcce Allah&#8217;tan niyaz ediyorum.&#8221; \u015feklinde konu\u015ftu.<\/p>\n","protected":false},"excerpt":{"rendered":"<p>Mersin Yat\u0131r\u0131mc\u0131 \u0130\u015f \u0130nsanlar\u0131 Derne\u011fi (MERYAD) Ba\u015fkan\u0131 Co\u015fkun Do\u011fmu\u015f, Berat Kandili dolay\u0131s\u0131 ile bir mesaj yay\u0131mlad\u0131. Berat&#8217;\u0131n Allaha s\u0131\u011f\u0131nmak, af dilemek oldu\u011funu belirten Ba\u015fkan Do\u011fmu\u015f;&#8221; Berat Kandili, Allah&#8217;\u0131n l\u00fctuf ve &hellip; <a href=\"https:\/\/akdenizolaygazetesi.com\/?p=17316\" class=\"more-link\">Devam\u0131n\u0131 Oku&#8230;<\/a><\/p>\n","protected":false},"author":2,"featured_media":17317,"comment_status":"open","ping_status":"open","sticky":false,"template":"","format":"standard","meta":[],"categories":[2,3,5],"tags":[],"_links":{"self":[{"href":"https:\/\/akdenizolaygazetesi.com\/index.php?rest_route=\/wp\/v2\/posts\/17316"}],"collection":[{"href":"https:\/\/akdenizolaygazetesi.com\/index.php?rest_route=\/wp\/v2\/posts"}],"about":[{"href":"https:\/\/akdenizolaygazetesi.com\/index.php?rest_route=\/wp\/v2\/types\/post"}],"author":[{"embeddable":true,"href":"https:\/\/akdenizolaygazetesi.com\/index.php?rest_route=\/wp\/v2\/users\/2"}],"replies":[{"embeddable":true,"href":"https:\/\/akdenizolaygazetesi.com\/index.php?rest_route=%2Fwp%2Fv2%2Fcomments&post=17316"}],"version-history":[{"count":1,"href":"https:\/\/akdenizolaygazetesi.com\/index.php?rest_route=\/wp\/v2\/posts\/17316\/revisions"}],"predecessor-version":[{"id":17318,"href":"https:\/\/akdenizolaygazetesi.com\/index.php?rest_route=\/wp\/v2\/posts\/17316\/revisions\/17318"}],"wp:featuredmedia":[{"embeddable":true,"href":"https:\/\/akdenizolaygazetesi.com\/index.php?rest_route=\/wp\/v2\/media\/17317"}],"wp:attachment":[{"href":"https:\/\/akdenizolaygazetesi.com\/index.php?rest_route=%2Fwp%2Fv2%2Fmedia&parent=17316"}],"wp:term":[{"taxonomy":"category","embeddable":true,"href":"https:\/\/akdenizolaygazetesi.com\/index.php?rest_route=%2Fwp%2Fv2%2Fcategories&post=17316"},{"taxonomy":"post_tag","embeddable":true,"href":"https:\/\/akdenizolaygazetesi.com\/index.php?rest_route=%2Fwp%2Fv2%2Ftags&post=17316"}],"curies":[{"name":"wp","href":"https:\/\/api.w.org\/{rel}","templated":true}]}}