{"id":1732,"date":"2020-11-04T18:22:16","date_gmt":"2020-11-04T15:22:16","guid":{"rendered":"http:\/\/mersinekonomipolitikagazetesi.com\/?p=1732"},"modified":"2020-11-04T18:22:16","modified_gmt":"2020-11-04T15:22:16","slug":"ozgurlugu-demokrasiyi-ozledik","status":"publish","type":"post","link":"https:\/\/akdenizolaygazetesi.com\/?p=1732","title":{"rendered":"\u201c\u00d6ZG\u00dcRL\u00dc\u011e\u00dc DEMOKRAS\u0130Y\u0130 \u00d6ZLED\u0130K\u201d"},"content":{"rendered":"<p>Mersin Emek ve Demokrasi Platformu ad\u0131na a\u00e7\u0131klama yapan D\u0130SK\/ Genel \u0130\u015f Mersin \u015eube Ba\u015fkan\u0131 Kemal G\u00f6ksoy, 1 May\u0131s\u2019ta birlik, dayan\u0131\u015fma ve m\u00fccadele g\u00fcn\u00fcn\u00fc co\u015fkuyla kutlayacaklar\u0131n\u0131 s\u00f6yledi.<\/p>\n<blockquote type=\"cite\">\n<div dir=\"ltr\">\n<p><span style=\"font-size:16px;\">Mersin Emek ve Demokrasi Platformu 1 May\u0131s haz\u0131rl\u0131klar\u0131 \u00f6ncesinde Mersin Petrol-\u0130\u015f sendikas\u0131nda a\u00e7\u0131klama ger\u00e7ekle\u015ftirdi.<\/span><\/p>\n<div>\n<div aria-label=\"Geni\u015fletilen i\u00e7eri\u011fi gizleyin\" data-tooltip=\"Geni\u015fletilen i\u00e7eri\u011fi gizleyin\" id=\":1u8\" role=\"button\" style=\"clear:both;\" tabindex=\"0\"><span style=\"font-size:16px;\"><img src=\"https:\/\/ssl.gstatic.com\/ui\/v1\/icons\/mail\/images\/cleardot.gif\" style=\"height:8px;width:20px;\" \/><\/span><\/div>\n<\/div>\n<div>\n<p><span style=\"font-size:16px;\">Mersin Emek ve Demokrasi Platformu\u2019nun t\u00fcm \u00fcyeleri kat\u0131larak a\u00e7\u0131klama konu\u015fmas\u0131n\u0131 Platform ad\u0131na D\u0130SK\/ Genel \u0130\u015f Mersin \u015eube Ba\u015fkan\u0131 Kemal G\u00f6ksoy yapt\u0131.<\/span><\/p>\n<p><span style=\"font-size:16px;\">G\u00f6ksoy, her y\u0131l yapt\u0131klar\u0131 gibi bu y\u0131lda 1 May\u0131s\u2019ta meydanlarda hayk\u0131racaklar\u0131n\u0131 belirterek \u00f6zg\u00fcrl\u00fc\u011fe, demokrasiye \u00f6zlem duyduklar\u0131n\u0131 kaydetti.<\/span><\/p>\n<p>\u00a0<\/p>\n<p><span style=\"font-size:16px;\">\u201cM\u00dcCADELE G\u00dcN\u00dcN\u00dc CO\u015eKUYLA KUTLAYACA\u011eIZ\u201d<\/span><\/p>\n<p>\u00a0<\/p>\n<p><span style=\"font-size:16px;\">Bu \u00fclkeyi var edenler olarak 1 May\u0131s\u2019ta bulu\u015facaklar\u0131n\u0131 kaydeden G\u00f6ksoy: \u201cHer y\u0131l oldu\u011fu gibi bu y\u0131l da, eme\u011fin taleplerini, demokrasiye, bar\u0131\u015fa ve \u00f6zg\u00fcrl\u00fc\u011fe olan \u00f6zlemimizi, 1 May\u0131s meydanlar\u0131nda hayk\u0131rmak istiyoruz. Bunun i\u00e7in y\u00fcr\u00fcy\u00fc\u015f ve miting iste\u011fimizi ilgili makamlara ilettik. Bulu\u015fmak i\u00e7in saat 15.00\u2019da Tevfik S\u0131rr\u0131 G\u00fcr Stad\u0131 yan\u0131nda toplan\u0131p, rengarenk kortejlerimizle, y\u00fcr\u00fcy\u00fc\u015f ve sloganlar\u0131m\u0131zla saat 16.00\u2019da Cumhuriyet Meydan\u0131\u2019nda olaca\u011f\u0131z. G\u00fcn\u00fcn anlam ve \u00f6nemine y\u00f6nelik konu\u015fmalar\u0131n ard\u0131nda sanat\u00e7\u0131 H\u00fcseyin Turan\u2019\u0131n konseriyle, eme\u011fin 1 May\u0131s birlik, dayan\u0131\u015fma ve m\u00fccadele g\u00fcn\u00fcn\u00fc co\u015fkuyla kutlayaca\u011f\u0131z. Bu \u00fclkenin OHAL ko\u015fullar\u0131 alt\u0131nda eme\u011fiyle ya\u015fayan, yok say\u0131lmak istenen ger\u00e7ek sahipleri; i\u015f\u00e7iler, kamu \u00e7al\u0131\u015fanlar\u0131, mimar-m\u00fchendis-\u015fehir planc\u0131lar\u0131, hekimleri i\u015fsizler; kad\u0131n, erkek, LGBT\u0130 bireyler, gen\u00e7-ya\u015fl\u0131-\u00e7ocuk binleri 1 May\u0131s\u2019ta bulu\u015fturaca\u011f\u0131z\u201d ifadelerini kulland\u0131.<\/span><\/p>\n<p>\u00a0<\/p>\n<p>\u00a0<\/p>\n<p><span style=\"font-size:16px;\">\u201cEMEK DEMOKRAS\u0130 \u0130\u00c7\u0130N MEYDANLARDA BULU\u015eACA\u011eIZ\u201d<\/span><\/p>\n<p>\u00a0<\/p>\n<p><span style=\"font-size:16px;\">1 May\u0131s\u2019\u0131 emek, \u00f6zg\u00fcrl\u00fck ve demokrasi m\u00fccadelesi y\u00fcr\u00fcten, t\u00fcm dinamiklerle kol kola, omuz omuza, birlik taleplerini hayk\u0131rmak \u00fczere alanlarda bir araya geleceklerini aktaran G\u00f6ksoy, \u015fu \u00e7a\u011fr\u0131lara yer verdi: \u201cA\u00e7l\u0131k\/yoksulluk s\u0131n\u0131r\u0131n\u0131n alt\u0131nda \u00fccretlere mahkum edilenler, \u2018ge\u00e7inemiyoruz\u2019 diyenler, i\u015fsizler 1 May\u0131s meydanlar\u0131nda bulu\u015facak. \u00c7al\u0131\u015f\u0131rken \u00f6lmek, sakat kalmak, t\u00fckenmek istemeyenler, ya\u015fam\u0131n\u0131 savunanlar 1 May\u0131s meydanlar\u0131nda bulu\u015facak. Bize dayat\u0131lan bu vah\u015fi sermaye d\u00fczenine kar\u015f\u0131 i\u015fini, ekme\u011fini, \u015fekerini, deresini, orman\u0131n\u0131, tarlas\u0131n\u0131, \u00fclkesini ve gelece\u011fini savunanlar 1 May\u0131s meydanlar\u0131nda bulu\u015facak. \u2018Bu daha ba\u015flang\u0131\u00e7\u2019 diyenler, \u2018hay\u0131r\u2019 diyenler, \u2018bar\u0131\u015f\u2019 diyenler, \u2018adalet\u2019 diyenler 1 May\u0131s meydanlar\u0131nda bulu\u015facak. Emek, bar\u0131\u015f, demokrasi, e\u015fitlik, \u00f6zg\u00fcrl\u00fck, laiklik ve halklar\u0131n karde\u015fli\u011fi 1 May\u0131s meydanlar\u0131nda bulu\u015facak. Eme\u011fini, ya\u015fam\u0131n\u0131, do\u011fas\u0131n\u0131, akl\u0131n\u0131, bedenini ve memleketi; sermayenin ve tek adam rejiminin ku\u015fatmas\u0131na ka\u015f\u0131 savunanlar 1 May\u0131s meydanlar\u0131nda bulu\u015facak. \u2018Sava\u015fa hay\u0131r bar\u0131\u015f hemen \u015fimdi\u2019 diyenler meydanlarda olacak. Milyonlar OHAL ile dayat\u0131lan yeni rejimin karanl\u0131\u011f\u0131na teslim olmayaca\u011f\u0131n\u0131 1 May\u0131s meydanlar\u0131ndan g\u00f6rkemli bir bi\u00e7imde ilan edecek. OHAL gerek\u00e7e g\u00f6sterilerek KHK ile i\u015finden edilen kamu emek\u00e7ileri ve ta\u015ferona kadro aldatmacas\u0131yla, g\u00fcvenlik soru\u015fturmalar\u0131yla i\u015fine son verilen t\u00fcm ta\u015feron i\u015f\u00e7ilerinin haklar\u0131n\u0131 savunmak i\u00e7in de meydanlarda bulu\u015faca\u011f\u0131z. Bu \u00fclke i\u00e7in \u00e7al\u0131\u015fan, emek veren ama en temel haklar\u0131 yok say\u0131lan milyonlar, yurtta\u015f olduklar\u0131n\u0131 hat\u0131rlatmak i\u00e7in, \u2018Cumhur\u2019un kim oldu\u011funu g\u00f6stermek i\u00e7in, birlik-m\u00fccadele ve dayan\u0131\u015fma i\u00e7in 1 May\u0131s meydanlar\u0131nda bulu\u015faca\u011f\u0131z.\u201d<\/span><\/p>\n<\/div>\n<\/div>\n<\/blockquote>\n","protected":false},"excerpt":{"rendered":"<p>Mersin Emek ve Demokrasi Platformu ad\u0131na a\u00e7\u0131klama yapan D\u0130SK\/ Genel \u0130\u015f Mersin \u015eube Ba\u015fkan\u0131 Kemal G\u00f6ksoy, 1 May\u0131s\u2019ta birlik, dayan\u0131\u015fma ve m\u00fccadele g\u00fcn\u00fcn\u00fc co\u015fkuyla kutlayacaklar\u0131n\u0131 s\u00f6yledi. Mersin Emek ve Demokrasi &hellip; <a href=\"https:\/\/akdenizolaygazetesi.com\/?p=1732\" class=\"more-link\">Devam\u0131n\u0131 Oku&#8230;<\/a><\/p>\n","protected":false},"author":1,"featured_media":0,"comment_status":"open","ping_status":"open","sticky":false,"template":"","format":"standard","meta":[],"categories":[],"tags":[],"_links":{"self":[{"href":"https:\/\/akdenizolaygazetesi.com\/index.php?rest_route=\/wp\/v2\/posts\/1732"}],"collection":[{"href":"https:\/\/akdenizolaygazetesi.com\/index.php?rest_route=\/wp\/v2\/posts"}],"about":[{"href":"https:\/\/akdenizolaygazetesi.com\/index.php?rest_route=\/wp\/v2\/types\/post"}],"author":[{"embeddable":true,"href":"https:\/\/akdenizolaygazetesi.com\/index.php?rest_route=\/wp\/v2\/users\/1"}],"replies":[{"embeddable":true,"href":"https:\/\/akdenizolaygazetesi.com\/index.php?rest_route=%2Fwp%2Fv2%2Fcomments&post=1732"}],"version-history":[{"count":0,"href":"https:\/\/akdenizolaygazetesi.com\/index.php?rest_route=\/wp\/v2\/posts\/1732\/revisions"}],"wp:attachment":[{"href":"https:\/\/akdenizolaygazetesi.com\/index.php?rest_route=%2Fwp%2Fv2%2Fmedia&parent=1732"}],"wp:term":[{"taxonomy":"category","embeddable":true,"href":"https:\/\/akdenizolaygazetesi.com\/index.php?rest_route=%2Fwp%2Fv2%2Fcategories&post=1732"},{"taxonomy":"post_tag","embeddable":true,"href":"https:\/\/akdenizolaygazetesi.com\/index.php?rest_route=%2Fwp%2Fv2%2Ftags&post=1732"}],"curies":[{"name":"wp","href":"https:\/\/api.w.org\/{rel}","templated":true}]}}