{"id":17322,"date":"2022-03-18T12:42:25","date_gmt":"2022-03-18T09:42:25","guid":{"rendered":"http:\/\/akdenizolaygazetesi.com\/?p=17322"},"modified":"2022-03-18T12:42:25","modified_gmt":"2022-03-18T09:42:25","slug":"milli-degerlerimize-sahip-cikiyoruz","status":"publish","type":"post","link":"https:\/\/akdenizolaygazetesi.com\/?p=17322","title":{"rendered":"&#8220;Milli De\u011ferlerimize Sahip \u00c7\u0131k\u0131yoruz&#8221;"},"content":{"rendered":"<p>Toroslar Belediye Ba\u015fkan\u0131 Ats\u0131z Af\u015f\u0131n Y\u0131lmaz, 18 Mart \u00c7anakkale Zaferi&#8217;nin 107&#8217;nci y\u0131l d\u00f6n\u00fcm\u00fc ve \u015eehitleri Anma G\u00fcn\u00fc dolay\u0131s\u0131yla bir mesaj yay\u0131nlad\u0131.<\/p>\n<p>&#8220;\u00c7anakkale Zaferi, kazan\u0131lm\u0131\u015f bir ba\u015far\u0131dan \u00e7ok daha \u00f6te ecdad\u0131m\u0131z\u0131n yokluk i\u00e7inde var olma m\u00fccadelesiyle tarihe y\u00f6n verdi\u011fi \u015fanl\u0131 bir destand\u0131r&#8221; diyen Ba\u015fkan Y\u0131lmaz; &#8220;Milletimizin, imk\u00e2ns\u0131zl\u0131klar i\u00e7erisinde g\u00f6stermi\u015f oldu\u011fu vatan sevgisi, d\u00fcnyaya &#8220;\u00c7anakkale Ge\u00e7ilmez&#8221; dedirtmi\u015ftir. \u00c7anakkale&#8217;yi ge\u00e7ilmez k\u0131lan, tarih boyunca istiklal ve ba\u011f\u0131ms\u0131zl\u0131\u011f\u0131n\u0131 her \u015feyin \u00fcst\u00fcnde tutan T\u00fcrk Milleti&#8217;nin sars\u0131lmaz birlik ve beraberli\u011fidir. Bug\u00fcn bizlere d\u00fc\u015fen g\u00f6rev; atalar\u0131m\u0131z\u0131n bizlere emanet etti\u011fi T\u00fcrkiye Cumhuriyeti&#8217;ne sahip \u00e7\u0131kmak, birlik ve beraberli\u011fimizi korumak, \u00c7anakkale ruhunu ve azmini her daim ya\u015fatmak ve gelecek nesillere aktarmakt\u0131r&#8221; dedi.<\/p>\n<p>Ba\u015fkan Y\u0131lmaz, \u00fclkeyi g\u00fc\u00e7l\u00fc bir \u015fekilde gelece\u011fe ta\u015f\u0131mak i\u00e7in \u00e7al\u0131\u015ft\u0131klar\u0131n\u0131 belirterek; &#8220;\u00c7anakkale Zaferimizin 107. y\u0131l d\u00f6n\u00fcm\u00fcnde Cumhuriyetimizin kurucusu Ulu \u00d6nderimiz Gazi Mustafa Kemal Atat\u00fcrk ve silah arkada\u015flar\u0131 ba\u015fta olmak \u00fczere, vatan\u0131 u\u011fruna can\u0131n\u0131 feda eden aziz \u015fehitlerimizi, kahraman gazilerimizi rahmet,  minnet ve \u015f\u00fckranla an\u0131yorum. \u00c7anakkale Zaferimiz kutlu olsun&#8221; diye konu\u015ftu.<\/p>\n<p>&#8220;Milli De\u011ferlerimize Sahip \u00c7\u0131k\u0131yoruz&#8221;<\/p>\n<p>Kent tarihini ve k\u00fclt\u00fcrel miras\u0131 g\u00fcn y\u00fcz\u00fcne \u00e7\u0131karan projelerinden biri olan &#8220;Kuvayi Milliye Karargah\u0131&#8217;n\u0131&#8221;, Mersin&#8217;in D\u00fc\u015fman \u0130\u015fgalinden Kurtulu\u015fu&#8217;nun 100. y\u0131l d\u00f6n\u00fcm\u00fcnde hizmete a\u00e7t\u0131klar\u0131n\u0131 da hat\u0131rlatan Ba\u015fkan Y\u0131lmaz; &#8220;Buluklu Mahallemizde, \u015fehit ve gazilerin an\u0131s\u0131n\u0131 bir araya getirdi\u011fimiz, foto\u011fraflar, belgeler ve etnografik eserlerle donatt\u0131\u011f\u0131m\u0131z bu karargah, milli m\u00fccadelenin destans\u0131 hik\u00e2yesinin ya\u015fayan bir \u00f6rne\u011fi oldu. Ge\u00e7mi\u015f ile gelecek aras\u0131nda \u00f6nemli bir k\u00f6pr\u00fc g\u00f6revi g\u00f6recek Kuvayi Milliye Karargah\u0131m\u0131z\u0131n; birli\u011fimizin, beraberli\u011fimizin, milli irademizin ve milli \u015fuurumuzun bir sembol\u00fc olarak Toroslar&#8217;da ilelebet kalmas\u0131n\u0131 temenni ediyoruz&#8221; ifadelerini kulland\u0131.<\/p>\n<p>TOROSLAR BELED\u0130YES\u0130 \u015eEH\u0130R T\u0130YATROSU, 18 MART&#8217;TA &#8220;KUVAYIM\u0130LL\u0130YE&#8221; OYUNUYLA SAHNE ALACAK<\/p>\n<p>Toroslar Belediyesi \u015eehir Tiyatrosu, 18 Mart \u00c7anakkale Zaferi&#8217;nin 107&#8217;nci y\u0131l d\u00f6n\u00fcm\u00fc ve \u015eehitleri Anma G\u00fcn\u00fc dolay\u0131s\u0131yla haz\u0131rlad\u0131\u011f\u0131 &#8220;Kuvay\u0131Milliye&#8221; adl\u0131 tiyatro oyununu sanatseverlerle bulu\u015fturacak.<\/p>\n<p>18 Mart Cuma g\u00fcn\u00fc saat 19.00&#8217;da Yunus Emre K\u00fclt\u00fcr Merkezi&#8217;nde g\u00f6sterimi yap\u0131lacak tiyatro oyunu ile \u015fanl\u0131 zafer yad edilecek.<\/p>\n<p>Toroslar Belediye Ba\u015fkan\u0131 Ats\u0131z Af\u015f\u0131n Y\u0131lmaz, t\u00fcm hem\u015fehrilerini tiyatro oyununa davet ederek; &#8220;Tiyatro ekibimiz taraf\u0131ndan, kahraman ecdad\u0131m\u0131z\u0131n \u00c7anakkale&#8217;de 107 y\u0131l \u00f6nce ne kadar zor \u015fartlar alt\u0131nda zafer kazand\u0131\u011f\u0131n\u0131 an\u0131msatmak amac\u0131yla haz\u0131rlanan tiyatro oyununa t\u00fcm hem\u015fehrilerimizi bekliyoruz&#8221; dedi. <\/p>\n","protected":false},"excerpt":{"rendered":"<p>Toroslar Belediye Ba\u015fkan\u0131 Ats\u0131z Af\u015f\u0131n Y\u0131lmaz, 18 Mart \u00c7anakkale Zaferi&#8217;nin 107&#8217;nci y\u0131l d\u00f6n\u00fcm\u00fc ve \u015eehitleri Anma G\u00fcn\u00fc dolay\u0131s\u0131yla bir mesaj yay\u0131nlad\u0131. &#8220;\u00c7anakkale Zaferi, kazan\u0131lm\u0131\u015f bir ba\u015far\u0131dan \u00e7ok daha \u00f6te ecdad\u0131m\u0131z\u0131n &hellip; <a href=\"https:\/\/akdenizolaygazetesi.com\/?p=17322\" class=\"more-link\">Devam\u0131n\u0131 Oku&#8230;<\/a><\/p>\n","protected":false},"author":2,"featured_media":17323,"comment_status":"open","ping_status":"open","sticky":false,"template":"","format":"standard","meta":[],"categories":[2,3,5],"tags":[],"_links":{"self":[{"href":"https:\/\/akdenizolaygazetesi.com\/index.php?rest_route=\/wp\/v2\/posts\/17322"}],"collection":[{"href":"https:\/\/akdenizolaygazetesi.com\/index.php?rest_route=\/wp\/v2\/posts"}],"about":[{"href":"https:\/\/akdenizolaygazetesi.com\/index.php?rest_route=\/wp\/v2\/types\/post"}],"author":[{"embeddable":true,"href":"https:\/\/akdenizolaygazetesi.com\/index.php?rest_route=\/wp\/v2\/users\/2"}],"replies":[{"embeddable":true,"href":"https:\/\/akdenizolaygazetesi.com\/index.php?rest_route=%2Fwp%2Fv2%2Fcomments&post=17322"}],"version-history":[{"count":1,"href":"https:\/\/akdenizolaygazetesi.com\/index.php?rest_route=\/wp\/v2\/posts\/17322\/revisions"}],"predecessor-version":[{"id":17324,"href":"https:\/\/akdenizolaygazetesi.com\/index.php?rest_route=\/wp\/v2\/posts\/17322\/revisions\/17324"}],"wp:featuredmedia":[{"embeddable":true,"href":"https:\/\/akdenizolaygazetesi.com\/index.php?rest_route=\/wp\/v2\/media\/17323"}],"wp:attachment":[{"href":"https:\/\/akdenizolaygazetesi.com\/index.php?rest_route=%2Fwp%2Fv2%2Fmedia&parent=17322"}],"wp:term":[{"taxonomy":"category","embeddable":true,"href":"https:\/\/akdenizolaygazetesi.com\/index.php?rest_route=%2Fwp%2Fv2%2Fcategories&post=17322"},{"taxonomy":"post_tag","embeddable":true,"href":"https:\/\/akdenizolaygazetesi.com\/index.php?rest_route=%2Fwp%2Fv2%2Ftags&post=17322"}],"curies":[{"name":"wp","href":"https:\/\/api.w.org\/{rel}","templated":true}]}}