{"id":17325,"date":"2022-03-18T12:44:04","date_gmt":"2022-03-18T09:44:04","guid":{"rendered":"http:\/\/akdenizolaygazetesi.com\/?p=17325"},"modified":"2022-03-18T12:44:04","modified_gmt":"2022-03-18T09:44:04","slug":"secer-ataturkun-mersine-gelisinin-99-yili-kutlama-programina-katildi","status":"publish","type":"post","link":"https:\/\/akdenizolaygazetesi.com\/?p=17325","title":{"rendered":"SE\u00c7ER, ATAT\u00dcRK&#8217;\u00dcN MERS\u0130N&#8217;E GEL\u0130\u015e\u0130N\u0130N 99. YILI KUTLAMA PROGRAMINA KATILDI"},"content":{"rendered":"<p>Mersin B\u00fcy\u00fck\u015fehir Belediye Ba\u015fkan\u0131 Vahap Se\u00e7er, 17 Mart Ulu \u00d6nder Gazi Mustafa Kemal Atat\u00fcrk&#8217;\u00fcn Mersin&#8217;e geli\u015finin 99. y\u0131l d\u00f6n\u00fcm\u00fc kutlama program\u0131na kat\u0131ld\u0131. Milli M\u00fccadele&#8217;de Ulu \u00d6nder Atat\u00fcrk&#8217;e canla ba\u015fla destek veren Mersin&#8217;in, Cumhuriyet&#8217;e de b\u00fcy\u00fck bir co\u015fku ile g\u00f6n\u00fclden destek sundu\u011funu ifade eden Ba\u015fkan Se\u00e7er, &#8220;17 Mart, Mersin i\u00e7in onur ve gurur g\u00fcnlerinden birisidir&#8221; dedi.<br \/>\nKutlama program\u0131na; Mersin Valisi Ali \u0130hsan Su, Akdeniz B\u00f6lge ve Garnizon Komutan\u0131 Tu\u011famiral Fuat Gedik, Mersin B\u00fcy\u00fck\u015fehir Belediye Ba\u015fkan\u0131 Vahap Se\u00e7er, muharip gaziler, kent protokol\u00fc ve vatanda\u015flar ile \u00f6\u011frenciler kat\u0131ld\u0131. Mersin Tren Gar\u0131&#8217;nda ba\u015flayan programda, B\u00fcy\u00fck\u015fehir Belediyesi Halk Oyunlar\u0131 Ekibi g\u00f6sterilerini sergiledi. Ard\u0131ndan B\u00fcy\u00fck\u015fehir Belediye Bandosu&#8217;nun \u00e7ald\u0131\u011f\u0131 mar\u015flar e\u015fli\u011finde, protokol \u00fcyeleri taraf\u0131ndan muharip gazilerden olu\u015fan temsili heyet kar\u015f\u0131land\u0131. \u0130\u00e7inde gazilerin bulundu\u011fu tren, Mersin Gar\u0131&#8217;na geldikten sonra bir gazi taraf\u0131ndan T\u00fcrk bayra\u011f\u0131 Mersin Valisi Su&#8217;ya teslim edildi.<br \/>\nTren Gar\u0131&#8217;ndan Cumhuriyet Meydan\u0131&#8217;na co\u015fkulu y\u00fcr\u00fcy\u00fc\u015f<br \/>\nProtokol \u00fcyeleri, gazilerden olu\u015fan temsili heyet, \u00f6\u011frenciler ve vatanda\u015flardan olu\u015fan kortej, B\u00fcy\u00fck\u015fehir Belediye Bandosu e\u015fli\u011finde Cumhuriyet Meydan\u0131&#8217;na kadar co\u015fkulu bir \u015fekilde y\u00fcr\u00fcd\u00fc. Cumhuriyet Meydan\u0131&#8217;nda devam eden t\u00f6rende ise Mersin Valisi Su, Akdeniz B\u00f6lge ve Garnizon Komutan\u0131 Tu\u011famiral Gedik ve Ba\u015fkan Se\u00e7er taraf\u0131ndan Atat\u00fcrk An\u0131t\u0131&#8217;na \u00e7elenkler sunuldu. \u00c7elenk sunma t\u00f6reninin ard\u0131ndan sayg\u0131 duru\u015funda bulunuldu ve \u0130stikl\u00e2l Mar\u015f\u0131 e\u015fli\u011finde T\u00fcrk bayra\u011f\u0131 g\u00f6ndere \u00e7ekildi. Kutlama program\u0131nda \u00f6\u011frenciler taraf\u0131ndan \u015fiirler okunurken, B\u00fcy\u00fck\u015fehir Belediyesi Halk Oyunlar\u0131 ekibi de g\u00f6sterilerini sergiledi.<br \/>\nSe\u00e7er: &#8220;17 Mart, Mersin i\u00e7in onur ve gurur g\u00fcnlerinden birisidir&#8221;<br \/>\nG\u00fcn\u00fcn anlam ve \u00f6nemini belirten konu\u015fmay\u0131 Mersin B\u00fcy\u00fck\u015fehir Belediye Ba\u015fkan\u0131 Vahap Se\u00e7er yapt\u0131. Ba\u015fkan Se\u00e7er, &#8220;17 Mart, Mersin i\u00e7in onur ve gurur g\u00fcnlerinden birisidir. Gazi Mustafa Kemal Atat\u00fcrk&#8217;\u00fcn 99 y\u0131l \u00f6nce bug\u00fcn Mersin&#8217;e yapt\u0131\u011f\u0131 ilk resmi ziyareti an\u0131yoruz. Daha \u00f6nce Mustafa Kemal Atat\u00fcrk, Mondros Ate\u015fkes Anla\u015fmas\u0131&#8217;ndan hemen sonra B\u00f6lge Komutan\u0131 olarak Mersin&#8217;e gelmi\u015fti. 5 Kas\u0131m 1918 g\u00fcn\u00fc Mersin&#8217;e gelen Mustafa Kemal, Milli M\u00fccadele&#8217;nin ilk haz\u0131rl\u0131klar\u0131n\u0131 burada yapm\u0131\u015ft\u0131. O g\u00fcnlerde &#8216;As\u0131l sava\u015f \u015fimdi ba\u015fl\u0131yor&#8217; diyen Gazi, Mersinlilerden ald\u0131\u011f\u0131 g\u00fc\u00e7le T\u00fcrkiye&#8217;nin kurtulu\u015f m\u00fccadelesinin ilk ad\u0131m\u0131n\u0131 buradan att\u0131. Atat\u00fcrk&#8217;\u00fcn 17 Mart 1923 tarihinde Mersin&#8217;e ve Tarsus&#8217;a yapt\u0131\u011f\u0131 ziyaret son derece anlaml\u0131d\u0131r&#8221; dedi.<br \/>\n&#8220;Mersin, Cumhuriyet&#8217;e de b\u00fcy\u00fck bir co\u015fku ile g\u00f6n\u00fclden destek verdi&#8221;<br \/>\nUlu \u00d6nder Atat\u00fcrk&#8217;\u00fcn Mersin&#8217;e ilk geli\u015finin anlam\u0131 Kurtulu\u015f Sava\u015f\u0131 a\u00e7\u0131s\u0131ndan bug\u00fcn nas\u0131l daha do\u011fru okunabiliyorsa, 17 Mart ziyaretinin kodlar\u0131n\u0131n da Cumhuriyet a\u00e7\u0131s\u0131ndan okunabilece\u011fini ifade eden Ba\u015fkan Se\u00e7er, &#8220;Atat\u00fcrk ald\u0131\u011f\u0131 her \u00f6nemli karar \u00f6ncesi, halk\u0131n g\u00f6r\u00fc\u015flerine ba\u015fvurmaya, onlar\u0131n deste\u011fini almaya \u00e7ok \u00f6nem verirdi. Cumhuriyet devrimlerine y\u00f6nelen Atat\u00fcrk, d\u00fc\u015f\u00fcncelerinin geni\u015f bir taban taraf\u0131ndan benimsenmesi i\u00e7in s\u0131k s\u0131k yurt gezilerine \u00e7\u0131kard\u0131.  17 Mart 1923 g\u00fcn\u00fc Atat\u00fcrk, Ordu Ba\u015fkomutan\u0131 ve T\u00fcrkiye B\u00fcy\u00fck Millet Meclisi Ba\u015fkan\u0131 olarak \u015fehrimiz Mersin&#8217;deydi. Yeni T\u00fcrkiye&#8217;nin temel nitelik ve de\u011ferlerini anlatmak ve halktan destek almak istiyordu. Mersin, Milli M\u00fccadele&#8217;de O&#8217;na nas\u0131l canla ba\u015fla destek verdiyse Cumhuriyet&#8217;e de b\u00fcy\u00fck bir co\u015fku ile g\u00f6n\u00fclden destek verdi. Atat\u00fcrk, Mersin&#8217;e e\u015fi Latife Han\u0131m&#8217;la birlikte geldi.  Bunun \u00f6zel bir anlam\u0131 vard\u0131r. Art\u0131k kad\u0131n\u0131n yeri e\u015finin yan\u0131yd\u0131. Mersin onlar\u0131 ba\u011fr\u0131na bast\u0131. Kad\u0131n erkek e\u015fitli\u011fi a\u00e7\u0131s\u0131ndan en \u00f6nemli mesaj yine bu topraklardan verildi&#8221; diye konu\u015ftu.<br \/>\n&#8220;Yeni T\u00fcrkiye&#8217;de T\u00fcrk vatanda\u015flar\u0131 fikri h\u00fcr vicdan\u0131 h\u00fcr bireyler olacaklard\u0131&#8221;<br \/>\nMersinliler ile ilgili tarihi bir anekdotu da payla\u015fan Ba\u015fkan Se\u00e7er, \u015funlar\u0131 s\u00f6yledi:<br \/>\n&#8220;Atat\u00fcrk, \u015fehir gezisi s\u0131ras\u0131nda kendisine Hristiyan az\u0131nl\u0131k temsilcisi olarak tan\u0131t\u0131lan bir ki\u015fiye cevap olarak, &#8216;Art\u0131k az\u0131nl\u0131k yoktur, cemaat yoktur. Vatanda\u015fl\u0131k vard\u0131r&#8217; dedi. \u0130\u015fte bu c\u00fcmle yeni T\u00fcrkiye&#8217;nin habercisiydi.  Atat\u00fcrk \u015fehrimizle ve \u00fclkemizle ilgili mesajlar\u0131n\u0131 millet bah\u00e7esinde masa \u00fczerinde yapt\u0131\u011f\u0131 konu\u015fmada verdi. Burada kendileri i\u00e7in \u00f6zel olarak haz\u0131rlanan y\u00fcksek koltuklarda oturmay\u0131 reddederek kalabal\u0131\u011f\u0131n aras\u0131nda tahta sandalyede oturmay\u0131 tercih etti. Millet bah\u00e7esinde \u015fehrimiz ad\u0131na ho\u015f geldin konu\u015fmas\u0131n\u0131 h\u00fck\u00fcmet doktoru Re\u015fit Galip yapt\u0131.  Re\u015fit Galip&#8217;in Atat\u00fcrk&#8217;e y\u00f6nelik &#8216;Senin b\u00fcy\u00fckl\u00fc\u011f\u00fcn; ba\u015far\u0131l\u0131 bir asker, devlet ve siyaset adam\u0131 olman de\u011fil, bu milletin bir ferdi olmandan ileri geliyor&#8217; ifadesi Atat\u00fcrk&#8217;\u00fcn \u00e7ok ho\u015funa gitti. Atat\u00fcrk; Re\u015fit Galip&#8217;in kendi d\u00fc\u015f\u00fcncelerine terc\u00fcman oldu\u011funu, kendisi i\u00e7in en b\u00fcy\u00fck mevkinin, en b\u00fcy\u00fck \u015ferefin bu milletin bir ferdi olmaktan ge\u00e7ti\u011fini s\u00f6yledi. Bu da bir ilkti. Yeni T\u00fcrkiye&#8217;de tebaa de\u011fil birey olacakt\u0131. T\u00fcrkiye Cumhuriyeti vatanda\u015flar\u0131 fikri h\u00fcr vicdan\u0131 h\u00fcr bireyler olacaklard\u0131.&#8221;<br \/>\n&#8220;\u00dcreten, dayan\u0131\u015fan bir T\u00fcrkiye&#8217;nin temelleri Mersin&#8217;de at\u0131ld\u0131&#8221;<br \/>\nAtat\u00fcrk&#8217;\u00fcn tam 99 y\u0131l \u00f6nce bug\u00fcn\u00fcn Mersin&#8217;ini g\u00f6rerek konu\u015ftu\u011funu ifade eden Ba\u015fkan Se\u00e7er, &#8220;\u015eehrimizin jeostratejik konumuna daha o g\u00fcn dikkat \u00e7eken Atat\u00fcrk, Mersin&#8217;in geli\u015fmesinin ticaret sahas\u0131nda olaca\u011f\u0131n\u0131 s\u00f6yledi. Atat\u00fcrk art\u0131k askeri zaferlerden \u00e7ok ekonomik zaferlere ihtiya\u00e7 oldu\u011funu vurgulayarak, Mersinlilerin \u00e7ok \u00e7al\u0131\u015fmas\u0131 gerekti\u011fini, aksi halde Mersin&#8217;in ger\u00e7ek sahibi olamayacaklar\u0131n\u0131 ifade etti. Bug\u00fcn ya\u015fad\u0131klar\u0131m\u0131za bak\u0131nca Atat\u00fcrk&#8217;\u00fcn Mersin&#8217;de verdi\u011fi bu mesajlar\u0131n derin anlam\u0131n\u0131 \u00e7ok daha iyi anl\u0131yoruz. O; e\u015fitlik\u00e7i, \u00f6zg\u00fcrl\u00fck\u00e7\u00fc, d\u00fc\u015f\u00fcncesini korkusuzca ifade eden, akla ve bilime inanan, \u00e7al\u0131\u015fan, \u00fcreten, dayan\u0131\u015fan bir T\u00fcrkiye&#8217;nin temellerini burada, Mersin&#8217;de att\u0131.  Mersinliler olarak bize d\u00fc\u015fen g\u00f6rev de onun a\u00e7t\u0131\u011f\u0131 bu ayd\u0131nl\u0131k yoldan korkusuzca y\u00fcr\u00fcmekti. Biz de tam bunu yap\u0131yoruz. Mersin&#8217;de hepimiz, t\u00fcm renkler bir arada, karde\u015f\u00e7e ya\u015f\u0131yoruz. Mersin bir huzur kentidir&#8221; ifadelerini kulland\u0131.<br \/>\n&#8220;Mersin, Akdeniz&#8217;in p\u0131r\u0131l p\u0131r\u0131l parlayan bir y\u0131ld\u0131z\u0131d\u0131r&#8221;<br \/>\nMersin&#8217;in birlik, beraberlik, e\u015fitlik ve bar\u0131\u015f kenti oldu\u011funu vurgulayan Ba\u015fkan Se\u00e7er, Mersin&#8217;de ayr\u0131mc\u0131l\u0131\u011fa yer olmad\u0131\u011f\u0131n\u0131n da alt\u0131n\u0131 \u00e7izdi. Ba\u015fkan Se\u00e7er, \u015funlar\u0131 s\u00f6yledi:<br \/>\n&#8220;\u0130nsana bakt\u0131\u011f\u0131m\u0131z zaman g\u00f6z\u00fcm\u00fcz onun mezhebini, me\u015frebini, siyasi d\u00fc\u015f\u00fcncesini g\u00f6rmez. Onu Allah&#8217;\u0131n yaratt\u0131\u011f\u0131 bir insan olarak g\u00f6r\u00fcr\u00fcz. Mersin, Allah&#8217;\u0131n yaratt\u0131\u011f\u0131 t\u00fcm canl\u0131lar\u0131n kentidir. \u00c7ift\u00e7isiyle, i\u015f\u00e7isiyle, sanayicisiyle, memuruyla, ticaret erbab\u0131yla, kad\u0131n\u0131yla erke\u011fiyle, genciyle ya\u015fl\u0131s\u0131yla Mersin \u00e7al\u0131\u015f\u0131yor. Mersin bereket \u015fehridir. Mersin \u00fcretiyor, Mersin gecesini g\u00fcnd\u00fcz\u00fcne kat\u0131yor. Mersin&#8217;de herkes \u00e7al\u0131\u015f\u0131yor ve \u00e7al\u0131\u015fmaya devam edecek. Onun i\u00e7in herkes Mersin&#8217;e g\u0131ptayla bak\u0131yor. Gidin Ankara&#8217;ya, gidin \u0130stanbul&#8217;a Mersin&#8217;i sorun. Herkes, &#8216;Mersin g\u00fczel bir \u015fehir. Mersin huzur i\u00e7inde \u00e7al\u0131\u015f\u0131yor&#8217; diyecektir. \u00c7\u00fcnk\u00fc Mersin, Akdeniz&#8217;in p\u0131r\u0131l p\u0131r\u0131l parlayan bir y\u0131ld\u0131z\u0131d\u0131r. \u0130lk kez Mersin&#8217;e gelenlerden \u015fu s\u00f6z\u00fc \u00e7ok s\u0131k duyuyorum; &#8216;Biz Mersin&#8217;i b\u00f6yle bilmiyorduk&#8217; diyorlar. &#8216;Mersin \u00e7ok g\u00fczel bir \u015fehir.&#8217; Bu s\u00f6zler beni gururland\u0131r\u0131yor. Eminim ki sizleri de Atas\u0131n\u0131n yolunda kararl\u0131l\u0131kla y\u00fcr\u00fcyen t\u00fcm Mersinlileri de gururland\u0131r\u0131yordur. Atam\u0131zla gurur duyuyor, minnetle an\u0131yoruz. T\u00fcm \u015fehitlerimizin ruhu \u015fad olsun.&#8221;<br \/>\nKutlama program\u0131, Mersin \u00dcniversitesi Modern Halk Danslar\u0131 Ekibi&#8217;nin g\u00f6sterileri ile sona erdi.<\/p>\n","protected":false},"excerpt":{"rendered":"<p>Mersin B\u00fcy\u00fck\u015fehir Belediye Ba\u015fkan\u0131 Vahap Se\u00e7er, 17 Mart Ulu \u00d6nder Gazi Mustafa Kemal Atat\u00fcrk&#8217;\u00fcn Mersin&#8217;e geli\u015finin 99. y\u0131l d\u00f6n\u00fcm\u00fc kutlama program\u0131na kat\u0131ld\u0131. Milli M\u00fccadele&#8217;de Ulu \u00d6nder Atat\u00fcrk&#8217;e canla ba\u015fla destek &hellip; <a href=\"https:\/\/akdenizolaygazetesi.com\/?p=17325\" class=\"more-link\">Devam\u0131n\u0131 Oku&#8230;<\/a><\/p>\n","protected":false},"author":2,"featured_media":17326,"comment_status":"open","ping_status":"open","sticky":false,"template":"","format":"standard","meta":[],"categories":[2,3,5],"tags":[],"_links":{"self":[{"href":"https:\/\/akdenizolaygazetesi.com\/index.php?rest_route=\/wp\/v2\/posts\/17325"}],"collection":[{"href":"https:\/\/akdenizolaygazetesi.com\/index.php?rest_route=\/wp\/v2\/posts"}],"about":[{"href":"https:\/\/akdenizolaygazetesi.com\/index.php?rest_route=\/wp\/v2\/types\/post"}],"author":[{"embeddable":true,"href":"https:\/\/akdenizolaygazetesi.com\/index.php?rest_route=\/wp\/v2\/users\/2"}],"replies":[{"embeddable":true,"href":"https:\/\/akdenizolaygazetesi.com\/index.php?rest_route=%2Fwp%2Fv2%2Fcomments&post=17325"}],"version-history":[{"count":1,"href":"https:\/\/akdenizolaygazetesi.com\/index.php?rest_route=\/wp\/v2\/posts\/17325\/revisions"}],"predecessor-version":[{"id":17327,"href":"https:\/\/akdenizolaygazetesi.com\/index.php?rest_route=\/wp\/v2\/posts\/17325\/revisions\/17327"}],"wp:featuredmedia":[{"embeddable":true,"href":"https:\/\/akdenizolaygazetesi.com\/index.php?rest_route=\/wp\/v2\/media\/17326"}],"wp:attachment":[{"href":"https:\/\/akdenizolaygazetesi.com\/index.php?rest_route=%2Fwp%2Fv2%2Fmedia&parent=17325"}],"wp:term":[{"taxonomy":"category","embeddable":true,"href":"https:\/\/akdenizolaygazetesi.com\/index.php?rest_route=%2Fwp%2Fv2%2Fcategories&post=17325"},{"taxonomy":"post_tag","embeddable":true,"href":"https:\/\/akdenizolaygazetesi.com\/index.php?rest_route=%2Fwp%2Fv2%2Ftags&post=17325"}],"curies":[{"name":"wp","href":"https:\/\/api.w.org\/{rel}","templated":true}]}}