{"id":17328,"date":"2022-03-18T12:45:54","date_gmt":"2022-03-18T09:45:54","guid":{"rendered":"http:\/\/akdenizolaygazetesi.com\/?p=17328"},"modified":"2022-03-18T12:45:54","modified_gmt":"2022-03-18T09:45:54","slug":"gocmen-ve-ev-sahibi-topluluktan-katilimcilar-mersin-arkeoloji-muzesinde-tarihi-bir-yolculuga-cikti","status":"publish","type":"post","link":"https:\/\/akdenizolaygazetesi.com\/?p=17328","title":{"rendered":"G\u00d6\u00c7MEN VE EV SAH\u0130B\u0130 TOPLULUKTAN KATILIMCILAR, MERS\u0130N ARKEOLOJ\u0130 M\u00dcZES\u0130&#8217;NDE TAR\u0130H\u0130 B\u0130R YOLCULU\u011eA \u00c7IKTI"},"content":{"rendered":"<p>Mersin B\u00fcy\u00fck\u015fehir Belediyesi ve Uluslararas\u0131 G\u00f6\u00e7 \u00d6rg\u00fct\u00fc (IOM) i\u015f birli\u011fiyle B\u00fcy\u00fck\u015fehir Belediyesi Sosyal Hizmetler Dairesi Ba\u015fkanl\u0131\u011f\u0131 b\u00fcnyesinde g\u00f6\u00e7men topluluklara y\u00f6nelik hizmet veren Sosyal Uyum Merkezi, sosyal uyumu g\u00fc\u00e7lendirmeye devam ediyor. Bu \u00e7er\u00e7evede, g\u00f6\u00e7men ve ev sahibi topluluktan kat\u0131l\u0131mc\u0131lar, Mersin Arkeoloji M\u00fczesi&#8217;nde tarihi bir yolculu\u011fa \u00e7\u0131kt\u0131.<br \/>\nG\u00f6\u00e7men ve ev sahibi toplulu\u011fu bir araya getiren bir\u00e7ok uyum faaliyeti ger\u00e7ekle\u015ftirilen Sosyal Uyum Merkezi&#8217;nde, bu kez de g\u00f6\u00e7men toplulu\u011fa i\u00e7inde bulunduklar\u0131 toplumu tan\u0131t\u0131p, adaptasyon s\u00fcre\u00e7lerine katk\u0131 sa\u011flanmas\u0131 ama\u00e7land\u0131. Gezi sayesinde birbirini hi\u00e7 tan\u0131mayan insanlar aras\u0131nda bir k\u00f6pr\u00fc kurularak, kayna\u015fmalar\u0131 ve payla\u015f\u0131mda bulunmalar\u0131 sa\u011fland\u0131.<br \/>\n&#8220;Ama\u00e7 kayna\u015fmay\u0131 sa\u011flamak&#8221;<br \/>\nSosyal Uyum Merkezi&#8217;nde Sosyolog olarak g\u00f6rev yapan Nazire B\u00fcy\u00fckg\u00fcrses, ger\u00e7ekle\u015ftirilen ziyareti de\u011ferlendirirken, &#8220;Burada ge\u00e7mi\u015fe g\u00fczel bir yolculuk yapt\u0131k. Merkezimizde, kapasite geli\u015ftirme e\u011fitimlerimiz, sinema, tiyatro etkinliklerimiz, sanat at\u00f6lyelerimiz gibi etkinliklerimize \u00e7ok \u00f6nem veriyoruz. \u00c7\u00fcnk\u00fc g\u00f6\u00e7menlerle birlikte ev sahibi toplulu\u011fun birbirini anlamas\u0131n\u0131 \u00e7ok \u00f6nemsiyoruz. Kayna\u015fmay\u0131 ve g\u00f6\u00e7menlerin i\u00e7inde bulunduklar\u0131 toplumu iyi anlamalar\u0131n\u0131 sa\u011flamay\u0131 ama\u00e7l\u0131yoruz. Adaptasyon s\u00fcrecini h\u0131zland\u0131rmay\u0131, ev sahibi toplulukla aralar\u0131nda bir k\u00f6pr\u00fc kurmay\u0131 ve birbirlerini anlamalar\u0131n\u0131 sa\u011flamay\u0131 ama\u00e7l\u0131yoruz&#8221; dedi.<br \/>\nKat\u0131l\u0131mc\u0131lar\u0131n geziden keyif ald\u0131\u011f\u0131n\u0131 ve bir daha ne zaman geleceklerini konu\u015ftuklar\u0131n\u0131 anlatan B\u00fcy\u00fckg\u00fcrses, &#8220;Ev sahibi toplulukla g\u00f6\u00e7menler aras\u0131nda bir kayna\u015fma ve payla\u015f\u0131m da oldu. Normalde hi\u00e7bir etkile\u015fim i\u00e7erisinde olmayan ki\u015filerin birbirlerini bu \u015fekilde anlamalar\u0131n\u0131 da sa\u011flam\u0131\u015f olduk&#8221; diye konu\u015ftu. B\u00fcy\u00fckg\u00fcrses, yak\u0131n zamanda da \u00e7ocuklar i\u00e7in tiyatro ve sinema etkinli\u011fi d\u00fczenlemeyi planlad\u0131klar\u0131n\u0131 s\u00f6yledi.<br \/>\n&#8220;Sosyal Uyum Merkezi bu 2 toplum i\u00e7in bir k\u00f6pr\u00fc olacak&#8221;<br \/>\nB\u00fcy\u00fck\u015fehir Belediyesi&#8217;nde Sosyolog ve Terc\u00fcman olarak g\u00f6rev yapan Ghaid Nassif, &#8220;\u00d6zellikle Sosyal Uyum Merkezi i\u00e7in \u00e7ok \u00f6nemli bir etkinlik. Sosyal Uyum Merkezi&#8217;nin zaten ama\u00e7lar\u0131ndan biri, gelen toplum ve kabul eden toplum aras\u0131ndaki uyumu sa\u011flamak. Bu y\u00fczden bug\u00fcn gelece\u011fi tan\u0131mak i\u00e7in asl\u0131nda ge\u00e7mi\u015fe biraz gitmemiz gerekebilir. Bu y\u00fczden burada olmam\u0131z \u00e7ok \u00f6nemli. Gelecek s\u00fcre\u00e7 i\u00e7in \u00f6zellikle uyum konusunda b\u00fcy\u00fck bir katk\u0131s\u0131 olaca\u011f\u0131n\u0131 d\u00fc\u015f\u00fcn\u00fcyorum&#8221; dedi. Kat\u0131l\u0131mc\u0131lar\u0131n geziden mutlu ayr\u0131ld\u0131klar\u0131n\u0131 da vurgulayan Nassif, &#8220;Birlikte olmalar\u0131n\u0131n yava\u015f yava\u015f aralar\u0131ndaki duvarlar\u0131 y\u0131kaca\u011f\u0131n\u0131 d\u00fc\u015f\u00fcn\u00fcyorum. Sosyal Uyum Merkezi bir k\u00f6pr\u00fc olacak bu 2 toplum i\u00e7in. Kayna\u015fma konusunda b\u00fcy\u00fck bir katk\u0131s\u0131n\u0131n olaca\u011f\u0131n\u0131 d\u00fc\u015f\u00fcn\u00fcyorum&#8221; ifadelerini kulland\u0131.<br \/>\n&#8220;G\u00f6\u00e7men arkada\u015flar\u0131m\u0131zla kayna\u015ft\u0131k&#8221;<br \/>\nB\u00fcy\u00fck\u015fehir Belediyesi E\u011fitim ve \u00d6\u011fretimi Destekleme Kurs Merkezi&#8217;nde \u00fcniversiteye haz\u0131rlanan Yaren \u0130lhan, Uyum Merkezi&#8217;nin d\u00fczenledi\u011fi etkinli\u011fin \u00f6nemli oldu\u011funu vurgulayarak, &#8220;Mersin&#8217;in tarihini \u00f6\u011frenmi\u015f olduk. G\u00f6\u00e7men arkada\u015flar\u0131m\u0131zla kayna\u015fm\u0131\u015f olduk. Katk\u0131 sa\u011flad\u0131k birbirimize. Bence faydal\u0131 bir etkinlik oldu. \u00c7\u00fcnk\u00fc bilmedi\u011fimiz \u015feyler ortaya \u00e7\u0131kt\u0131 ve onlar da bence hayatlar\u0131na katk\u0131 sa\u011flayacak \u015feylerle kar\u015f\u0131la\u015ft\u0131lar&#8221; dedi.<\/p>\n","protected":false},"excerpt":{"rendered":"<p>Mersin B\u00fcy\u00fck\u015fehir Belediyesi ve Uluslararas\u0131 G\u00f6\u00e7 \u00d6rg\u00fct\u00fc (IOM) i\u015f birli\u011fiyle B\u00fcy\u00fck\u015fehir Belediyesi Sosyal Hizmetler Dairesi Ba\u015fkanl\u0131\u011f\u0131 b\u00fcnyesinde g\u00f6\u00e7men topluluklara y\u00f6nelik hizmet veren Sosyal Uyum Merkezi, sosyal uyumu g\u00fc\u00e7lendirmeye devam ediyor. &hellip; <a href=\"https:\/\/akdenizolaygazetesi.com\/?p=17328\" class=\"more-link\">Devam\u0131n\u0131 Oku&#8230;<\/a><\/p>\n","protected":false},"author":2,"featured_media":17329,"comment_status":"open","ping_status":"open","sticky":false,"template":"","format":"standard","meta":[],"categories":[1,2,3,5],"tags":[],"_links":{"self":[{"href":"https:\/\/akdenizolaygazetesi.com\/index.php?rest_route=\/wp\/v2\/posts\/17328"}],"collection":[{"href":"https:\/\/akdenizolaygazetesi.com\/index.php?rest_route=\/wp\/v2\/posts"}],"about":[{"href":"https:\/\/akdenizolaygazetesi.com\/index.php?rest_route=\/wp\/v2\/types\/post"}],"author":[{"embeddable":true,"href":"https:\/\/akdenizolaygazetesi.com\/index.php?rest_route=\/wp\/v2\/users\/2"}],"replies":[{"embeddable":true,"href":"https:\/\/akdenizolaygazetesi.com\/index.php?rest_route=%2Fwp%2Fv2%2Fcomments&post=17328"}],"version-history":[{"count":1,"href":"https:\/\/akdenizolaygazetesi.com\/index.php?rest_route=\/wp\/v2\/posts\/17328\/revisions"}],"predecessor-version":[{"id":17330,"href":"https:\/\/akdenizolaygazetesi.com\/index.php?rest_route=\/wp\/v2\/posts\/17328\/revisions\/17330"}],"wp:featuredmedia":[{"embeddable":true,"href":"https:\/\/akdenizolaygazetesi.com\/index.php?rest_route=\/wp\/v2\/media\/17329"}],"wp:attachment":[{"href":"https:\/\/akdenizolaygazetesi.com\/index.php?rest_route=%2Fwp%2Fv2%2Fmedia&parent=17328"}],"wp:term":[{"taxonomy":"category","embeddable":true,"href":"https:\/\/akdenizolaygazetesi.com\/index.php?rest_route=%2Fwp%2Fv2%2Fcategories&post=17328"},{"taxonomy":"post_tag","embeddable":true,"href":"https:\/\/akdenizolaygazetesi.com\/index.php?rest_route=%2Fwp%2Fv2%2Ftags&post=17328"}],"curies":[{"name":"wp","href":"https:\/\/api.w.org\/{rel}","templated":true}]}}