{"id":1733,"date":"2020-11-04T18:22:16","date_gmt":"2020-11-04T15:22:16","guid":{"rendered":"http:\/\/mersinekonomipolitikagazetesi.com\/?p=1733"},"modified":"2020-11-04T18:22:16","modified_gmt":"2020-11-04T15:22:16","slug":"mersin-barisca-kardesce-yasadigimiz-kenttir","status":"publish","type":"post","link":"https:\/\/akdenizolaygazetesi.com\/?p=1733","title":{"rendered":"\u201cMERS\u0130N BARI\u015e\u00c7A KARDE\u015e\u00c7E YA\u015eADI\u011eIMIZ KENTT\u0130R\u201d"},"content":{"rendered":"<p>Petrol-\u0130\u015f sendikas\u0131n\u0131 ziyarette bulunan Mersin CHP B\u00fcy\u00fck\u015fehir Belediye Ba\u015fkan\u0131 aday aday\u0131 Vahap Se\u00e7er, \u201cMersin\u2019i y\u00f6netmek isteyenler bar\u0131\u015f\u0131 h\u00fccrelerinde sindirmeleri gerekir\u201d dedi.<\/p>\n<blockquote type=\"cite\">\n<div dir=\"ltr\">\n<p><span style=\"font-size:16px;\">Mersin CHP B\u00fcy\u00fck\u015fehir Belediye Ba\u015fkan\u0131 aday aday\u0131 Vahap Se\u00e7er Petrol-\u0130\u015f sendikas\u0131n\u0131 ziyaret ederek toplant\u0131 ger\u00e7ekle\u015ftirdi.<\/span><\/p>\n<div>\n<div aria-label=\"Geni\u015fletilen i\u00e7eri\u011fi gizleyin\" data-tooltip=\"Geni\u015fletilen i\u00e7eri\u011fi gizleyin\" id=\":1tl\" role=\"button\" style=\"clear:both;\" tabindex=\"0\"><span style=\"font-size:16px;\"><img src=\"https:\/\/ssl.gstatic.com\/ui\/v1\/icons\/mail\/images\/cleardot.gif\" style=\"height:8px;width:20px;\" \/><\/span><\/div>\n<\/div>\n<div>\n<p><span style=\"font-size:16px;\">Ger\u00e7ekle\u015fen ziyaret toplant\u0131s\u0131nda \u00a0Vahap Se\u00e7er 15 Temmuz darbenin olumsuzluklar\u0131ndan bahsetti.\u00a0 15 Temmuz ile beraber meydana gelen OHAL\u2019e de\u011finerek bir\u00e7ok ki\u015finin ma\u011fdur oldu\u011funu ifade etti. Haks\u0131z yere i\u015f\u00e7ilerin, milletvekillilerin, medyan\u0131n, bas\u0131n\u0131n \u00f6zg\u00fcrl\u00fckleri k\u0131s\u0131tland\u0131\u011f\u0131 belirtildi.<\/span><\/p>\n<p><span style=\"font-size:16px;\">Se\u00e7er Mersin\u2019in \u00f6nemli bir kent oldu\u011funu ve bar\u0131\u015fla karde\u015flikle e\u015fit bir \u015fekilde y\u00f6netilmesini vurgulad\u0131.<\/span><\/p>\n<p>\u00a0<\/p>\n<p><span style=\"font-size:16px;\">\u201cGER\u00c7EK B\u0130R DEMOKRAS\u0130YE KAR\u015eILAR\u201d<\/span><\/p>\n<p>\u00a0<\/p>\n<p><span style=\"font-size:16px;\">Ziyaret toplant\u0131s\u0131nda Se\u00e7er: \u201c15 Temmuz darbe giri\u015fimi asl\u0131nda mevcut o d\u00f6nemdeki h\u00fck\u00fcmete y\u00f6nelik bir darbe giri\u015fimi olarak haberle\u015ftirildi. O de\u011ferlendirme \u00fczerinden 15 Temmuz tart\u0131\u015f\u0131ld\u0131. Bu gelinen noktada anla\u015f\u0131l\u0131yor ki 15 Temmuz de\u011fil 15 Temmuz\u2019un akabinde ola\u011fan\u00fcst\u00fc ile beraber T\u00fcrkiye\u2019de ger\u00e7ek bir demokrasiye kar\u015f\u0131, eme\u011fe kar\u015f\u0131 temel hak ve \u00f6zg\u00fcrl\u00fcklere kar\u015f\u0131 bir darbe giri\u015fimin ger\u00e7ekle\u015fti\u011fini \u015fuanda g\u00f6r\u00fcyoruz. Tabi toplumlarda b\u00fct\u00fcn hastal\u0131klar\u0131n temelinde demokrasi e\u011fer bir s\u0131k\u0131nt\u0131 bir travma ya\u015f\u0131yorsa bir toplumda demokrasi yoksa b\u00fct\u00fcn alanlarda da bunun yan etkilerini komplikasyonlar\u0131n\u0131 g\u00f6rmek m\u00fcmk\u00fcnd\u00fcr.\u201d \u015feklinde konu\u015ftu.<\/span><\/p>\n<p>\u00a0<\/p>\n<p><span style=\"font-size:16px;\">\u201cSEBEPS\u0130Z YERE \u00c7O\u011eU K\u0130\u015e\u0130 \u0130\u015e\u0130NDEN OLDU\u201d<\/span><\/p>\n<p>\u00a0<\/p>\n<p><span style=\"font-size:16px;\">Gelinen son noktan\u0131n \u00fcz\u00fcc\u00fc oldu\u011fu kaydeden Se\u00e7er: \u201cBug\u00fcn gelinen noktada maalesef \u00e7o\u011fulcu parlamenter sistem i\u00e7erisinde bug\u00fcnk\u00fc zulme kar\u015f\u0131 bug\u00fcnk\u00fc antidemokratik uygulamalara kar\u015f\u0131, y\u00f6netim anlay\u0131\u015f\u0131na kar\u015f\u0131 kurumsal h\u00fcrriyetiyle parlamento m\u00fccadele eden tek ba\u015f\u0131na m\u00fccadele etmeye \u00e7al\u0131\u015fan bir siyasi partinin mensubu olarak \u00fcz\u00fcnt\u00fcyle \u00e7aresizlikle de\u011ferlendirme yapmaya \u00e7al\u0131\u015f\u0131yorum. Mevcut bizimle beraber muhalefet etmesi beklenen bir siyasi parti iktidarlar kol kola iktidar\u0131n adeta koltuk de\u011fnekli\u011fini yapan bir h\u00fcrriyete siyaset y\u00f6ntemini izliyor. Di\u011fer siyasi partinin \u00f6nemli siyaset\u00e7ileri, milletvekilleri, e\u015f ba\u015fkanlar\u0131 g\u00f6revdeki olan b\u00fct\u00fcn siyaset\u00e7ileri cezaevine koymu\u015f ve bunlar yap\u0131l\u0131rken T\u00fcrkiye\u2019de hukuk yok say\u0131lm\u0131\u015f. \u0130nsanlar\u0131n hakk\u0131nda yarg\u0131 karar\u0131 yokken i\u015flerinden al\u0131nd\u0131. Yarg\u0131 kar\u0131 yokken mahkeme karar\u0131 yokken ter\u00f6rist su\u00e7lamalar\u0131 yap\u0131larak g\u00f6revlerinden al\u0131n\u0131yor. Kamudaki g\u00f6revine son veriliyor i\u015f insan\u0131 ise i\u015finden oluyor.\u201d ifadelerini kulland\u0131.<\/span><\/p>\n<p>\u00a0<\/p>\n<p><span style=\"font-size:16px;\">\u201cSTK\u2019LAR HAKSIZLIKLARI CESURCA YER\u0130NE GET\u0130R\u0130YOR\u201d<\/span><\/p>\n<p>\u00a0<\/p>\n<p><span style=\"font-size:16px;\">Bir\u00e7ok antidemokratik uygulamalarla kar\u015f\u0131 kar\u015f\u0131ya kald\u0131klar\u0131n\u0131 belirten Se\u00e7er: \u201cElbette ki bu \u015fik\u00e2yetleri yapaca\u011f\u0131z. Bizim temel g\u00f6revimiz siyaset i\u00e7erisinde biz siyaset\u00e7iler STK\u2019lar kimsenin sesini \u00e7\u0131karamad\u0131\u011f\u0131 d\u00f6nemlerde \u00fclkenin sorunlar\u0131na baz\u0131 de\u011ferlendirmeleri cesurca yapmalar\u0131 beklenir. Tabiki memnuniyetle g\u00f6r\u00fcyorum ki mevcut burada bir arada bulunan platforma mensup sendikalar, STK\u2019lar bunu cesurca yerine getiriyor. Bu hem kentimiz i\u00e7in \u00f6nemli hem de bir kazan\u0131md\u0131r. Demokrasiler yerelde ye\u015fermeye ba\u015fl\u0131yor. Ben \u015fuanda eski bir parlamenter h\u00fcrriyetiyle\u00a0 Mersinde\u00a0 yerel demokrasi alan\u0131nda bir iddia ortaya koydum bunun \u00e7al\u0131\u015fmalar\u0131n\u0131 y\u00fcr\u00fct\u00fcyorum. Mersin bar\u0131\u015f\u00e7a karde\u015f\u00e7e ya\u015fad\u0131\u011f\u0131m\u0131z kenttir. T\u00fcrkiye\u2019nin ya\u015fam\u0131na travma ya\u015fatmak isteyenler, T\u00fcrkiye\u2019de sosyal bar\u0131\u015f\u0131 ka\u015f\u0131mak isteyenler bozmak isteyenler daha \u00e7ok Mersinde yapmay\u0131 hedeflerler. Bu kenti y\u00f6netmek i\u00e7in bar\u0131\u015f\u0131 h\u00fccrelerinde sindirmi\u015f olmas\u0131 gerekiyor. \u0130\u00e7selle\u015ftirmesi gerekiyor. Her t\u00fcrl\u00fc insana her t\u00fcrl\u00fc ideolojik yakla\u015f\u0131ma e\u015fit mesafede yakla\u015fmas\u0131 gerekir. Bu kenti y\u00f6netmek isteyenler ise kenttin sorunlar\u0131ndan haberdar olmas\u0131 gerekiyor.\u201d \u015feklinde belirtti.<\/span><\/p>\n<\/div>\n<\/div>\n<\/blockquote>\n","protected":false},"excerpt":{"rendered":"<p>Petrol-\u0130\u015f sendikas\u0131n\u0131 ziyarette bulunan Mersin CHP B\u00fcy\u00fck\u015fehir Belediye Ba\u015fkan\u0131 aday aday\u0131 Vahap Se\u00e7er, \u201cMersin\u2019i y\u00f6netmek isteyenler bar\u0131\u015f\u0131 h\u00fccrelerinde sindirmeleri gerekir\u201d dedi. Mersin CHP B\u00fcy\u00fck\u015fehir Belediye Ba\u015fkan\u0131 aday aday\u0131 Vahap Se\u00e7er &hellip; <a href=\"https:\/\/akdenizolaygazetesi.com\/?p=1733\" class=\"more-link\">Devam\u0131n\u0131 Oku&#8230;<\/a><\/p>\n","protected":false},"author":1,"featured_media":0,"comment_status":"open","ping_status":"open","sticky":false,"template":"","format":"standard","meta":[],"categories":[],"tags":[],"_links":{"self":[{"href":"https:\/\/akdenizolaygazetesi.com\/index.php?rest_route=\/wp\/v2\/posts\/1733"}],"collection":[{"href":"https:\/\/akdenizolaygazetesi.com\/index.php?rest_route=\/wp\/v2\/posts"}],"about":[{"href":"https:\/\/akdenizolaygazetesi.com\/index.php?rest_route=\/wp\/v2\/types\/post"}],"author":[{"embeddable":true,"href":"https:\/\/akdenizolaygazetesi.com\/index.php?rest_route=\/wp\/v2\/users\/1"}],"replies":[{"embeddable":true,"href":"https:\/\/akdenizolaygazetesi.com\/index.php?rest_route=%2Fwp%2Fv2%2Fcomments&post=1733"}],"version-history":[{"count":0,"href":"https:\/\/akdenizolaygazetesi.com\/index.php?rest_route=\/wp\/v2\/posts\/1733\/revisions"}],"wp:attachment":[{"href":"https:\/\/akdenizolaygazetesi.com\/index.php?rest_route=%2Fwp%2Fv2%2Fmedia&parent=1733"}],"wp:term":[{"taxonomy":"category","embeddable":true,"href":"https:\/\/akdenizolaygazetesi.com\/index.php?rest_route=%2Fwp%2Fv2%2Fcategories&post=1733"},{"taxonomy":"post_tag","embeddable":true,"href":"https:\/\/akdenizolaygazetesi.com\/index.php?rest_route=%2Fwp%2Fv2%2Ftags&post=1733"}],"curies":[{"name":"wp","href":"https:\/\/api.w.org\/{rel}","templated":true}]}}