{"id":1735,"date":"2020-11-04T18:22:16","date_gmt":"2020-11-04T15:22:16","guid":{"rendered":"http:\/\/mersinekonomipolitikagazetesi.com\/?p=1735"},"modified":"2020-11-04T18:22:16","modified_gmt":"2020-11-04T15:22:16","slug":"baskan-kocamazdan-huzurevi-icin-destek-istediler","status":"publish","type":"post","link":"https:\/\/akdenizolaygazetesi.com\/?p=1735","title":{"rendered":"Ba\u015fkan Kocamaz\u2019dan huzurevi i\u00e7in destek istediler"},"content":{"rendered":"<p>Anamur Huzurevi Yapt\u0131rma ve Ya\u015fatma Vakf\u0131 y\u00f6netimi, Mersin B\u00fcy\u00fck\u015fehir Belediye Ba\u015fkan\u0131 Burhanettin Kocamaz&#8217;dan huzurevi i\u00e7in destek istedi.<\/p>\n<p><span style=\"font-size:16px;\"><span style=\"font-family: sans-serif; line-height: 20px; text-align: justify; background-color: rgb(242, 244, 245);\">Vak\u0131f Ba\u015fkan\u0131 Tu\u011frul Ayhan, Huzurevi Yapt\u0131rma ve Ya\u015fatma Derne\u011fi Ba\u015fkan\u0131 T\u00fcrkan Kasapo\u011flu ve Huzurevi Vakf\u0131 y\u00f6neticileri Kamil K\u00f6rhasano\u011fullar\u0131 ve Ali O\u011fuz ile dernek y\u00f6neticileri Ye\u015fim Kaya, Sadise Seymen, Ay\u015fe Uysal ve \u015eeref Koz Mersin\u2019de bir araya geldikleri Ba\u015fkan Kocamaz\u2019a Huzurevi Projesi ile ilgili bilgi verdi ve \u00f6n\u00fcm\u00fczdeki s\u00fcre\u00e7te yap\u0131lmas\u0131 planlanan \u00e7al\u0131\u015fmalar\u0131 anlatt\u0131.\u00a0<\/span><br style=\"box-sizing: border-box; font-family: sans-serif; font-size: 14px; line-height: 20px; text-align: justify; background-color: rgb(242, 244, 245);\" \/><br \/>\n<span style=\"font-family: sans-serif; line-height: 20px; text-align: justify; background-color: rgb(242, 244, 245);\">B\u00fcy\u00fck\u015fehir Belediye Meclisi toplant\u0131s\u0131 i\u00e7in Mersin\u2019de bulunan Bozyaz\u0131 Belediye Ba\u015fkan\u0131 Mehmet Ball\u0131 da huzurevi y\u00f6netimine destek verdi ve g\u00f6r\u00fc\u015fmeye kat\u0131larak Ba\u015fkan Kocamaz\u2019a d\u00fc\u015f\u00fcncelerini aktard\u0131.\u00a0<\/span><br style=\"box-sizing: border-box; font-family: sans-serif; font-size: 14px; line-height: 20px; text-align: justify; background-color: rgb(242, 244, 245);\" \/><br \/>\n<span style=\"font-family: sans-serif; line-height: 20px; text-align: justify; background-color: rgb(242, 244, 245);\">B\u00fcy\u00fck\u015fehir Belediye Ba\u015fkan\u0131 Burhanettin Kocamaz ise detayl\u0131 bilgi ald\u0131\u011f\u0131 projeye yasal bir sak\u0131nca yoksa destek vermekten memnuniyet duyaca\u011f\u0131n\u0131 ifade ederek, konu ile ilgili hukuk\u00e7ular\u0131na detayl\u0131 bir inceleme yapt\u0131raca\u011f\u0131n\u0131 kaydetti.\u00a0<\/span><\/span><\/p>\n","protected":false},"excerpt":{"rendered":"<p>Anamur Huzurevi Yapt\u0131rma ve Ya\u015fatma Vakf\u0131 y\u00f6netimi, Mersin B\u00fcy\u00fck\u015fehir Belediye Ba\u015fkan\u0131 Burhanettin Kocamaz&#8217;dan huzurevi i\u00e7in destek istedi. Vak\u0131f Ba\u015fkan\u0131 Tu\u011frul Ayhan, Huzurevi Yapt\u0131rma ve Ya\u015fatma Derne\u011fi Ba\u015fkan\u0131 T\u00fcrkan Kasapo\u011flu ve &hellip; <a href=\"https:\/\/akdenizolaygazetesi.com\/?p=1735\" class=\"more-link\">Devam\u0131n\u0131 Oku&#8230;<\/a><\/p>\n","protected":false},"author":1,"featured_media":0,"comment_status":"open","ping_status":"open","sticky":false,"template":"","format":"standard","meta":[],"categories":[],"tags":[],"_links":{"self":[{"href":"https:\/\/akdenizolaygazetesi.com\/index.php?rest_route=\/wp\/v2\/posts\/1735"}],"collection":[{"href":"https:\/\/akdenizolaygazetesi.com\/index.php?rest_route=\/wp\/v2\/posts"}],"about":[{"href":"https:\/\/akdenizolaygazetesi.com\/index.php?rest_route=\/wp\/v2\/types\/post"}],"author":[{"embeddable":true,"href":"https:\/\/akdenizolaygazetesi.com\/index.php?rest_route=\/wp\/v2\/users\/1"}],"replies":[{"embeddable":true,"href":"https:\/\/akdenizolaygazetesi.com\/index.php?rest_route=%2Fwp%2Fv2%2Fcomments&post=1735"}],"version-history":[{"count":0,"href":"https:\/\/akdenizolaygazetesi.com\/index.php?rest_route=\/wp\/v2\/posts\/1735\/revisions"}],"wp:attachment":[{"href":"https:\/\/akdenizolaygazetesi.com\/index.php?rest_route=%2Fwp%2Fv2%2Fmedia&parent=1735"}],"wp:term":[{"taxonomy":"category","embeddable":true,"href":"https:\/\/akdenizolaygazetesi.com\/index.php?rest_route=%2Fwp%2Fv2%2Fcategories&post=1735"},{"taxonomy":"post_tag","embeddable":true,"href":"https:\/\/akdenizolaygazetesi.com\/index.php?rest_route=%2Fwp%2Fv2%2Ftags&post=1735"}],"curies":[{"name":"wp","href":"https:\/\/api.w.org\/{rel}","templated":true}]}}