{"id":17373,"date":"2022-03-20T10:23:13","date_gmt":"2022-03-20T07:23:13","guid":{"rendered":"http:\/\/akdenizolaygazetesi.com\/?p=17373"},"modified":"2022-03-20T10:23:13","modified_gmt":"2022-03-20T07:23:13","slug":"yilin-kadin-istihdami-saglayan-belediye-baskani-odulu-baskan-secerin","status":"publish","type":"post","link":"https:\/\/akdenizolaygazetesi.com\/?p=17373","title":{"rendered":"&#8216;YILIN KADIN \u0130ST\u0130HDAMI SA\u011eLAYAN BELED\u0130YE BA\u015eKANI \u00d6D\u00dcL\u00dc&#8217; BA\u015eKAN SE\u00c7ER&#8217;\u0130N"},"content":{"rendered":"<p>Mersin B\u00fcy\u00fck\u015fehir Belediye Ba\u015fkan\u0131 Vahap Se\u00e7er ve Mersinden Kad\u0131n Kooperatifi Ba\u015fkan\u0131 Meral Se\u00e7er, &#8220;Kad\u0131n G\u00fclerse D\u00fcnya G\u00fcler&#8221; ana temas\u0131yla bu y\u0131l ilk kez d\u00fczenlenen &#8216;\u00c7ukurova Kad\u0131n Zirvesi&#8217;nin &#8216;Kad\u0131n Ba\u015far\u0131 \u00d6d\u00fcl T\u00f6reni&#8217;ne kat\u0131ld\u0131.<\/p>\n<p>T\u00f6rende; &#8216;Y\u0131l\u0131n Kad\u0131n Kooperatifi&#8217; \u00f6d\u00fcl\u00fcn\u00fc Mersinden Kad\u0131n Kooperatifi ad\u0131na Meral Se\u00e7er al\u0131rken, &#8216;Y\u0131l\u0131n Kad\u0131n \u0130stihdam\u0131 Sa\u011flayan Belediye Ba\u015fkan\u0131&#8217; \u00f6d\u00fcl\u00fc Ba\u015fkan Se\u00e7er&#8217;e takdim edildi. Ayr\u0131ca,  &#8216;Gelece\u011fin Sporcu Kad\u0131nlar\u0131 Projesi&#8217; \u00f6d\u00fcl\u00fcne de Mersin B\u00fcy\u00fck\u015fehir Belediyesi&#8217;nin &#8216;K\u0131r \u00c7i\u00e7ekleri Projesi&#8217; lay\u0131k g\u00f6r\u00fcld\u00fc ve \u00f6d\u00fcl Ba\u015fkan Se\u00e7er&#8217;e takdim edildi.<\/p>\n<p>Meral Se\u00e7er: &#8220;Bu \u00f6d\u00fcl\u00fc t\u00fcm kad\u0131nlar\u0131m\u0131z\u0131n ad\u0131na al\u0131yorum&#8221;<\/p>\n<p>BN Hotel&#8217;de ger\u00e7ekle\u015ftirilen ve sunuculuklar\u0131n\u0131 Yeliz Do\u011framac\u0131lar Arman ile Cengiz Ayaz&#8217;\u0131n yapt\u0131\u011f\u0131 \u00f6d\u00fcl t\u00f6renine, Ba\u015fkan Se\u00e7er ve Meral Se\u00e7er&#8217;in yan\u0131 s\u0131ra Gen\u00e7lik ve Spordan Sorumlu Devlet eski Bakan\u0131 Murat Ba\u015fesgio\u011flu, Mezitli Belediye Ba\u015fkan\u0131 Ne\u015fet Tarhan, Seyhan Belediye Ba\u015fkan\u0131 Akif Kemal Akay, sanat ve i\u015f d\u00fcnyas\u0131ndan \u00e7ok say\u0131da temsilci, sivil toplum kurulu\u015flar\u0131n\u0131n temsilcileri ve y\u00f6neticileri kat\u0131ld\u0131.<\/p>\n<p>&#8216;Y\u0131l\u0131n Kad\u0131n Kooperatifi&#8217; \u00f6d\u00fcl\u00fcn\u00fc Mersinden Kad\u0131n Kooperatifi Ba\u015fkan\u0131 Meral Se\u00e7er&#8217;e, K\u0131br\u0131s T\u00fcrk Giri\u015fimci Kad\u0131nlar Derne\u011fi Y\u00f6netim Kurulu \u00dcyesi \u00d6zlem \u00d6zbeko\u011flu takdim etti. Meral Se\u00e7er, &#8220;B\u00f6yle de\u011ferli bir \u00f6d\u00fcle lay\u0131k g\u00f6r\u00fclmek, tabi kooperatif ad\u0131na \u00e7ok mutluluk verici. Kad\u0131nlar\u0131m\u0131z\u0131n sosyal ve ekonomik alanda g\u00fc\u00e7lenmesinde kooperatif\u00e7ilik \u00e7ok \u00f6nemli. Kad\u0131nlar\u0131m\u0131zla \u00e7\u0131kt\u0131\u011f\u0131m\u0131z bu yolda \u00e7al\u0131\u015fmalar\u0131m\u0131za ayn\u0131 azimle, ayn\u0131 enerjiyle, ayn\u0131 kararl\u0131l\u0131kla devam edece\u011fiz. Bu \u00f6d\u00fcl\u00fc de t\u00fcm kad\u0131nlar\u0131m\u0131z\u0131n ad\u0131na al\u0131yorum&#8221; dedi.<\/p>\n<p>Ba\u015fkan Se\u00e7er: &#8220;Belediyemde kad\u0131n \u00e7al\u0131\u015fanlar\u0131n oran\u0131n\u0131 art\u0131rmak bir l\u00fctuf de\u011fil&#8221;<\/p>\n<p>Ba\u015fkan Se\u00e7er&#8217;e &#8216;Y\u0131l\u0131n Kad\u0131n \u0130stihdam\u0131 Sa\u011flayan Belediye Ba\u015fkan\u0131&#8217; \u00f6d\u00fcl\u00fcn\u00fc Sayg\u0131n Medya Y\u00f6netim Kurulu Ba\u015fkan\u0131 Sayg\u0131n Kurt takdim etti. Ba\u015fkan Se\u00e7er,  yap\u0131lan organizasyonun \u00e7ok de\u011ferli oldu\u011funu ifade ederek, &#8220;Bu \u00f6d\u00fcl elbette \u00e7ok de\u011ferli ama bu bizim g\u00f6revimiz. Asl\u0131nda bir anlamda adaleti sa\u011fl\u0131yoruz. Toplum %50 kad\u0131n, %50 erkek. \u015eimdi bir Belediye Ba\u015fkan\u0131 olarak Belediyemde kad\u0131n \u00e7al\u0131\u015fanlar\u0131n oran\u0131n\u0131 art\u0131rmak bir l\u00fctuf de\u011fil. Kad\u0131nlar\u0131m\u0131z \u00f6nemli, kad\u0131nlar\u0131m\u0131z de\u011ferli. \u00c7al\u0131\u015fma hayat\u0131nda, siyasal ya\u015famda, her alanda \u00f6nemli ve de\u011ferli&#8221; dedi. Kad\u0131nlar\u0131n de\u011ferini bildiklerini ve bu do\u011frultuda hareket ettiklerini ifade eden Ba\u015fkan Se\u00e7er, &#8220;Bizler Atat\u00fcrk\u00e7\u00fc insanlar\u0131z, \u00e7a\u011fda\u015f insanlar\u0131z, \u00fclkemizi seviyoruz. Biz sek\u00fcler insanlar\u0131z. Kad\u0131n\u0131m\u0131z\u0131 ba\u015f\u0131m\u0131z\u0131n tac\u0131 yap\u0131yoruz. Yapt\u0131\u011f\u0131m\u0131z hi\u00e7bir \u00e7al\u0131\u015fma oy zaman\u0131 geldi\u011fi zaman onlar\u0131n oylar\u0131n\u0131 dev\u015firmeye, yani siyasal ranta d\u00f6n\u00fck \u00e7al\u0131\u015fmalar de\u011fil. Bunu samimiyetle s\u00f6yl\u00fcyorum ve sizlerin de inanmas\u0131n\u0131 istiyorum&#8221; ifadelerini kulland\u0131.<\/p>\n<p>&#8216;Gelece\u011fin Sporcu Kad\u0131nlar\u0131 Projesi \u00d6d\u00fcl\u00fc&#8217; K\u0131r \u00c7i\u00e7ekleri&#8217;nin<\/p>\n<p>Gecede, &#8216;Gelece\u011fin Sporcu Kad\u0131nlar\u0131 Projesi \u00d6d\u00fcl\u00fc&#8217; de Mersin B\u00fcy\u00fck\u015fehir Belediyesi&#8217;nin &#8216;K\u0131r \u00c7i\u00e7ekleri Projesi&#8217;ne verildi ve \u00f6d\u00fcl\u00fc Ba\u015fkan Se\u00e7er, UC\u0130M Ba\u015fkan\u0131 Saadet \u00d6zkan Efe&#8217;den ald\u0131.<\/p>\n<p>Ba\u015fkan Se\u00e7er ise &#8216;Ya\u015fam Boyu Ba\u015far\u0131 ve Onur \u00d6d\u00fcl\u00fc&#8217;n\u00fc Serpil Tamur&#8217;a verdi. Tamur konu\u015fmas\u0131nda, Adana&#8217;da dizi \u00e7ektiklerini anlatarak, &#8220;Yapt\u0131\u011f\u0131m ilk \u015fey gelir gelmez Mersin&#8217;i ziyaret etmek oldu. \u0130nan\u0131n m\u00fcthi\u015f etkilendim Mersin&#8217;den. Sizi bunun i\u00e7in kutluyorum&#8221; ifadelerini kulland\u0131.  <\/p>\n","protected":false},"excerpt":{"rendered":"<p>Mersin B\u00fcy\u00fck\u015fehir Belediye Ba\u015fkan\u0131 Vahap Se\u00e7er ve Mersinden Kad\u0131n Kooperatifi Ba\u015fkan\u0131 Meral Se\u00e7er, &#8220;Kad\u0131n G\u00fclerse D\u00fcnya G\u00fcler&#8221; ana temas\u0131yla bu y\u0131l ilk kez d\u00fczenlenen &#8216;\u00c7ukurova Kad\u0131n Zirvesi&#8217;nin &#8216;Kad\u0131n Ba\u015far\u0131 \u00d6d\u00fcl &hellip; <a href=\"https:\/\/akdenizolaygazetesi.com\/?p=17373\" class=\"more-link\">Devam\u0131n\u0131 Oku&#8230;<\/a><\/p>\n","protected":false},"author":2,"featured_media":17374,"comment_status":"open","ping_status":"open","sticky":false,"template":"","format":"standard","meta":[],"categories":[2,3,5],"tags":[],"_links":{"self":[{"href":"https:\/\/akdenizolaygazetesi.com\/index.php?rest_route=\/wp\/v2\/posts\/17373"}],"collection":[{"href":"https:\/\/akdenizolaygazetesi.com\/index.php?rest_route=\/wp\/v2\/posts"}],"about":[{"href":"https:\/\/akdenizolaygazetesi.com\/index.php?rest_route=\/wp\/v2\/types\/post"}],"author":[{"embeddable":true,"href":"https:\/\/akdenizolaygazetesi.com\/index.php?rest_route=\/wp\/v2\/users\/2"}],"replies":[{"embeddable":true,"href":"https:\/\/akdenizolaygazetesi.com\/index.php?rest_route=%2Fwp%2Fv2%2Fcomments&post=17373"}],"version-history":[{"count":1,"href":"https:\/\/akdenizolaygazetesi.com\/index.php?rest_route=\/wp\/v2\/posts\/17373\/revisions"}],"predecessor-version":[{"id":17375,"href":"https:\/\/akdenizolaygazetesi.com\/index.php?rest_route=\/wp\/v2\/posts\/17373\/revisions\/17375"}],"wp:featuredmedia":[{"embeddable":true,"href":"https:\/\/akdenizolaygazetesi.com\/index.php?rest_route=\/wp\/v2\/media\/17374"}],"wp:attachment":[{"href":"https:\/\/akdenizolaygazetesi.com\/index.php?rest_route=%2Fwp%2Fv2%2Fmedia&parent=17373"}],"wp:term":[{"taxonomy":"category","embeddable":true,"href":"https:\/\/akdenizolaygazetesi.com\/index.php?rest_route=%2Fwp%2Fv2%2Fcategories&post=17373"},{"taxonomy":"post_tag","embeddable":true,"href":"https:\/\/akdenizolaygazetesi.com\/index.php?rest_route=%2Fwp%2Fv2%2Ftags&post=17373"}],"curies":[{"name":"wp","href":"https:\/\/api.w.org\/{rel}","templated":true}]}}