{"id":1738,"date":"2020-11-04T18:22:16","date_gmt":"2020-11-04T15:22:16","guid":{"rendered":"http:\/\/mersinekonomipolitikagazetesi.com\/?p=1738"},"modified":"2020-11-04T18:22:16","modified_gmt":"2020-11-04T15:22:16","slug":"halk-otobusu-bisiklete-carpti-1-olu-1-agir-yarali","status":"publish","type":"post","link":"https:\/\/akdenizolaygazetesi.com\/?p=1738","title":{"rendered":"Halk otob\u00fcs\u00fc bisiklete \u00e7arpt\u0131: 1 \u00f6l\u00fc, 1 a\u011f\u0131r yaral\u0131"},"content":{"rendered":"<p>Mersin\u2019in Tarsus il\u00e7esinde halk otob\u00fcs\u00fcn\u00fcn elektrikli bisiklete \u00e7arpmas\u0131 sonucu meydana gelen trafik kazas\u0131nda 1 ki\u015fi \u00f6ld\u00fc, 1 ki\u015fi a\u011f\u0131r yaraland\u0131.<\/p>\n<p><span style=\"font-size:16px;\"><span style=\"font-family: sans-serif; line-height: 20px; text-align: justify; background-color: rgb(242, 244, 245);\">Al\u0131nan bilgiye g\u00f6re, H.U (41) idaresindeki 33 C 5046 plakal\u0131 \u00f6zel halk otob\u00fcs\u00fc, An\u0131t Mahallesi Necip Faz\u0131l K\u0131sak\u00fcrek Caddesi ile 0311 Sokak&#8217;\u0131n kesi\u015fti\u011fi noktada caddeye \u00e7\u0131kan \u015e\u00fckr\u00fc Ta\u015fy\u00fcrek (87) ve \u015eensel Ta\u015fy\u00fcrek\u2019in (70) bulundu\u011fu 3 tekerlekli elektrikli bisiklete \u00e7arpt\u0131. Otob\u00fcs \u015fof\u00f6r\u00fcn\u00fcn ani fren yapmas\u0131na ra\u011fmen yakla\u015f\u0131k 20 metre kayan otob\u00fcs elektrikli bisiklete \u00e7arpt\u0131. \u00c7arpman\u0131n \u015fiddetiyle elektrikli bisiklette bulunan \u015e\u00fckr\u00fc Ta\u015fy\u00fcrek ile e\u015fi \u015eensel Ta\u015fy\u00fcrek a\u011f\u0131r yaraland\u0131. Yaral\u0131lar, olay yerine \u00e7a\u011fr\u0131lan 112 ambulans\u0131 ile iki ayr\u0131 hastaneye kald\u0131r\u0131ld\u0131. Yaral\u0131lardan a\u015f\u0131r\u0131 kan kaybeden \u015eensel Ta\u015fy\u00fcrek yap\u0131lan t\u00fcm m\u00fcdahalelere ra\u011fmen kurtar\u0131lamad\u0131. \u015e\u00fckr\u00fc Ta\u015fy\u00fcrek&#8217;in hayati tehlikeyi atlatamad\u0131\u011f\u0131 \u00f6\u011frenildi.\u00a0<\/span><br style=\"box-sizing: border-box; font-family: sans-serif; font-size: 14px; line-height: 20px; text-align: justify; background-color: rgb(242, 244, 245);\" \/><br \/>\n<span style=\"font-family: sans-serif; line-height: 20px; text-align: justify; background-color: rgb(242, 244, 245);\">Kazaya kar\u0131\u015fan \u015fof\u00f6r g\u00f6zalt\u0131na al\u0131nd\u0131.\u00a0<\/span><\/span><\/p>\n","protected":false},"excerpt":{"rendered":"<p>Mersin\u2019in Tarsus il\u00e7esinde halk otob\u00fcs\u00fcn\u00fcn elektrikli bisiklete \u00e7arpmas\u0131 sonucu meydana gelen trafik kazas\u0131nda 1 ki\u015fi \u00f6ld\u00fc, 1 ki\u015fi a\u011f\u0131r yaraland\u0131. Al\u0131nan bilgiye g\u00f6re, H.U (41) idaresindeki 33 C 5046 plakal\u0131 &hellip; <a href=\"https:\/\/akdenizolaygazetesi.com\/?p=1738\" class=\"more-link\">Devam\u0131n\u0131 Oku&#8230;<\/a><\/p>\n","protected":false},"author":1,"featured_media":0,"comment_status":"open","ping_status":"open","sticky":false,"template":"","format":"standard","meta":[],"categories":[],"tags":[],"_links":{"self":[{"href":"https:\/\/akdenizolaygazetesi.com\/index.php?rest_route=\/wp\/v2\/posts\/1738"}],"collection":[{"href":"https:\/\/akdenizolaygazetesi.com\/index.php?rest_route=\/wp\/v2\/posts"}],"about":[{"href":"https:\/\/akdenizolaygazetesi.com\/index.php?rest_route=\/wp\/v2\/types\/post"}],"author":[{"embeddable":true,"href":"https:\/\/akdenizolaygazetesi.com\/index.php?rest_route=\/wp\/v2\/users\/1"}],"replies":[{"embeddable":true,"href":"https:\/\/akdenizolaygazetesi.com\/index.php?rest_route=%2Fwp%2Fv2%2Fcomments&post=1738"}],"version-history":[{"count":0,"href":"https:\/\/akdenizolaygazetesi.com\/index.php?rest_route=\/wp\/v2\/posts\/1738\/revisions"}],"wp:attachment":[{"href":"https:\/\/akdenizolaygazetesi.com\/index.php?rest_route=%2Fwp%2Fv2%2Fmedia&parent=1738"}],"wp:term":[{"taxonomy":"category","embeddable":true,"href":"https:\/\/akdenizolaygazetesi.com\/index.php?rest_route=%2Fwp%2Fv2%2Fcategories&post=1738"},{"taxonomy":"post_tag","embeddable":true,"href":"https:\/\/akdenizolaygazetesi.com\/index.php?rest_route=%2Fwp%2Fv2%2Ftags&post=1738"}],"curies":[{"name":"wp","href":"https:\/\/api.w.org\/{rel}","templated":true}]}}