{"id":17386,"date":"2022-03-21T13:45:08","date_gmt":"2022-03-21T10:45:08","guid":{"rendered":"http:\/\/akdenizolaygazetesi.com\/?p=17386"},"modified":"2022-03-21T13:45:08","modified_gmt":"2022-03-21T10:45:08","slug":"engelsiz-yasam-parkinda-hem-ozel-bireyler-hem-de-aileleri-nefes-aliyor","status":"publish","type":"post","link":"https:\/\/akdenizolaygazetesi.com\/?p=17386","title":{"rendered":"ENGELS\u0130Z YA\u015eAM PARKI&#8217;NDA HEM \u00d6ZEL B\u0130REYLER HEM DE A\u0130LELER\u0130 NEFES ALIYOR"},"content":{"rendered":"<p>Mersin B\u00fcy\u00fck\u015fehir Belediyesi Engelliler ve Sa\u011fl\u0131k Hizmetleri Dairesi b\u00fcnyesinde hizmet veren Engelsiz Ya\u015fam Park\u0131, hem \u00f6zel gereksinimli bireyler hem de aileleri i\u00e7in engelleri a\u015f\u0131yor. Her ya\u015ftan \u00f6zel bireye kap\u0131lar\u0131 a\u00e7\u0131k olan Engelsiz Ya\u015fam Park\u0131&#8217;nda bir\u00e7ok sportif faaliyete yer veriliyor. B\u00fcy\u00fck\u015fehir, \u00e7ocuklar\u0131n\u0131 etkinliklere getiren aileler i\u00e7in ise \u00e7e\u015fitli kurslar d\u00fczenliyor.<br \/>\nBu parkta engeller bir bir a\u015f\u0131l\u0131yor<br \/>\nYeni\u015fehir il\u00e7esinde yer alan ve tam g\u00fcn hizmet veren Engelsiz Ya\u015fam Park\u0131, hem \u00f6zel gereksinimli bireylerin hem de ailelerin g\u00f6zdesi oldu. \u00d6zel bireyler bocceden fitnessa, danstan y\u00fczmeye, halk danslar\u0131ndan beden e\u011fitimine kadar bir\u00e7ok etkinlikle keyifli vakit ge\u00e7irirken, makrome kursunda da anneler \u00e7ocuklar\u0131n\u0131 beklerken kaliteli vakit ge\u00e7iriyor. Yak\u0131n zamanda a\u00e7\u0131lan makrome kursunda \u00e7e\u015fitli s\u00fcs e\u015fyalar\u0131 yapan anneler i\u00e7in t\u0131\u011f i\u015fi kursu da faaliyete ge\u00e7ecek. \u00d6zel gereksinimli \u00e7ocuklar\u0131n ihtiya\u00e7lar\u0131n\u0131 kar\u015f\u0131larken hem fiziksel hem de ruhsal olarak destek almas\u0131 gereken anneleri bu anlamda da unutmayan B\u00fcy\u00fck\u015fehir, Engelsiz Ya\u015fam Park\u0131&#8217;nda psikolog e\u015fli\u011finde aile terapileri ile meditasyon dersleri de veriyor. Ayn\u0131 zamanda zumba ve pilates dersleri ile de aileler desteklenmeye devam ediliyor.<br \/>\n&#8220;Annelerimiz kurslar\u0131m\u0131zdan \u00e7ok memnun&#8221;<br \/>\nHalk E\u011fitim&#8217;de usta \u00f6\u011freticisi olarak g\u00f6rev yapan F\u0131nd\u0131k Ula\u015fl\u0131, Engelsiz Ya\u015fam Merkezi&#8217;nde \u00f6zel gereksinimli bireylerin annelerine makrome \u00fcr\u00fcnleri kullanarak \u00e7e\u015fitli e\u015fyalar yapmay\u0131 \u00f6\u011fretti\u011fini ifade ederek, &#8220;Makrome \u00fcr\u00fcnlerimiz bittikten sonra kursumuz tabii ki devam edecek. Annelerimiz bizim bu kurslar\u0131m\u0131zdan \u00e7ok memnunlar. Makrome \u00fcr\u00fcnlerimizden \u00f6nce kap\u0131 s\u00fcs\u00fc, \u00e7er\u00e7eve yapt\u0131k. Sonras\u0131nda \u00e7antam\u0131z var. Cam kavanozlar\u0131 s\u00fcsleyerek mumluklar yapaca\u011f\u0131z. Makrome \u00fcr\u00fcnlerimiz bittikten sonra da t\u0131\u011f i\u015fine ge\u00e7ece\u011fiz. Suple, paspas yapaca\u011f\u0131z. Bu t\u00fcr \u00fcr\u00fcnlerimizle annelerimizin vaktini de\u011ferlendirmeye \u00e7al\u0131\u015f\u0131yoruz. Annelerimiz kurslar\u0131m\u0131zdan \u00e7ok memnunlar&#8221; dedi.<br \/>\n&#8220;K\u0131z\u0131m da ben de \u00e7ok memnunuz, severek geliyoruz&#8221;<br \/>\nDown sendromlu 23 ya\u015f\u0131ndaki k\u0131z\u0131 Deniz Ba\u011fc\u0131 ile Engelsiz Ya\u015fam Park\u0131&#8217;n\u0131n etkinliklerinden faydalanan Derya Ba\u011fc\u0131, k\u0131z\u0131 etkinliklere kat\u0131l\u0131rken kendisinin de bo\u015f durmad\u0131\u011f\u0131n\u0131, a\u00e7\u0131lan kurslardan yararland\u0131\u011f\u0131n\u0131 s\u00f6yledi. Ba\u011fc\u0131, &#8220;Buras\u0131 09.30 gibi ba\u015fl\u0131yor, 15.00&#8217;e kadar biz bo\u015f durmuyoruz. Makrome kursumuz a\u00e7\u0131ld\u0131, anneler i\u00e7in \u00e7ok iyi oldu. De\u015farj oluyoruz rahatl\u0131yoruz, psikolojimiz d\u00fczeliyor. Sizler de biliyorsunuz b\u00fct\u00fcn engelli bireylerin sorunlar\u0131 oluyor, baz\u0131 s\u0131k\u0131nt\u0131lar\u0131 oluyor. Bunlar\u0131 a\u015fmak, rahatlamak ad\u0131na b\u00f6yle kurslar\u0131n a\u00e7\u0131lmas\u0131 bizler i\u00e7in \u00e7ok avantaj. K\u0131z\u0131m da ben de \u00e7ok memnunuz, severek geliyoruz&#8221; dedi. Makrome kursuna yeni ba\u015flamas\u0131na ra\u011fmen bir\u00e7ok \u00fcr\u00fcn yapt\u0131klar\u0131n\u0131 ifade eden Ba\u011fc\u0131,  &#8220;Kap\u0131 s\u00fcs\u00fc yapt\u0131k ve resim \u00e7er\u00e7evesiyle devam ediyoruz. Bundan sonraki derslerimizde mumluk yap\u0131lacakm\u0131\u015f, hocalar\u0131m\u0131z \u00e7ok iyi. Saks\u0131 koymak i\u00e7in sarka\u00e7 yap\u0131lacak, \u00e7anta yapaca\u011f\u0131z makromeden ki ben \u00e7ok seviyorum, en sevdi\u011fim alan. \u00c7ok mutluyum yani&#8221; diye konu\u015ftu.<br \/>\n&#8220;Anneler mutlu olunca \u00e7ocuklar daha da mutlu oluyor&#8221;<br \/>\nEngelsiz Ya\u015fam Park\u0131&#8217;nda beden e\u011fitimi \u00f6\u011fretmeni ve y\u00fczme antren\u00f6r\u00fc olarak g\u00f6rev yapan B\u00fc\u015fra Endez, beden e\u011fitimi, bocce, yaz aylar\u0131nda y\u00fczme kurslar\u0131, halk oyunlar\u0131, dans, resim ve pandomim drama dersleri verdiklerini ifade ederek, aileleri de bir\u00e7ok etkinlikte bir araya getirdiklerini s\u00f6yledi. Endez, \u015f\u00f6yle devam etti:<br \/>\n&#8220;\u00c7ocuklar\u0131m\u0131z burada beklerlerken anneleri \u00e7ok uzun vakit ge\u00e7iriyor. Vakitlerini etkili ve verimli ge\u00e7irsinler diye onlar\u0131 da unutmad\u0131k. Onlara da \u00e7e\u015fitli kurslar veriyoruz. Bu kurslar\u0131n hepsinde bir \u00f6n kay\u0131t gerekli. Makrome ve t\u0131\u011f \u00f6r\u00fcc\u00fcl\u00fc\u011f\u00fc kursumuz var. Nefes terapileri ve kahkaha terapi derslerimiz var. Ayn\u0131 zamanda meditasyon e\u011fitimi i\u00e7in onlar\u0131 destekliyoruz. Uzman psikolog e\u015fli\u011finde aile terapileri ve annelerle beraber kahve molalar\u0131 seanslar\u0131m\u0131z var. Hayatlar\u0131nda spor mutlaka olsun diye onlara zumba ve pilates dersleri vermeye devam ediyoruz. Bu ve bunun gibi \u00e7e\u015fitli kurslarla annelerimizi destekliyoruz. Onlar \u00e7ok memnunlar, buray\u0131 \u00e7ok seviyorlar. \u00c7ocuklar\u0131 da burada hem sosyalle\u015fiyor hem de keyifli vakit ge\u00e7iriyor. Anneler \u00e7ok mutlu olunca \u00e7ocuklar daha da mutlu oluyor.&#8221;<br \/>\n&#8220;Bocce sporu el, g\u00f6z koordinasyonunu geli\u015ftiriyor&#8221;<br \/>\nYeni\u015fehir Halk E\u011fitim&#8217;den Engelsiz Ya\u015fam Merkezi&#8217;nde bocce e\u011fitimi i\u00e7in g\u00f6revlendirilen Cihat Bakar, \u00f6zel bireylerin bocce derslerine keyifle geldi\u011fini ifade ederek, &#8220;Burada tamamen amac\u0131m\u0131z \u00f6\u011frencilerimizin, karde\u015flerimizin mutluluk duymas\u0131, keyif almas\u0131. Haftan\u0131n be\u015f g\u00fcn\u00fc park\u0131m\u0131zda derslerimize devam ediyoruz. \u00d6\u011frencilerimiz derslerde keyif al\u0131yorlar. Bocce sporu zaten el, g\u00f6z koordinasyonunu geli\u015ftirmeye dayal\u0131 oldu\u011fu i\u00e7in \u00f6\u011frencilerimize \u00e7ok faydal\u0131 oluyor. Dalg\u0131nl\u0131\u011f\u0131 \u00f6nl\u00fcyor, el, g\u00f6z koordinasyonunu geli\u015ftiriyor. \u00d6\u011frencilerimiz de derslerimize severek geliyor, devaml\u0131l\u0131k sa\u011fl\u0131yor&#8221; ifadelerine yer verdi.<br \/>\n&#8220;Arkada\u015flar\u0131m\u0131zla vakit ge\u00e7iriyoruz, sosyal bir ortam oluyor&#8221;<br \/>\nOrtopedik engelli \u00dcmit Y\u0131ld\u0131r\u0131m, hafta i\u00e7i bocce derslerine geldi\u011fini ifade ederek, &#8220;Bocce g\u00fczel, arkada\u015flar\u0131m\u0131zla vakit ge\u00e7iriyoruz, g\u00fczel oluyor. Sosyal bir ortam oluyor. Haftan\u0131n 2 g\u00fcn\u00fc geliyoruz. G\u00fczel ge\u00e7iyor. Yapanlara te\u015fekk\u00fcr ederim, Allah raz\u0131 olsun&#8221; dedi.<br \/>\n\u00d6zel gereksinimli birey A\u00e7elya Yarar, &#8220;20 ya\u015f\u0131nday\u0131m. Bocce, resim, beden, havuz dersimiz var. \u00d6\u011fleden sonra yemek yiyoruz. Anneler el sanatlar\u0131 yap\u0131yor. 15.00&#8217;e kadar hep okulday\u0131z. Arkada\u015flar\u0131mla e\u011fleniyorum, buras\u0131 \u00e7ok g\u00fczel&#8221; diye konu\u015ftu.  Adem Karaku\u015f da &#8220;Burada \u00e7ok e\u011fleniyorum, g\u00fcnlerim g\u00fczel ge\u00e7iyor. Dersimiz 15.00&#8217;te bitiyor. Evde olunca s\u0131k\u0131l\u0131yoruz. Bizim i\u00e7in buras\u0131 daha g\u00fczel oldu&#8221; dedi.<\/p>\n","protected":false},"excerpt":{"rendered":"<p>Mersin B\u00fcy\u00fck\u015fehir Belediyesi Engelliler ve Sa\u011fl\u0131k Hizmetleri Dairesi b\u00fcnyesinde hizmet veren Engelsiz Ya\u015fam Park\u0131, hem \u00f6zel gereksinimli bireyler hem de aileleri i\u00e7in engelleri a\u015f\u0131yor. Her ya\u015ftan \u00f6zel bireye kap\u0131lar\u0131 a\u00e7\u0131k &hellip; <a href=\"https:\/\/akdenizolaygazetesi.com\/?p=17386\" class=\"more-link\">Devam\u0131n\u0131 Oku&#8230;<\/a><\/p>\n","protected":false},"author":2,"featured_media":17387,"comment_status":"open","ping_status":"open","sticky":false,"template":"","format":"standard","meta":[],"categories":[3,9],"tags":[],"_links":{"self":[{"href":"https:\/\/akdenizolaygazetesi.com\/index.php?rest_route=\/wp\/v2\/posts\/17386"}],"collection":[{"href":"https:\/\/akdenizolaygazetesi.com\/index.php?rest_route=\/wp\/v2\/posts"}],"about":[{"href":"https:\/\/akdenizolaygazetesi.com\/index.php?rest_route=\/wp\/v2\/types\/post"}],"author":[{"embeddable":true,"href":"https:\/\/akdenizolaygazetesi.com\/index.php?rest_route=\/wp\/v2\/users\/2"}],"replies":[{"embeddable":true,"href":"https:\/\/akdenizolaygazetesi.com\/index.php?rest_route=%2Fwp%2Fv2%2Fcomments&post=17386"}],"version-history":[{"count":1,"href":"https:\/\/akdenizolaygazetesi.com\/index.php?rest_route=\/wp\/v2\/posts\/17386\/revisions"}],"predecessor-version":[{"id":17388,"href":"https:\/\/akdenizolaygazetesi.com\/index.php?rest_route=\/wp\/v2\/posts\/17386\/revisions\/17388"}],"wp:featuredmedia":[{"embeddable":true,"href":"https:\/\/akdenizolaygazetesi.com\/index.php?rest_route=\/wp\/v2\/media\/17387"}],"wp:attachment":[{"href":"https:\/\/akdenizolaygazetesi.com\/index.php?rest_route=%2Fwp%2Fv2%2Fmedia&parent=17386"}],"wp:term":[{"taxonomy":"category","embeddable":true,"href":"https:\/\/akdenizolaygazetesi.com\/index.php?rest_route=%2Fwp%2Fv2%2Fcategories&post=17386"},{"taxonomy":"post_tag","embeddable":true,"href":"https:\/\/akdenizolaygazetesi.com\/index.php?rest_route=%2Fwp%2Fv2%2Ftags&post=17386"}],"curies":[{"name":"wp","href":"https:\/\/api.w.org\/{rel}","templated":true}]}}