{"id":1739,"date":"2020-11-04T18:22:16","date_gmt":"2020-11-04T15:22:16","guid":{"rendered":"http:\/\/mersinekonomipolitikagazetesi.com\/?p=1739"},"modified":"2020-11-04T18:22:16","modified_gmt":"2020-11-04T15:22:16","slug":"manus-baba-konseri","status":"publish","type":"post","link":"https:\/\/akdenizolaygazetesi.com\/?p=1739","title":{"rendered":"\u201cManu\u015f Baba\u201d Konseri"},"content":{"rendered":"<p>Konserlerini sevgi \u00fczerine ger\u00e7ekle\u015ftirerek \u201cbirbirimize iyi gelelim\u201d diyen Manu\u015f Baba, 17. Mersin Uluslararas\u0131 M\u00fczik Festivali ile Mersin\u2019de.<\/p>\n<p><span style=\"font-size:16px;\">17. Mersin Uluslararas\u0131 M\u00fczik Festivali, pop\u00fcler m\u00fczi\u011fin g\u00f6zde sanat\u00e7\u0131lar\u0131ndan Manu\u015f Baba\u2019y\u0131 04<br \/>\nMay\u0131s 2018 Cuma saat: 20.00\u2019de Mezitli Soli Pompeipolis Antik Kenti\u2019nde Mersinli hayranlar\u0131yla<br \/>\nbulu\u015fturuyor.<br \/>\nKonserleri yo\u011fun bir ilgiyle kapal\u0131 gi\u015fe seslendirilen Manu\u015f Baba, her ya\u015ftan dinleyici kitlesine sahip;<br \/>\n\u00f6zellikle gen\u00e7ler aras\u0131nda be\u011feniyle takip edilmekte. T\u00fcrkiye\u2019nin en \u00f6nemli antik tarihine sahip olan<br \/>\nMezitli Soli Pompeipolis Antik Kenti\u2019nde \u00fccretsiz olarak yer alan Manu\u015f Baba konserine t\u00fcm<br \/>\nMersinliler davetli.<br \/>\nAs\u0131l ad\u0131 Mustafa \u00d6zkan olan Manu\u015f Baba\u2019n\u0131n m\u00fczik hayat\u0131, 2010 y\u0131l\u0131nda Akdeniz \u00dcniversitesi G\u00fczel<br \/>\nSanatlar Fak\u00fcltesi M\u00fczik b\u00f6l\u00fcm\u00fcyle birlikte ba\u015flad\u0131. Alb\u00fcms\u00fcz T\u00fcrkiye Turnesi kapsam\u0131nda 2016<br \/>\ny\u0131l\u0131nda pek \u00e7ok \u015fehirde konserler d\u00fczenledi. 2017 y\u0131l\u0131nda ise \u201cD\u00f6nersen Isl\u0131k \u00c7al\u201d isimli ilk alb\u00fcm\u00fcn\u00fc<br \/>\nyay\u0131nlad\u0131.<br \/>\nGeleneksel m\u00fczikten ilham alan Sanat\u00e7\u0131, konserleriyle y\u00fczbinlerce m\u00fcziksevere \u201cbirbirimize iyi<br \/>\ngelelim\u201d demeye devam ediyor.<\/span><\/p>\n","protected":false},"excerpt":{"rendered":"<p>Konserlerini sevgi \u00fczerine ger\u00e7ekle\u015ftirerek \u201cbirbirimize iyi gelelim\u201d diyen Manu\u015f Baba, 17. Mersin Uluslararas\u0131 M\u00fczik Festivali ile Mersin\u2019de. 17. Mersin Uluslararas\u0131 M\u00fczik Festivali, pop\u00fcler m\u00fczi\u011fin g\u00f6zde sanat\u00e7\u0131lar\u0131ndan Manu\u015f Baba\u2019y\u0131 04 May\u0131s &hellip; <a href=\"https:\/\/akdenizolaygazetesi.com\/?p=1739\" class=\"more-link\">Devam\u0131n\u0131 Oku&#8230;<\/a><\/p>\n","protected":false},"author":1,"featured_media":0,"comment_status":"open","ping_status":"open","sticky":false,"template":"","format":"standard","meta":[],"categories":[],"tags":[],"_links":{"self":[{"href":"https:\/\/akdenizolaygazetesi.com\/index.php?rest_route=\/wp\/v2\/posts\/1739"}],"collection":[{"href":"https:\/\/akdenizolaygazetesi.com\/index.php?rest_route=\/wp\/v2\/posts"}],"about":[{"href":"https:\/\/akdenizolaygazetesi.com\/index.php?rest_route=\/wp\/v2\/types\/post"}],"author":[{"embeddable":true,"href":"https:\/\/akdenizolaygazetesi.com\/index.php?rest_route=\/wp\/v2\/users\/1"}],"replies":[{"embeddable":true,"href":"https:\/\/akdenizolaygazetesi.com\/index.php?rest_route=%2Fwp%2Fv2%2Fcomments&post=1739"}],"version-history":[{"count":0,"href":"https:\/\/akdenizolaygazetesi.com\/index.php?rest_route=\/wp\/v2\/posts\/1739\/revisions"}],"wp:attachment":[{"href":"https:\/\/akdenizolaygazetesi.com\/index.php?rest_route=%2Fwp%2Fv2%2Fmedia&parent=1739"}],"wp:term":[{"taxonomy":"category","embeddable":true,"href":"https:\/\/akdenizolaygazetesi.com\/index.php?rest_route=%2Fwp%2Fv2%2Fcategories&post=1739"},{"taxonomy":"post_tag","embeddable":true,"href":"https:\/\/akdenizolaygazetesi.com\/index.php?rest_route=%2Fwp%2Fv2%2Ftags&post=1739"}],"curies":[{"name":"wp","href":"https:\/\/api.w.org\/{rel}","templated":true}]}}