{"id":1740,"date":"2020-11-04T18:22:16","date_gmt":"2020-11-04T15:22:16","guid":{"rendered":"http:\/\/mersinekonomipolitikagazetesi.com\/?p=1740"},"modified":"2020-11-04T18:22:16","modified_gmt":"2020-11-04T15:22:16","slug":"mersin-gazetesinden-izola-tebrik-ziyareti","status":"publish","type":"post","link":"https:\/\/akdenizolaygazetesi.com\/?p=1740","title":{"rendered":"Mersin Gazetesi\u2019nden  \u0130zol\u2019a tebrik ziyareti"},"content":{"rendered":"<p>Mersin Gazetesi ve Mersin Kad\u0131n Gazetesi MTSO\u2019nun yeni Meclis Ba\u015fkan\u0131 Hamit \u0130zol\u2019u ziyaret ederek yeni g\u00f6revinde ba\u015far\u0131lar diledi.<\/p>\n<p class=\"p1\">EMRAH B\u0130RG\u00dcL<\/p>\n<p class=\"p2\">Mersin Gazetesi imtiyaz sahibi Selahiddin Akku\u015f, Mersin Gazetesi Genel Yay\u0131n M\u00fcd\u00fcr\u00fc Ecem Akku\u015f ve\u00a0 Mersin Kad\u0131n Gazetesi \u0130mtiyaz sahibi Zeliha Akku\u015f; Mersin Ticaret ve Sanayi Odas\u0131 Meclis Ba\u015fkan\u0131 se\u00e7ilen Hamit \u0130zol\u2019u ziyaret etti.<\/p>\n<p class=\"p3\">\u00a0<\/p>\n<p class=\"p2\">Meclis Ba\u015fkan\u0131 Hamit \u0130zol yap\u0131lan ziyarete kar\u015f\u0131 mutlulu\u011funu dile getirdi.<\/p>\n<p class=\"p2\">Selahiddin Akku\u015f ise\u00a0 MTSO Meclis Ba\u015fkan\u0131 Hamit \u0130zol&#8217;un yeni g\u00f6revinde ba\u015far\u0131lar diledi.<\/p>\n<p class=\"p3\">\u00a0<\/p>\n<p class=\"p2\">MTSO Meclis Ba\u015fkan\u0131 se\u00e7ilen \u0130zol se\u00e7im sonras\u0131, \u201cMersin\u2019de bar\u0131\u015f ve karde\u015fli\u011fi peki\u015ftirmek, i\u015f insanlar\u0131 aras\u0131ndaki birli\u011fi ve karde\u015fli\u011fi sa\u011flamak i\u00e7in \u00e7al\u0131\u015faca\u011f\u0131m\u201d s\u00f6zlerini yenileyerek bar\u0131\u015f ve birliktelik vurgusu yapm\u0131\u015ft\u0131.\u00a0<\/p>\n","protected":false},"excerpt":{"rendered":"<p>Mersin Gazetesi ve Mersin Kad\u0131n Gazetesi MTSO\u2019nun yeni Meclis Ba\u015fkan\u0131 Hamit \u0130zol\u2019u ziyaret ederek yeni g\u00f6revinde ba\u015far\u0131lar diledi. EMRAH B\u0130RG\u00dcL Mersin Gazetesi imtiyaz sahibi Selahiddin Akku\u015f, Mersin Gazetesi Genel Yay\u0131n &hellip; <a href=\"https:\/\/akdenizolaygazetesi.com\/?p=1740\" class=\"more-link\">Devam\u0131n\u0131 Oku&#8230;<\/a><\/p>\n","protected":false},"author":1,"featured_media":0,"comment_status":"open","ping_status":"open","sticky":false,"template":"","format":"standard","meta":[],"categories":[],"tags":[],"_links":{"self":[{"href":"https:\/\/akdenizolaygazetesi.com\/index.php?rest_route=\/wp\/v2\/posts\/1740"}],"collection":[{"href":"https:\/\/akdenizolaygazetesi.com\/index.php?rest_route=\/wp\/v2\/posts"}],"about":[{"href":"https:\/\/akdenizolaygazetesi.com\/index.php?rest_route=\/wp\/v2\/types\/post"}],"author":[{"embeddable":true,"href":"https:\/\/akdenizolaygazetesi.com\/index.php?rest_route=\/wp\/v2\/users\/1"}],"replies":[{"embeddable":true,"href":"https:\/\/akdenizolaygazetesi.com\/index.php?rest_route=%2Fwp%2Fv2%2Fcomments&post=1740"}],"version-history":[{"count":0,"href":"https:\/\/akdenizolaygazetesi.com\/index.php?rest_route=\/wp\/v2\/posts\/1740\/revisions"}],"wp:attachment":[{"href":"https:\/\/akdenizolaygazetesi.com\/index.php?rest_route=%2Fwp%2Fv2%2Fmedia&parent=1740"}],"wp:term":[{"taxonomy":"category","embeddable":true,"href":"https:\/\/akdenizolaygazetesi.com\/index.php?rest_route=%2Fwp%2Fv2%2Fcategories&post=1740"},{"taxonomy":"post_tag","embeddable":true,"href":"https:\/\/akdenizolaygazetesi.com\/index.php?rest_route=%2Fwp%2Fv2%2Ftags&post=1740"}],"curies":[{"name":"wp","href":"https:\/\/api.w.org\/{rel}","templated":true}]}}