{"id":1741,"date":"2020-11-04T18:22:16","date_gmt":"2020-11-04T15:22:16","guid":{"rendered":"http:\/\/mersinekonomipolitikagazetesi.com\/?p=1741"},"modified":"2020-11-04T18:22:16","modified_gmt":"2020-11-04T15:22:16","slug":"meu-ogrecilere-kariyer-etkinligi","status":"publish","type":"post","link":"https:\/\/akdenizolaygazetesi.com\/?p=1741","title":{"rendered":"ME\u00dc \u00d6\u011eREC\u0130LERE KAR\u0130YER ETK\u0130NL\u0130\u011e\u0130"},"content":{"rendered":"<p>Mersin \u00dcniversite\u2019sinde  \u201cMilli Savunma Sanayi Ve Kariyer G\u00fcnleri\u201d etkinli\u011fi d\u00fczenlendi.<\/p>\n<div id=\":4\">\n<div id=\":2\">\n<div role=\"main\">\n<table cellpadding=\"0\" role=\"presentation\" style=\"width:1675px;\">\n<tbody>\n<tr>\n<td>\n<div role=\"list\">\n<div role=\"listitem\" style=\"clear:both;\" tabindex=\"-1\">\n<div id=\":1l5\">\n<div data-legacy-message-id=\"162b916081baa18a\" data-message-id=\"162b916081baa18a\">\n<div style=\"margin-left:44px;\">\n<div id=\":1ol\">\n<div id=\":1ls\">\n<div dir=\"auto\">\n<blockquote type=\"cite\">\n<div dir=\"ltr\">\n<p><span style=\"font-size:16px;\">D\u00fczenlenen etkinlik \u00f6ncesinde\u00a0 Milli Savunma Sanayi M\u00fcste\u015far Yard\u0131mc\u0131s\u0131 Dr. Celal Sami T\u00fcfek\u00e7i, T\u00fcrkiye Gen\u00e7lik Vakf\u0131 (T\u00dcGVA) Mersin \u0130l Ba\u015fkan\u0131 Okan \u00d6zer, Mersin \u00dcniversitesi Yeniler Toplulu\u011fu Ba\u015fkan\u0131 Ahmet Furkan Tem\u00fcr, Rekt\u00f6r Prof. Dr. Ahmet \u00c7amsar\u0131&#8217;y\u0131 makam\u0131nda ziyaret ederek sonras\u0131nda etkinlikte yer ald\u0131lar.<\/span><\/p>\n<div>\n<div aria-label=\"Geni\u015fletilen i\u00e7eri\u011fi gizleyin\" data-tooltip=\"Geni\u015fletilen i\u00e7eri\u011fi gizleyin\" id=\":1eu\" role=\"button\" style=\"clear:both;\" tabindex=\"0\"><span style=\"font-size:16px;\"><img src=\"https:\/\/ssl.gstatic.com\/ui\/v1\/icons\/mail\/images\/cleardot.gif\" style=\"height:8px;width:20px;\" \/><\/span><\/div>\n<\/p><\/div>\n<div>\u00a0<\/p>\n<p><span style=\"font-size: 16px; font-family: sans-serif, Arial, Verdana, 'Trebuchet MS'; line-height: 1.6em;\">T\u00dcFEK\u00c7\u0130, \u201cBUNLARI B\u0130Z YAPIYORUZ\u201d<\/span><\/p>\n<p>\u00a0<\/p>\n<p><span style=\"font-size:16px;\">\u0130lk olarak sunumu ger\u00e7ekle\u015ftiren Milli Savunma Sanayi M\u00fcste\u015far Yard\u0131mc\u0131s\u0131 Dr. Celal Sami T\u00fcfek\u00e7i: \u201cT\u00fcrkiye\u2019nin Milli Savunma alan\u0131nda \u00e7ok ciddi hedefler koyuyor. Denizin alt\u0131ndan uzaya kadar b\u00fct\u00fcn kademelerde ve i\u00e7indeki elektroni\u011finden bilgisayar\u0131ndan ve yaz\u0131l\u0131mlar\u0131na kadar bir\u00e7ok i\u015fte savunma sanayinde milli i\u015fler ger\u00e7ekle\u015ftiriyoruz. Bunlar\u0131 biz yap\u0131yoruz, daha da \u00f6tesi hedefliyoruz. Ama bunlar ancak ve ancak\u00a0 sizlerin katk\u0131lar\u0131 ile daha da \u00f6teye gidecektir.\u201d ifadelerini kulland\u0131.<\/span><\/p>\n<p>\u00a0<\/p>\n<p><span style=\"font-size:16px;\">\u00c7AMSARI, \u201cEN \u00d6NEML\u0130 ETKENLERDEN B\u0130R\u0130 DE M\u0130LL\u0130 \u00d6ZG\u00dcVEND\u0130R\u201d<\/span><\/p>\n<p>\u00a0<\/p>\n<p><span style=\"font-size:16px;\">Ard\u0131ndan Rekt\u00f6r Prof. Dr. Ahmet \u00c7amsar\u0131 ise yapt\u0131\u011f\u0131 konu\u015fmas\u0131nda toplumun ya\u015famas\u0131 ve geli\u015fmesi i\u00e7in \u00fcretimin \u015fart oldu\u011funu dile getirerek: \u201c\u00dcretim, topraktan, hayvanlardan, bitkilerden k\u0131sacas\u0131 bize sunulan nimetlerden \u00fcr\u00fcn sa\u011flamak ve yeni bir \u015feyler ortaya koymakt\u0131r. \u00dcretim, topra\u011f\u0131n i\u015flenerek bir \u00fcr\u00fcn elde edilmesi \u015feklinde olabilece\u011fi gibi, bir fabrikada emek, sermaye ve hammaddenin belirli a\u015famalardan ge\u00e7tikten sonra yeni bir \u00fcr\u00fcn elde edilmesi \u015feklinde de olabilmektedir.\u201d dedi.<\/span><\/p>\n<\/p><\/div>\n<\/p><\/div>\n<div>\u00a0<\/div>\n<\/blockquote>\n<div>\n<blockquote type=\"cite\">\n<div dir=\"ltr\">\n<p><span style=\"font-size:16px;\">S\u00f6zlerine devam eden \u00c7amsar\u0131 ya\u015fad\u0131klar\u0131n\u0131 d\u00fcnyada tar\u0131msal \u00fcretim tek ba\u015f\u0131na yetmedi\u011finin alt\u0131n\u0131 \u00e7izdi. \u00c7amsar\u0131: \u201cBilimin geli\u015fmesi ve buna ba\u011fl\u0131 olarak da savunma sanayinin geli\u015fmesi son derece \u00f6nemli bir meseledir. Bence Yerli ve Milli \u00dcretim konusunda en \u00f6nemli etkenlerden biri de Milli \u00d6zg\u00fcvendir.\u201d ifadelerini kulland\u0131.<\/span><\/p>\n<p>\u00a0<\/p>\n<p><span style=\"font-size:16px;\">Ger\u00e7ekle\u015ftirdi\u011fi faaliyetlerini aktaran T\u00fcrkiye Gen\u00e7lik Vakf\u0131 (T\u00dcGVA) Mersin \u0130l Ba\u015fkan\u0131 Okan \u00d6zer: \u201cBizler bu ve buna benzer faaliyetleri neden yapt\u0131\u011f\u0131m\u0131za de\u011finecek olursak Vak\u0131flar ve Sivil Toplum Kurulu\u015flar\u0131 bir\u00e7ok hazinal faaliyetleri i\u00e7in kuruldu\u011fu gibi insanlar\u0131 yeti\u015ftirmek ve fark\u0131ndal\u0131k olu\u015fturmakt\u0131r.\u201d \u015feklinde belirtti.<\/span><\/p>\n<p>\u00a0<\/p>\n<p><span style=\"font-size:16px;\">TEM\u00dcR, \u201cBU BULU\u015eMA \u0130\u00c7\u0130N YO\u011eUN EMEK SARFETT\u0130K\u201d<\/span><\/p>\n<p>\u00a0<\/p>\n<p><span style=\"font-size:16px;\">Etkinli\u011fin son konu\u015fmas\u0131nda Mersin \u00dcniversitesi Yeniler Toplulu\u011fu Ba\u015fkan\u0131 Ahmet Furkan Tem\u00fcr, yeni bir enerji yeni fikirler \u00fcretmek amac\u0131yla ME\u00dc \u00f6\u011frencileri i\u00e7in faaliyet g\u00f6sterdiklerini kaydetti. Tem\u00fcr: \u201cYeniler Toplulu\u011fu olarak \u00dcniversitemize yeni bir enerji, yeni bir hareket, yeni bir heyecan getirmek kaidesiyle okuyan, d\u00fc\u015f\u00fcnen, \u00fcreten bir Mersin \u00dcniversitesi Gen\u00e7li\u011fi hedefiyle faaliyetlerimizi y\u00fcr\u00fctmekteyiz. Sizlerden gelen talep ve istekler do\u011frultusunda bu bulu\u015fma i\u00e7in yo\u011fun emek sarfettik. Sizlerin bak\u0131\u015f a\u00e7\u0131s\u0131n\u0131 geli\u015ftirmesinde, kariyerlerinize emin ad\u0131mlarla ilerlemenizde, \u00e7evrenize ve insanl\u0131\u011fa faydal\u0131 birer birey olma yolunda ataca\u011f\u0131n\u0131z ad\u0131mlarda bug\u00fcn ve bundan sonraki t\u00fcm etkinlikleri de Yeniler Toplulu\u011fu yan\u0131n\u0131zda olacakt\u0131r\u201d diyerek son c\u00fcmlelerini tamamlad\u0131.<\/span><\/p>\n<\/p><\/div>\n<\/blockquote><\/div>\n<\/p><\/div>\n<\/p><\/div>\n<\/p><\/div>\n<\/p><\/div>\n<\/p><\/div>\n<\/p><\/div>\n<\/p><\/div>\n<\/p><\/div>\n<\/td>\n<\/tr>\n<\/tbody>\n<\/table>\n<div style=\"clear:both;\">\u00a0<\/div>\n<\/div>\n<\/div>\n<\/div>\n","protected":false},"excerpt":{"rendered":"<p>Mersin \u00dcniversite\u2019sinde \u201cMilli Savunma Sanayi Ve Kariyer G\u00fcnleri\u201d etkinli\u011fi d\u00fczenlendi. D\u00fczenlenen etkinlik \u00f6ncesinde\u00a0 Milli Savunma Sanayi M\u00fcste\u015far Yard\u0131mc\u0131s\u0131 Dr. Celal Sami T\u00fcfek\u00e7i, T\u00fcrkiye Gen\u00e7lik Vakf\u0131 (T\u00dcGVA) Mersin \u0130l Ba\u015fkan\u0131 Okan &hellip; <a href=\"https:\/\/akdenizolaygazetesi.com\/?p=1741\" class=\"more-link\">Devam\u0131n\u0131 Oku&#8230;<\/a><\/p>\n","protected":false},"author":1,"featured_media":0,"comment_status":"open","ping_status":"open","sticky":false,"template":"","format":"standard","meta":[],"categories":[],"tags":[],"_links":{"self":[{"href":"https:\/\/akdenizolaygazetesi.com\/index.php?rest_route=\/wp\/v2\/posts\/1741"}],"collection":[{"href":"https:\/\/akdenizolaygazetesi.com\/index.php?rest_route=\/wp\/v2\/posts"}],"about":[{"href":"https:\/\/akdenizolaygazetesi.com\/index.php?rest_route=\/wp\/v2\/types\/post"}],"author":[{"embeddable":true,"href":"https:\/\/akdenizolaygazetesi.com\/index.php?rest_route=\/wp\/v2\/users\/1"}],"replies":[{"embeddable":true,"href":"https:\/\/akdenizolaygazetesi.com\/index.php?rest_route=%2Fwp%2Fv2%2Fcomments&post=1741"}],"version-history":[{"count":0,"href":"https:\/\/akdenizolaygazetesi.com\/index.php?rest_route=\/wp\/v2\/posts\/1741\/revisions"}],"wp:attachment":[{"href":"https:\/\/akdenizolaygazetesi.com\/index.php?rest_route=%2Fwp%2Fv2%2Fmedia&parent=1741"}],"wp:term":[{"taxonomy":"category","embeddable":true,"href":"https:\/\/akdenizolaygazetesi.com\/index.php?rest_route=%2Fwp%2Fv2%2Fcategories&post=1741"},{"taxonomy":"post_tag","embeddable":true,"href":"https:\/\/akdenizolaygazetesi.com\/index.php?rest_route=%2Fwp%2Fv2%2Ftags&post=1741"}],"curies":[{"name":"wp","href":"https:\/\/api.w.org\/{rel}","templated":true}]}}