{"id":17434,"date":"2022-03-23T12:54:52","date_gmt":"2022-03-23T09:54:52","guid":{"rendered":"http:\/\/akdenizolaygazetesi.com\/?p=17434"},"modified":"2022-03-23T12:54:52","modified_gmt":"2022-03-23T09:54:52","slug":"baskan-secer-ogrencilerle-farkindalik-yaratti","status":"publish","type":"post","link":"https:\/\/akdenizolaygazetesi.com\/?p=17434","title":{"rendered":"BA\u015eKAN SE\u00c7ER, \u00d6\u011eRENC\u0130LERLE FARKINDALIK YARATTI"},"content":{"rendered":"<p>Toroslar \u015eifa Hatun Mesleki ve Teknik Anadolu Lisesi \u00f6\u011frencileri ve okul y\u00f6neticileri ile Mersin B\u00fcy\u00fck\u015fehir Belediyesi Engelsiz Ya\u015fam Merkezi&#8217;nde e\u011fitim g\u00f6ren down sendromlu bireyler, 21 Mart Down Sendromu Fark\u0131ndal\u0131k G\u00fcn\u00fc dolay\u0131s\u0131yla Mersin B\u00fcy\u00fck\u015fehir Belediye Ba\u015fkan\u0131 Vahap Se\u00e7er&#8217;i ziyaret etti. Ba\u015fkan Se\u00e7er, lise \u00f6\u011frencilerinin geli\u015ftirdi\u011fi proje ile birlikte ellerine renkli \u00e7oraplar giyerek fark\u0131ndal\u0131k yaratt\u0131.<br \/>\n&#8220;Mersin \u00e7ok g\u00fczel bir yer, \u00e7ok daha g\u00fczel olacak&#8221;<br \/>\nZiyarette, \u015eifa Hatun Sa\u011fl\u0131k Meslek Lisesi 12&#8217;nci s\u0131n\u0131f \u00f6\u011frencileri, okul y\u00f6neticileri ile B\u00fcy\u00fck\u015fehir Belediyesi Engelsiz Ya\u015fam Merkezi&#8217;nde e\u011fitim g\u00f6ren Mert \u00c7atk\u0131n, Cansu Co\u015fkun, Habibe Tan\u0131\u015f ve \u00d6zel E\u011fitim \u00d6\u011fretmeni Esra \u00d6zdal ile Psikolog Ezgi D\u00fclger yer ald\u0131. \u00d6\u011frenciler ve gen\u00e7lerle Mersin&#8217;le ilgili taleplerini dinleyen Ba\u015fkan Se\u00e7er, Mersin ve Mersinlilik vurgusu yapt\u0131. Ba\u015fkan Se\u00e7er; &#8220;Mersin&#8217;de ya\u015fayan herkes nereden gelmi\u015f olursa olsun Mersinlidir. Hi\u00e7 sorun yok. Gen\u00e7lerimiz bunun fark\u0131nda olmal\u0131. Yani bir aidiyetlerinin olmas\u0131 laz\u0131m. \u015eehir d\u0131\u015f\u0131nda gururla &#8216;Mersinliyim&#8217; demeleri laz\u0131m. Biz de Mersin&#8217;i tan\u0131tmak i\u00e7in b\u00fcy\u00fck u\u011fra\u015f veriyoruz. Mersin \u00e7ok g\u00fczel, \u00e7ok daha g\u00fczel olacak. Mersin&#8217;i hepimiz sahiplenece\u011fiz. Atat\u00fcrk&#8217;\u00fcn dedi\u011fi gibi; Mersinliler Mersin&#8217;e sahip \u00e7\u0131kacak&#8221; dedi.<br \/>\nBa\u015fkan Se\u00e7er&#8217;den gen\u00e7lere: &#8220;Mersin&#8217;de ne olmas\u0131n\u0131 istersiniz?&#8221;<br \/>\nGen\u00e7lere &#8220;Mersin&#8217;de ne olmas\u0131n\u0131 istersiniz?&#8221; diye soran Ba\u015fkan Se\u00e7er, gen\u00e7lerden yabanc\u0131 dil kurslar\u0131, bisiklet yollar\u0131n\u0131n art\u0131r\u0131lmas\u0131 taleplerini ald\u0131. Ba\u015fkan Se\u00e7er de yabanc\u0131 dil kursu talebinde bulunan gen\u00e7lere; Meslek Edindirme Merkezi&#8217;nde (MERCEK) ba\u015flat\u0131lan yabanc\u0131 dil kurslar\u0131n\u0131 \u00f6nerdi. Bisiklet yollar\u0131n\u0131n art\u0131r\u0131lmas\u0131na kendisinin de \u00f6nem verdi\u011fini belirten ve bu y\u00f6nde yap\u0131lan \u00e7al\u0131\u015fmalar\u0131 anlatan Se\u00e7er, gen\u00e7lere B\u00fcy\u00fck\u015fehir Belediyesi&#8217;nin spor kul\u00fcplerinin ma\u00e7lar\u0131n\u0131 takip etmeleri \u00e7a\u011fr\u0131s\u0131nda da bulundu.<br \/>\nZiyaret, lise \u00f6\u011frencilerinin down sendromuna dikkat \u00e7ekmek i\u00e7in geli\u015ftirdikleri ve ellerine renkli \u00e7orap giyerek olu\u015fturduklar\u0131 fark\u0131ndal\u0131k ile sonland\u0131.<\/p>\n","protected":false},"excerpt":{"rendered":"<p>Toroslar \u015eifa Hatun Mesleki ve Teknik Anadolu Lisesi \u00f6\u011frencileri ve okul y\u00f6neticileri ile Mersin B\u00fcy\u00fck\u015fehir Belediyesi Engelsiz Ya\u015fam Merkezi&#8217;nde e\u011fitim g\u00f6ren down sendromlu bireyler, 21 Mart Down Sendromu Fark\u0131ndal\u0131k G\u00fcn\u00fc &hellip; <a href=\"https:\/\/akdenizolaygazetesi.com\/?p=17434\" class=\"more-link\">Devam\u0131n\u0131 Oku&#8230;<\/a><\/p>\n","protected":false},"author":2,"featured_media":17435,"comment_status":"open","ping_status":"open","sticky":false,"template":"","format":"standard","meta":[],"categories":[7,1,3,9],"tags":[],"_links":{"self":[{"href":"https:\/\/akdenizolaygazetesi.com\/index.php?rest_route=\/wp\/v2\/posts\/17434"}],"collection":[{"href":"https:\/\/akdenizolaygazetesi.com\/index.php?rest_route=\/wp\/v2\/posts"}],"about":[{"href":"https:\/\/akdenizolaygazetesi.com\/index.php?rest_route=\/wp\/v2\/types\/post"}],"author":[{"embeddable":true,"href":"https:\/\/akdenizolaygazetesi.com\/index.php?rest_route=\/wp\/v2\/users\/2"}],"replies":[{"embeddable":true,"href":"https:\/\/akdenizolaygazetesi.com\/index.php?rest_route=%2Fwp%2Fv2%2Fcomments&post=17434"}],"version-history":[{"count":1,"href":"https:\/\/akdenizolaygazetesi.com\/index.php?rest_route=\/wp\/v2\/posts\/17434\/revisions"}],"predecessor-version":[{"id":17436,"href":"https:\/\/akdenizolaygazetesi.com\/index.php?rest_route=\/wp\/v2\/posts\/17434\/revisions\/17436"}],"wp:featuredmedia":[{"embeddable":true,"href":"https:\/\/akdenizolaygazetesi.com\/index.php?rest_route=\/wp\/v2\/media\/17435"}],"wp:attachment":[{"href":"https:\/\/akdenizolaygazetesi.com\/index.php?rest_route=%2Fwp%2Fv2%2Fmedia&parent=17434"}],"wp:term":[{"taxonomy":"category","embeddable":true,"href":"https:\/\/akdenizolaygazetesi.com\/index.php?rest_route=%2Fwp%2Fv2%2Fcategories&post=17434"},{"taxonomy":"post_tag","embeddable":true,"href":"https:\/\/akdenizolaygazetesi.com\/index.php?rest_route=%2Fwp%2Fv2%2Ftags&post=17434"}],"curies":[{"name":"wp","href":"https:\/\/api.w.org\/{rel}","templated":true}]}}