{"id":17437,"date":"2022-03-23T12:57:35","date_gmt":"2022-03-23T09:57:35","guid":{"rendered":"http:\/\/akdenizolaygazetesi.com\/?p=17437"},"modified":"2022-03-23T12:57:35","modified_gmt":"2022-03-23T09:57:35","slug":"gelecegimiz-bugunden-cok-daha-iyi-olacak","status":"publish","type":"post","link":"https:\/\/akdenizolaygazetesi.com\/?p=17437","title":{"rendered":"&#8220;GELECE\u011e\u0130M\u0130Z BUG\u00dcNDEN \u00c7OK DAHA \u0130Y\u0130 OLACAK&#8221;"},"content":{"rendered":"<p>Mersin B\u00fcy\u00fck\u015fehir Belediye Ba\u015fkan\u0131 Vahap Se\u00e7er ve Mersin Turizm \u0130\u015fletmecileri Dernek Ba\u015fkan\u0131 Hamit \u0130zol, T\u00dcRSAB TV&#8217;de T\u00dcRSAB K\u00fclt\u00fcr Turizmi \u0130htisas Ba\u015fkan Yard\u0131mc\u0131lar\u0131 \u00d6zg\u00fcr Ild\u0131r \u00d6ks\u00fcz ve N. \u0130lham Seyyale&#8217;nin sunumlar\u0131yla yay\u0131nlanan &#8220;K\u00fclt\u00fcr Ke\u015fifleri&#8221; program\u0131n\u0131n canl\u0131 yay\u0131n konu\u011fu oldu. Ba\u015fkan Se\u00e7er, Mersin&#8217;in tarihi ve k\u00fclt\u00fcrel zenginliklerini anlatt\u0131\u011f\u0131 yay\u0131nda Mersin&#8217;in turizm kenti olmas\u0131 i\u00e7in hayata ge\u00e7irdikleri \u00e7al\u0131\u015fmalara da de\u011findi. Turizmin geli\u015fmesinde yerel y\u00f6netimlerin tek ba\u015f\u0131na yeterli olmad\u0131\u011f\u0131n\u0131 vurgulayan Se\u00e7er, &#8220;Turizmin Mersin&#8217;de de geli\u015febilmesi i\u00e7in h\u00fck\u00fcmetin g\u00fcndeminde olmas\u0131 laz\u0131m&#8221; dedi.<br \/>\n&#8220;Kentimiz bir tarih hazinesi&#8221;<br \/>\nBa\u015fkan Se\u00e7er, Mersin&#8217;in tarihi ve k\u00fclt\u00fcrel birikimi ile turizm potansiyeli y\u00fcksek bir kent oldu\u011funu ifade ederek, &#8220;Kentimiz bir hazine; tarih hazinesi. \u00c7ok kadim bir b\u00f6lge, \u00e7ok k\u00f6kl\u00fc bir ge\u00e7mi\u015fi olan bir ilimiz. \u00d6zellikle Tarsus, Silifke, Anamur, bu hinterlant, Erdemli-Silifke aras\u0131 daha kadim medeniyetlere ev sahipli\u011fi yapm\u0131\u015f yerler. Mersin&#8217;in merkezi daha gen\u00e7 bir yerle\u015fim yeri. Liman ile beraber bir kent h\u00fcviyetine d\u00f6n\u00fc\u015fm\u00fc\u015f bir yer ama 10 bin y\u0131ll\u0131k bir tarihi burada g\u00f6rmeniz m\u00fcmk\u00fcn. Her semavi dinin, her imparatorlu\u011fun, medeniyetin kal\u0131nt\u0131lar\u0131n\u0131 g\u00f6rmeniz m\u00fcmk\u00fcn&#8221; dedi. \u00d6zellikle semavi dinlere ili\u015fkin turistik ziyaret de\u011feri olan yerlerin varl\u0131\u011f\u0131ndan bahseden Ba\u015fkan Se\u00e7er, &#8220;Saymakla bitmez. Dikkat ederseniz her b\u00f6lgede bir tarihi de\u011feri olan ya da bir sembol olan yerler var&#8221; ifadelerini kulland\u0131.<br \/>\n&#8220;Gelece\u011fimiz bug\u00fcnden \u00e7ok daha iyi olacak&#8221;<br \/>\nMersin&#8217;in turizm a\u00e7\u0131s\u0131ndan \u00e7ok zengin bir yer oldu\u011funu ancak bunun yeterli olmad\u0131\u011f\u0131n\u0131 ifade eden Ba\u015fkan Se\u00e7er, turizmde geli\u015fimin yat\u0131r\u0131mlarla olabilece\u011fini aktard\u0131. Ba\u015fkan Se\u00e7er, Mersin&#8217;in muazzam bir iklim ve verimli ovalara sahip oldu\u011funu belirterek, &#8220;\u00c7ok hareketli bir yer Mersin. \u015eu anda da Mersin&#8217;in kent olarak morali y\u00fcksek asl\u0131nda. \u00c7\u00fcnk\u00fc herkes biliyor ki gelece\u011fimiz bug\u00fcnden \u00e7ok daha iyi olacak&#8221; dedi. Turizmin geli\u015fmesi noktas\u0131nda yerel y\u00f6netimlerin tek ba\u015f\u0131na yeterli olmad\u0131\u011f\u0131n\u0131 da s\u00f6zlerine ekleyen Ba\u015fkan Se\u00e7er, &#8220;Turizmin Mersin&#8217;de de geli\u015febilmesi i\u00e7in h\u00fck\u00fcmetin g\u00fcndeminde olmas\u0131 laz\u0131m&#8221; diye konu\u015ftu.<br \/>\n&#8220;Biz belediyeler olarak daha minimize edilmi\u015f projeksiyonlar yapabiliriz&#8221;<br \/>\nMersin&#8217;de ilan edilmi\u015f 8 turizm b\u00f6lgesi oldu\u011funu vurgulayan Se\u00e7er, turizm b\u00f6lgesinin belirli avantajlar\u0131 oldu\u011funu aktard\u0131. Belediyeler olarak daha minimize edilmi\u015f projeksiyonlar yapabildiklerini ve bu \u00e7al\u0131\u015fmalar\u0131 da ger\u00e7ekle\u015ftirdiklerini s\u00f6yleyen Ba\u015fkan Se\u00e7er, &#8220;Mersin B\u00fcy\u00fck\u015fehir Belediyesi; Mersinden Kad\u0131n Kooperatifi&#8217;nin ortakl\u0131\u011f\u0131yla &#8216;\u00d6rnek K\u00f6y Projesi&#8217; yapt\u0131. Bir belediyenin \u00f6l\u00e7e\u011finde yapabilece\u011fi, \u00f6zellikle yerli turizme turisti \u00e7ekebilecek hareketlili\u011fi sa\u011flayacak bir \u00e7al\u0131\u015fmad\u0131r. T\u00fcrkiye&#8217;nin ilk Tar\u0131m Kredi Kooperatifi olan, Atat\u00fcrk&#8217;\u00fcn Silifke&#8217;deki kurdu\u011fun ve \u00fcyesi oldu\u011fu Gazi \u00c7iftli\u011fi&#8217;ni harekete ge\u00e7irmek, yerel ziyaret\u00e7ileri oraya ta\u015f\u0131mak turizme bir hizmettir. \u00c7\u00fcnk\u00fc Gazi \u00c7iftli\u011fi&#8217;ne ya da bu &#8216;\u00d6rnek K\u00f6y&#8217;e Adana&#8217;dan ya da civar illerden insanlar geliyor. Bu da turizm faaliyetidir. Bir hareketlilik sa\u011fl\u0131yor. Ama makro anlamda buraya b\u00fcy\u00fck b\u00fcy\u00fck tatil k\u00f6yleri yapacaksak, Karbo\u011faz\u0131&#8217;na turistik tesis yap\u0131p kayak turizmini a\u00e7acaksak ya da Karg\u0131cak&#8217;ta yada K\u0131zkalesi&#8217;nde bir tesis yapacaksak, ki buralar turizm b\u00f6lgesi; bunlar daha b\u00fcy\u00fck projeksiyonlar gerektiren konulard\u0131r&#8221; diye konu\u015ftu.<br \/>\n&#8220;Bunlar bizim tarihi miraslar\u0131m\u0131z, de\u011ferlerimiz&#8221;<br \/>\nBa\u015fkan Se\u00e7er, Mersin B\u00fcy\u00fck\u015fehir Belediyesi&#8217;nin en son EMITT Fuar\u0131&#8217;na kat\u0131ld\u0131\u011f\u0131n\u0131 ve 2 \u00f6d\u00fcl alarak Mersin&#8217;in tan\u0131t\u0131lmas\u0131 i\u00e7in \u00f6nemli bir rol sahiplendi\u011fini s\u00f6yledi. Mersin&#8217;de mavi bayrakl\u0131 K\u0131zkalesi ve Susano\u011flu&#8217;ndaki toplam 3 plaja da dikkat \u00e7eken Ba\u015fkan Se\u00e7er, B\u00fcy\u00fck\u015fehir Belediyesi olarak hizmet alanlar\u0131nda bulunan 12 plaj\u0131 vatanda\u015flara en iyi \u015fekilde sunduklar\u0131n\u0131 kaydetti. 1 Nisan&#8217;da Hatay&#8217;da a\u00e7\u0131lacak EXPO&#8217;ya da de\u011finen Ba\u015fkan Se\u00e7er, EXPO&#8217;da Mersin B\u00fcy\u00fck\u015fehir Belediyesi&#8217;ne &#8220;Mersin Bah\u00e7esi&#8221; ad\u0131 alt\u0131nda bir b\u00f6lgenin tahsis edildi\u011fini vurgulad\u0131. Ba\u015fkan Se\u00e7er, bu alanda Mersin&#8217;in tarihi ve k\u00fclt\u00fcrel zenginliklerini ta\u015f\u0131yan eserlerin r\u00f6prod\u00fcksiyonlar\u0131n\u0131 ve tasvirlerini yapt\u0131klar\u0131n\u0131, b\u00f6ylelikle de Mersin&#8217;in turizm de\u011ferlerini tan\u0131tma a\u00e7\u0131s\u0131ndan \u00f6nem ta\u015f\u0131d\u0131\u011f\u0131n\u0131 vurgulad\u0131.  Ba\u015fkan Se\u00e7er, eski kent merkezi olarak tarif etti\u011fi yakla\u015f\u0131k 50 bin metrekarelik alanda da yine kentsel tasar\u0131m \u00e7al\u0131\u015fmas\u0131 yapt\u0131klar\u0131n\u0131 ifade etti. G\u00fclnar Oteli&#8217;ni bitirdiklerini ve Karamanc\u0131lar Kona\u011f\u0131&#8217;nda gastronomi temal\u0131 bir \u00e7al\u0131\u015fma yapt\u0131klar\u0131n\u0131 da an\u0131msatan Ba\u015fkan Se\u00e7er, \u015funlar\u0131 s\u00f6yledi:<br \/>\n&#8220;Kendi \u00f6z kaynaklar\u0131m\u0131zla yap\u0131yoruz. \u00d6z kaynaklar\u0131m\u0131z meselesini niye s\u00f6yledim \u00e7\u00fcnk\u00fc samimi olarak bir \u015fey yapmak istiyoruz. Yoksa sponsor aray\u0131\u015f\u0131na \u00e7\u0131k, bir yerden hibe aray\u0131\u015f\u0131na \u00e7\u0131k zaman kaybediyorsunuz. Bakt\u0131m ki b\u00f6yle olmuyor. Dedim ki; &#8216;Girelim yapal\u0131m&#8217;. Bunlar bizim tarihi miraslar\u0131m\u0131z, de\u011ferlerimiz. Bunun gibi Kasaplar \u00c7ar\u015f\u0131s\u0131&#8217;nda bir\u00e7ok han\u0131 kamula\u015ft\u0131r\u0131l\u0131p kent turizmine hizmet etme noktas\u0131na getirmeye kadar \u00e7al\u0131\u015fmalar\u0131m\u0131z devam ediyor. Biz burada arkeolojik \u00e7al\u0131\u015fmalara da parasal destekler veriyoruz.&#8221;<br \/>\n&#8220;\u00d6nemli olan az say\u0131da ama kaliteli festivaller, etkinlikler yapmak&#8221;<br \/>\nBa\u015fkan Se\u00e7er, kurduklar\u0131 MEDEKA hakk\u0131nda da bilgiler payla\u015farak, &#8220;Bunlar, isminde oldu\u011fu gibi Mersin&#8217;e de\u011fer katacak \u00e7al\u0131\u015fmalar\u0131 hayata ge\u00e7irmek i\u00e7in yap\u0131lan olu\u015fumlar&#8221; dedi.<br \/>\nMersin&#8217;de Narenciye ve Uluslararas\u0131 M\u00fczik festivalleri gibi de\u011ferli organizasyonlar yap\u0131ld\u0131\u011f\u0131n\u0131 s\u00f6yleyen Ba\u015fkan Se\u00e7er, &#8220;Maalesef \u00e7ok uluslararas\u0131 \u00f6l\u00e7ekte duyulan, maruf, \u00fcnl\u00fc bir festival Mersin&#8217;e bug\u00fcne kadar kazand\u0131r\u0131lamam\u0131\u015f. Baz\u0131 \u00e7al\u0131\u015fmalar yap\u0131l\u0131yor; arkeoloji g\u00fcnleri yap\u0131l\u0131yor mesela. \u00d6nemli bir \u00e7al\u0131\u015fma. Bu tip lokal etkinlikler ya da baz\u0131 kurumlar\u0131n yapt\u0131\u011f\u0131 etkinlikler var ama kente mal olabilecek yedi cihan\u0131n duyabilece\u011fi \u00e7al\u0131\u015fmalar yap\u0131labilir&#8221; diye konu\u015ftu.<br \/>\nFestival ve etkinlikler konusunda gayret g\u00f6sterdiklerini vurgulayan Ba\u015fkan Se\u00e7er, &#8220;Ge\u00e7ti\u011fimiz hafta bir Roman Yar\u0131\u015fmas\u0131 yapt\u0131k. \u0130lk roman yar\u0131\u015fmam\u0131zd\u0131. Her \u015feyin bir ilki var. \u015eimdi bunlar\u0131 daha da istikrarl\u0131 hale getirip, daha da zenginle\u015ftirirsek her ge\u00e7en g\u00fcn bunun de\u011feri, \u00f6nemi de artar. \u00d6nemli olan say\u0131sal anlamda \u00e7ok festival, etkinlik yapmak de\u011fil. Az say\u0131da ama kaliteli festivaller, etkinlikler yapmak. Bunun \u00e7abas\u0131 i\u00e7erisindeyiz. Bunu da acemice, amat\u00f6rce de\u011fil hakikaten i\u015fi bilen insanlar\u0131 dinleyerek, onlarla i\u015f birli\u011fi yaparak yapma \u00e7abam\u0131z var&#8221; dedi.<br \/>\nHamit \u0130zol: &#8220;Ba\u015fkan\u0131m Mersin i\u00e7in bir \u015fanst\u0131r&#8221;<br \/>\nMersin Turizm \u0130\u015fletmecileri Derne\u011fi (MERT\u0130D) Ba\u015fkan\u0131 Hamit \u0130zol, turizm ve di\u011fer konularda g\u00f6sterdi\u011fi kararl\u0131l\u0131k ile Ba\u015fkan Se\u00e7er&#8217;in Mersin i\u00e7in bir \u015fans oldu\u011funu belirterek, &#8220;Ba\u015fkan\u0131m Mersin i\u00e7in bir \u015fanst\u0131r. Ger\u00e7ekten turizm konusunda olsun, di\u011fer konularda olsun, \u015fehrimizin geli\u015fmesinde olsun, \u00e7ok b\u00fcy\u00fck bir \u015fans. Yapt\u0131\u011f\u0131 i\u015fleri anlat\u0131rsa program\u0131n sonuna kadar devam eder. Sa\u011fl\u0131k turizmi ile ilgili ula\u015f\u0131m\u0131 sa\u011flad\u0131. Daha \u00f6nce yaln\u0131z arabalar\u0131n girdi\u011fi, yayalar\u0131n giremedi\u011fi, bisikletlerin dola\u015famad\u0131\u011f\u0131 veya engelli bir vatanda\u015f\u0131n ula\u015f\u0131m\u0131n\u0131n sa\u011flanamad\u0131\u011f\u0131 haldeyken, bu y\u0131l Mersin&#8217;de her yere ula\u015f\u0131labiliyor. Sa\u011fl\u0131k turizminin biliyorsunuz ilk \u00f6nceli\u011fi ula\u015fabilmektir. Yani engelli bir vatanda\u015f\u0131n ula\u015f\u0131m\u0131n\u0131 sa\u011flamakt\u0131r. Bu konuda Ba\u015fkan\u0131m\u0131n \u00e7ok b\u00fcy\u00fck \u00e7abalar\u0131 vard\u0131r. Bug\u00fcn Mersin&#8217;i turizm kenti olarak konu\u015fuyoruz. \u00c7ok g\u00fczel g\u00fcnler bizi bekliyor. Ba\u015fkan\u0131m\u0131n bize verdi\u011fi bu destekle, bu dayan\u0131\u015fmayla, bizim \u00f6n\u00fcm\u00fcz\u00fc a\u00e7\u0131c\u0131 fikirleriyle, havaalan\u0131m\u0131z\u0131n da bitmesiyle yat\u0131r\u0131mc\u0131lar\u0131n, herkesin Mersin&#8217;e y\u00f6nelece\u011fini d\u00fc\u015f\u00fcn\u00fcyorum&#8221; ifadelerini kulland\u0131.<\/p>\n","protected":false},"excerpt":{"rendered":"<p>Mersin B\u00fcy\u00fck\u015fehir Belediye Ba\u015fkan\u0131 Vahap Se\u00e7er ve Mersin Turizm \u0130\u015fletmecileri Dernek Ba\u015fkan\u0131 Hamit \u0130zol, T\u00dcRSAB TV&#8217;de T\u00dcRSAB K\u00fclt\u00fcr Turizmi \u0130htisas Ba\u015fkan Yard\u0131mc\u0131lar\u0131 \u00d6zg\u00fcr Ild\u0131r \u00d6ks\u00fcz ve N. \u0130lham Seyyale&#8217;nin sunumlar\u0131yla &hellip; <a href=\"https:\/\/akdenizolaygazetesi.com\/?p=17437\" class=\"more-link\">Devam\u0131n\u0131 Oku&#8230;<\/a><\/p>\n","protected":false},"author":2,"featured_media":17438,"comment_status":"open","ping_status":"open","sticky":false,"template":"","format":"standard","meta":[],"categories":[2,3,5],"tags":[],"_links":{"self":[{"href":"https:\/\/akdenizolaygazetesi.com\/index.php?rest_route=\/wp\/v2\/posts\/17437"}],"collection":[{"href":"https:\/\/akdenizolaygazetesi.com\/index.php?rest_route=\/wp\/v2\/posts"}],"about":[{"href":"https:\/\/akdenizolaygazetesi.com\/index.php?rest_route=\/wp\/v2\/types\/post"}],"author":[{"embeddable":true,"href":"https:\/\/akdenizolaygazetesi.com\/index.php?rest_route=\/wp\/v2\/users\/2"}],"replies":[{"embeddable":true,"href":"https:\/\/akdenizolaygazetesi.com\/index.php?rest_route=%2Fwp%2Fv2%2Fcomments&post=17437"}],"version-history":[{"count":1,"href":"https:\/\/akdenizolaygazetesi.com\/index.php?rest_route=\/wp\/v2\/posts\/17437\/revisions"}],"predecessor-version":[{"id":17439,"href":"https:\/\/akdenizolaygazetesi.com\/index.php?rest_route=\/wp\/v2\/posts\/17437\/revisions\/17439"}],"wp:featuredmedia":[{"embeddable":true,"href":"https:\/\/akdenizolaygazetesi.com\/index.php?rest_route=\/wp\/v2\/media\/17438"}],"wp:attachment":[{"href":"https:\/\/akdenizolaygazetesi.com\/index.php?rest_route=%2Fwp%2Fv2%2Fmedia&parent=17437"}],"wp:term":[{"taxonomy":"category","embeddable":true,"href":"https:\/\/akdenizolaygazetesi.com\/index.php?rest_route=%2Fwp%2Fv2%2Fcategories&post=17437"},{"taxonomy":"post_tag","embeddable":true,"href":"https:\/\/akdenizolaygazetesi.com\/index.php?rest_route=%2Fwp%2Fv2%2Ftags&post=17437"}],"curies":[{"name":"wp","href":"https:\/\/api.w.org\/{rel}","templated":true}]}}