{"id":1745,"date":"2020-11-04T18:22:17","date_gmt":"2020-11-04T15:22:17","guid":{"rendered":"http:\/\/mersinekonomipolitikagazetesi.com\/?p=1745"},"modified":"2020-11-04T18:22:17","modified_gmt":"2020-11-04T15:22:17","slug":"baskan-tolludan-polislere-powerbank","status":"publish","type":"post","link":"https:\/\/akdenizolaygazetesi.com\/?p=1745","title":{"rendered":"Ba\u015fkan Tollu&#8217;dan polislere &#8216;powerbank&#8217;"},"content":{"rendered":"<p>Erdemli Belediye Ba\u015fkan\u0131 M\u00fckerrem Tollu, &#8216;Polis Haftas\u0131&#8217; dolay\u0131s\u0131yla ziyaret etti\u011fi polislere &#8216;powerbank&#8217; hediye etti.<\/p>\n<p><span style=\"font-size:16px;\"><span style=\"font-family: sans-serif; line-height: 20px; text-align: justify; background-color: rgb(242, 244, 245);\">Erdemli Belediye Ba\u015fkan\u0131 M\u00fckerrem Tollu, &#8216;Polis Haftas\u0131&#8217; dolay\u0131s\u0131yla il\u00e7e emniyet m\u00fcd\u00fcrl\u00fc\u011f\u00fcn\u00fc ziyaret ederek, polislere &#8216;powerbank&#8217; hediye etti. MHP Erdemli \u0130l\u00e7e Ba\u015fkan\u0131 Bekir \u00d6zsu ve y\u00f6netim kurulu \u00fcyelerinin de yer ald\u0131\u011f\u0131 ziyarette konu\u015fan Tollu, polislerin vatanda\u015f\u0131n huzurlu bir ya\u015fam s\u00fcrebilmesi i\u00e7in \u00e7ok \u00f6nemli bir hizmeti yerine getirdiklerini s\u00f6yledi. Polislerin g\u00fcven ve huzurun teminat\u0131 oldu\u011funu kaydeden Tollu, polislerin hakk\u0131n\u0131n \u00f6denmeyece\u011fini belirtti. Memurlara &#8216;powerbank&#8217; hediye ederek, Erdemli\u2019de g\u00f6rev yapan polislerin her zaman yan\u0131nda olduklar\u0131n\u0131 ve ifaden Tollu, &#8220;Onlar sayesinde il\u00e7emizde g\u00fcvendeyiz. Onlarla birlikte daha g\u00fczel bir Erdemli i\u00e7in \u00e7al\u0131\u015f\u0131yoruz. Polislerimizin 173&#8217;\u00fcnc\u00fcs\u00fc kutlanan polis haftalar\u0131n\u0131 g\u00f6n\u00fclden tebrik ederim\u201d dedi.\u00a0<\/span><br style=\"box-sizing: border-box; font-family: sans-serif; font-size: 14px; line-height: 20px; text-align: justify; background-color: rgb(242, 244, 245);\" \/><br \/>\n<span style=\"font-family: sans-serif; line-height: 20px; text-align: justify; background-color: rgb(242, 244, 245);\">MHP Erdemli \u0130l\u00e7e Ba\u015fkan\u0131 Bekir \u00d6zsu da &#8220;Halk\u0131n huzur ve g\u00fcven i\u00e7erisinde ya\u015fayabilmesi i\u00e7in gecesini g\u00fcnd\u00fcz\u00fcne katan, \u00f6zveri ile \u00e7al\u0131\u015fan polis te\u015fkilat\u0131m\u0131z\u0131n kurulu\u015f y\u0131l d\u00f6n\u00fcm\u00fcn\u00fc en kalbi duygular\u0131mla kutluyorum. Vatan ve g\u00f6rev u\u011frunda hayatlar\u0131n\u0131 feda eden emniyet \u015fehitlerimizi bir kez daha minnet ve rahmetle an\u0131yor, gazilerimize \u015f\u00fckranlar\u0131m\u0131z\u0131 sunuyorum. T\u00fcm emniyet mensuplar\u0131m\u0131za g\u00f6revlerinde ba\u015far\u0131lar diliyorum&#8221; ifadelerini kulland\u0131.\u00a0<\/span><\/span><\/p>\n","protected":false},"excerpt":{"rendered":"<p>Erdemli Belediye Ba\u015fkan\u0131 M\u00fckerrem Tollu, &#8216;Polis Haftas\u0131&#8217; dolay\u0131s\u0131yla ziyaret etti\u011fi polislere &#8216;powerbank&#8217; hediye etti. Erdemli Belediye Ba\u015fkan\u0131 M\u00fckerrem Tollu, &#8216;Polis Haftas\u0131&#8217; dolay\u0131s\u0131yla il\u00e7e emniyet m\u00fcd\u00fcrl\u00fc\u011f\u00fcn\u00fc ziyaret ederek, polislere &#8216;powerbank&#8217; hediye &hellip; <a href=\"https:\/\/akdenizolaygazetesi.com\/?p=1745\" class=\"more-link\">Devam\u0131n\u0131 Oku&#8230;<\/a><\/p>\n","protected":false},"author":1,"featured_media":0,"comment_status":"open","ping_status":"open","sticky":false,"template":"","format":"standard","meta":[],"categories":[],"tags":[],"_links":{"self":[{"href":"https:\/\/akdenizolaygazetesi.com\/index.php?rest_route=\/wp\/v2\/posts\/1745"}],"collection":[{"href":"https:\/\/akdenizolaygazetesi.com\/index.php?rest_route=\/wp\/v2\/posts"}],"about":[{"href":"https:\/\/akdenizolaygazetesi.com\/index.php?rest_route=\/wp\/v2\/types\/post"}],"author":[{"embeddable":true,"href":"https:\/\/akdenizolaygazetesi.com\/index.php?rest_route=\/wp\/v2\/users\/1"}],"replies":[{"embeddable":true,"href":"https:\/\/akdenizolaygazetesi.com\/index.php?rest_route=%2Fwp%2Fv2%2Fcomments&post=1745"}],"version-history":[{"count":0,"href":"https:\/\/akdenizolaygazetesi.com\/index.php?rest_route=\/wp\/v2\/posts\/1745\/revisions"}],"wp:attachment":[{"href":"https:\/\/akdenizolaygazetesi.com\/index.php?rest_route=%2Fwp%2Fv2%2Fmedia&parent=1745"}],"wp:term":[{"taxonomy":"category","embeddable":true,"href":"https:\/\/akdenizolaygazetesi.com\/index.php?rest_route=%2Fwp%2Fv2%2Fcategories&post=1745"},{"taxonomy":"post_tag","embeddable":true,"href":"https:\/\/akdenizolaygazetesi.com\/index.php?rest_route=%2Fwp%2Fv2%2Ftags&post=1745"}],"curies":[{"name":"wp","href":"https:\/\/api.w.org\/{rel}","templated":true}]}}