{"id":1746,"date":"2020-11-04T18:22:17","date_gmt":"2020-11-04T15:22:17","guid":{"rendered":"http:\/\/mersinekonomipolitikagazetesi.com\/?p=1746"},"modified":"2020-11-04T18:22:17","modified_gmt":"2020-11-04T15:22:17","slug":"mdtoda-lokmanoglu-yeniden-baskan","status":"publish","type":"post","link":"https:\/\/akdenizolaygazetesi.com\/?p=1746","title":{"rendered":"MDTO&#8217;da Lokmano\u011flu yeniden ba\u015fkan"},"content":{"rendered":"<p>Mersin Deniz Ticaret Odas\u0131&#8217;nda (MDTO) yap\u0131lan se\u00e7imlerde ba\u015fkanl\u0131\u011fa Cihat Lokmano\u011flu yeniden se\u00e7ilirken, Meclis Ba\u015fkanl\u0131\u011f\u0131na Levent Dip\u00e7in getirildi<\/p>\n<p><span style=\"font-size:16px;\"><span style=\"font-family: sans-serif; line-height: 20px; text-align: justify; background-color: rgb(242, 244, 245);\">MDTO&#8217;dan yap\u0131lan a\u00e7\u0131klamaya g\u00f6re, T\u00fcrkiye\u2019nin ilk ve tek b\u00f6lgesel deniz ticaret odas\u0131 olan MDTO\u2019da organ se\u00e7imleri tamamland\u0131. Ge\u00e7en hafta yap\u0131lan se\u00e7imin ilk a\u015famas\u0131nda, MDTO\u2019nun 20 meclis \u00fcyesi belirlendi. Se\u00e7imin son g\u00fcn\u00fcnde ise MDTO Meclisi, y\u00f6netim kurulu ba\u015fkan\u0131 ve y\u00f6netim kurulu \u00fcyelerini, TOBB delegelerini ve disiplin kurulunu se\u00e7ti. Daha sonra en ya\u015fl\u0131 \u00fcye Atahan \u00c7ukurova ba\u015fkanl\u0131\u011f\u0131nda toplanan MDTO Meclisi, ba\u015fkan ve ba\u015fkanvekili ile katip \u00fcyeyi belirledi.\u00a0<\/span><br style=\"box-sizing: border-box; font-family: sans-serif; font-size: 14px; line-height: 20px; text-align: justify; background-color: rgb(242, 244, 245);\" \/><br \/>\n<span style=\"font-family: sans-serif; line-height: 20px; text-align: justify; background-color: rgb(242, 244, 245);\">Se\u00e7imler sonunda MDTO Y\u00f6netim Kurulu Ba\u015fkanl\u0131\u011f\u0131na Cihat Lokmano\u011flu yeniden se\u00e7ilirken, Jozef Atat, Atahan \u00c7ukurova, \u0130skender Butros, Bedi Canatan, Mi\u015fel \u015ea\u015fati ve \u00d6zcan Barut da y\u00f6netim kurulu \u00fcyesi oldular.\u00a0<\/span><br style=\"box-sizing: border-box; font-family: sans-serif; font-size: 14px; line-height: 20px; text-align: justify; background-color: rgb(242, 244, 245);\" \/><br \/>\n<span style=\"font-family: sans-serif; line-height: 20px; text-align: justify; background-color: rgb(242, 244, 245);\">Mersin Deniz Ticaret Odas\u0131 Meclis Ba\u015fkanl\u0131\u011f\u0131na ise Levent Dip\u00e7in, Ba\u015fkanvekilli\u011fine Filip Tahinci, Katip \u00dcyeli\u011fe Ayla Harp oybirli\u011fiyle se\u00e7ildi.\u00a0<\/span><br style=\"box-sizing: border-box; font-family: sans-serif; font-size: 14px; line-height: 20px; text-align: justify; background-color: rgb(242, 244, 245);\" \/><br \/>\n<span style=\"font-family: sans-serif; line-height: 20px; text-align: justify; background-color: rgb(242, 244, 245);\">Lokmano\u011flu, 29 y\u0131l \u00f6nce kurulan odan\u0131n, ge\u00e7mi\u015fte oldu\u011fu gibi bundan sonra da sekt\u00f6r\u00fcn sorunlar\u0131 ve geli\u015fmesi i\u00e7in \u00e7aba g\u00f6sterece\u011fini ve Mersin ile ilgili her t\u00fcrl\u00fc sorunun \u00e7\u00f6z\u00fcm\u00fcne destek olacaklar\u0131n\u0131 s\u00f6yledi. Lokmano\u011flu, \u201cOdam\u0131z, her zaman oldu\u011fu gibi g\u00f6revinin bilincinde olarak denizcilik e\u011fitimine \u00e7ok \u00f6nem vermektedir. Ge\u00e7mi\u015fte MDTO Anadolu Denizcilik Meslek Lisesi\u2019ni yapm\u0131\u015ft\u0131k. \u015eimdi s\u0131rada Denizcilik Fak\u00fcltesi var. Mersin \u00dcniversitesi b\u00fcnyesinde kurulan ve halen fiziki bir mekan\u0131 olmayan Denizcilik Fak\u00fcltesi binas\u0131, odam\u0131z taraf\u0131ndan yap\u0131lacakt\u0131r. En ge\u00e7 may\u0131s ay\u0131 i\u00e7inde in\u015faat\u0131n temelini at\u0131p, k\u0131sa s\u00fcrede tamamlamak istiyoruz. E\u011fitim, T\u00fcrkiye\u2019nin olmazsa olmaz \u00f6nceli\u011fidir&#8221; dedi.\u00a0<\/span><br style=\"box-sizing: border-box; font-family: sans-serif; font-size: 14px; line-height: 20px; text-align: justify; background-color: rgb(242, 244, 245);\" \/><br \/>\n<span style=\"font-family: sans-serif; line-height: 20px; text-align: justify; background-color: rgb(242, 244, 245);\">MDTO\u2019nun TOBB delegeleri ise do\u011fal delege Cihat Lokmano\u011flu d\u0131\u015f\u0131nda, Levent Dip\u00e7in, Jozef Atat, Atahan \u00c7ukurova, Filip Tahinci, \u0130skender Butros, Mi\u015fel \u015ea\u015fati, Bekir Y\u0131ld\u0131z, Ayla Harp, \u00d6zcan Barut, Bedi Canatan ve Ali K\u00fc\u00e7\u00fck\u2019 den olu\u015ftu.\u00a0<\/span><\/span><\/p>\n","protected":false},"excerpt":{"rendered":"<p>Mersin Deniz Ticaret Odas\u0131&#8217;nda (MDTO) yap\u0131lan se\u00e7imlerde ba\u015fkanl\u0131\u011fa Cihat Lokmano\u011flu yeniden se\u00e7ilirken, Meclis Ba\u015fkanl\u0131\u011f\u0131na Levent Dip\u00e7in getirildi MDTO&#8217;dan yap\u0131lan a\u00e7\u0131klamaya g\u00f6re, T\u00fcrkiye\u2019nin ilk ve tek b\u00f6lgesel deniz ticaret odas\u0131 olan &hellip; <a href=\"https:\/\/akdenizolaygazetesi.com\/?p=1746\" class=\"more-link\">Devam\u0131n\u0131 Oku&#8230;<\/a><\/p>\n","protected":false},"author":1,"featured_media":0,"comment_status":"open","ping_status":"open","sticky":false,"template":"","format":"standard","meta":[],"categories":[],"tags":[],"_links":{"self":[{"href":"https:\/\/akdenizolaygazetesi.com\/index.php?rest_route=\/wp\/v2\/posts\/1746"}],"collection":[{"href":"https:\/\/akdenizolaygazetesi.com\/index.php?rest_route=\/wp\/v2\/posts"}],"about":[{"href":"https:\/\/akdenizolaygazetesi.com\/index.php?rest_route=\/wp\/v2\/types\/post"}],"author":[{"embeddable":true,"href":"https:\/\/akdenizolaygazetesi.com\/index.php?rest_route=\/wp\/v2\/users\/1"}],"replies":[{"embeddable":true,"href":"https:\/\/akdenizolaygazetesi.com\/index.php?rest_route=%2Fwp%2Fv2%2Fcomments&post=1746"}],"version-history":[{"count":0,"href":"https:\/\/akdenizolaygazetesi.com\/index.php?rest_route=\/wp\/v2\/posts\/1746\/revisions"}],"wp:attachment":[{"href":"https:\/\/akdenizolaygazetesi.com\/index.php?rest_route=%2Fwp%2Fv2%2Fmedia&parent=1746"}],"wp:term":[{"taxonomy":"category","embeddable":true,"href":"https:\/\/akdenizolaygazetesi.com\/index.php?rest_route=%2Fwp%2Fv2%2Fcategories&post=1746"},{"taxonomy":"post_tag","embeddable":true,"href":"https:\/\/akdenizolaygazetesi.com\/index.php?rest_route=%2Fwp%2Fv2%2Ftags&post=1746"}],"curies":[{"name":"wp","href":"https:\/\/api.w.org\/{rel}","templated":true}]}}