{"id":1747,"date":"2020-11-04T18:22:17","date_gmt":"2020-11-04T15:22:17","guid":{"rendered":"http:\/\/mersinekonomipolitikagazetesi.com\/?p=1747"},"modified":"2020-11-04T18:22:17","modified_gmt":"2020-11-04T15:22:17","slug":"vali-su-tek-durak-ofis-yatirimcilara-hiz-kazandiracak","status":"publish","type":"post","link":"https:\/\/akdenizolaygazetesi.com\/?p=1747","title":{"rendered":"Vali Su: &#8220;Tek Durak Ofis, yat\u0131r\u0131mc\u0131lara h\u0131z kazand\u0131racak&#8221;"},"content":{"rendered":"<p>Mersin Valisi Ali \u0130hsan Su, Tek Durak Ofis sistemi sayesinde yerli ve yabanc\u0131 yat\u0131r\u0131mc\u0131lar\u0131n \u00f6n\u00fcndeki b\u00fcrokrasinin h\u0131zlanaca\u011f\u0131n\u0131 belirterek, &#8220;Yap\u0131lacak olan sistemle, yat\u0131r\u0131mc\u0131lar\u0131n ilimize yat\u0131r\u0131m yapmalar\u0131n\u0131 kolayla\u015ft\u0131rarak daha cazip k\u0131lmak ama\u00e7lan\u0131yor. Ofislerde, ilgili t\u00fcm kurum ve kurulu\u015flardan konusunda uzman personeller yer alacak. Bu sayede yat\u0131r\u0131mc\u0131lar tek durakta i\u015flemlerini halledecek&#8221; dedi.<\/p>\n<p><span style=\"font-size:16px;\"><span style=\"font-family: sans-serif; line-height: 20px; text-align: justify; background-color: rgb(242, 244, 245);\">\u00c7ukurova Kalk\u0131nma Ajans\u0131 (\u00c7KA) taraf\u0131ndan haz\u0131rlanan &#8216;Tek Durak Ofis&#8217; sisteminin tan\u0131t\u0131m toplant\u0131s\u0131 Mersin Valisi Ali \u0130hsan Su ba\u015fkanl\u0131\u011f\u0131nda yap\u0131ld\u0131. Mersin Ticaret Borsas\u0131&#8217;nda d\u00fczenlenen toplant\u0131da konu\u015fan Vali Ali \u0130hsan Su, ekonominin geli\u015fmesinin ve \u00fclkenin kalk\u0131nmas\u0131n\u0131n do\u011frudan yat\u0131r\u0131mlarla ilgili oldu\u011funu belirterek, yat\u0131r\u0131mlar\u0131n artmas\u0131n\u0131n vatanda\u015flar\u0131n refah seviyesinin de artmas\u0131n\u0131 beraberinde getirece\u011fini s\u00f6yledi.\u00a0<\/span><br style=\"box-sizing: border-box; font-family: sans-serif; font-size: 14px; line-height: 20px; text-align: justify; background-color: rgb(242, 244, 245);\" \/><br \/>\n<span style=\"font-family: sans-serif; line-height: 20px; text-align: justify; background-color: rgb(242, 244, 245);\">Mersin&#8217;in ve T\u00fcrkiye&#8217;nin h\u0131zla geli\u015fti\u011fini vurgulayan Vali Su, bu \u00e7er\u00e7evede Mersin&#8217;e, \u00c7ukurova B\u00f6lgesel Havaliman\u0131, Akdeniz Sahil Yolu Projesi, h\u0131zl\u0131 tren ve 8 turizm b\u00f6lgesi yap\u0131m\u0131 \u00e7al\u0131\u015fmalar\u0131n\u0131n h\u0131zla devam etti\u011fini kaydetti.\u00a0<\/span><br style=\"box-sizing: border-box; font-family: sans-serif; font-size: 14px; line-height: 20px; text-align: justify; background-color: rgb(242, 244, 245);\" \/><br \/>\n<span style=\"font-family: sans-serif; line-height: 20px; text-align: justify; background-color: rgb(242, 244, 245);\">Kente ciddi anlamda yat\u0131r\u0131m yap\u0131ld\u0131\u011f\u0131n\u0131 aktaran Su, &#8220;Yat\u0131r\u0131mlar bittik\u00e7e mevcut potansiyelimiz 3-4 kat artacak&#8221; dedi.\u00a0<\/span><br style=\"box-sizing: border-box; font-family: sans-serif; font-size: 14px; line-height: 20px; text-align: justify; background-color: rgb(242, 244, 245);\" \/><br \/>\n<span style=\"font-family: sans-serif; line-height: 20px; text-align: justify; background-color: rgb(242, 244, 245);\">Yerli ve yabanc\u0131 yat\u0131r\u0131mc\u0131n\u0131n y\u00fcr\u00fctece\u011fi i\u015f ve i\u015flemlerin de kolayla\u015ft\u0131r\u0131lmas\u0131n\u0131n gereklili\u011fini s\u00f6yleyen Su, \u201cBu ba\u011flamda birinci ve ikinci etap Organize Sanayi B\u00f6lgesi (OSB) \u015fu an faaliyette ve \u00fc\u00e7\u00fcnc\u00fc etap OSB\u2019de yer tahsisi ba\u015fvurusu a\u015famas\u0131nday\u0131z. Ard\u0131ndan d\u00f6rd\u00fcnc\u00fc ve be\u015finci etaplar\u0131 da faaliyete ge\u00e7irece\u011fiz. Mut OSB ile ilgili \u00e7al\u0131\u015fmalar\u0131m\u0131z tamamland\u0131, k\u0131sa zamanda altyap\u0131 \u00e7al\u0131\u015fmalar\u0131na ba\u015flanacak. Silifke OSB\u2019de geli\u015ftirme \u00e7al\u0131\u015fmalar\u0131m\u0131z devam ediyor. Tarsus\u2019a yeni bir G\u0131da \u0130htisas OSB kurduk, \u015fu an kamula\u015ft\u0131rma ile ilgili \u00e7al\u0131\u015fmalar s\u00fcr\u00fcyor. Hemen yan\u0131na G\u0131da \u0130htisas \u0130\u015fleme OSB kuruyoruz, \u015fu anda \u00c7evresel Etki De\u011ferlendirmesi (\u00c7ED)raporlar\u0131 tamamland\u0131\u201d ifadelerini kulland\u0131.\u00a0<\/span><br style=\"box-sizing: border-box; font-family: sans-serif; font-size: 14px; line-height: 20px; text-align: justify; background-color: rgb(242, 244, 245);\" \/><br \/>\n<span style=\"font-family: sans-serif; line-height: 20px; text-align: justify; background-color: rgb(242, 244, 245);\">Yerli ve yabanc\u0131 yat\u0131r\u0131mc\u0131lar\u0131n &#8216;Tek Durak Ofisleriyle&#8217; t\u00fcm i\u015flemlerini en k\u0131sa yoldan tamamlamas\u0131n\u0131 sa\u011flanaca\u011f\u0131n\u0131 belirten Su, &#8220;Yat\u0131r\u0131mc\u0131lar\u0131n \u00f6n\u00fcndeki b\u00fcrokrasiyi \u00e7abukla\u015ft\u0131rmak ve yat\u0131r\u0131c\u0131lar\u0131n ilimizde yat\u0131r\u0131m yapmalar\u0131n\u0131 kolayla\u015ft\u0131rarak daha cazip k\u0131lmak amac\u0131yla, \u00c7KA \u00e7at\u0131s\u0131 alt\u0131nda &#8216;Tek Durak Ofisi&#8217; kurulacak. Ofislerde, ilgili t\u00fcm kurum ve kurulu\u015flardan konusunda uzman personeller yer alacak. Yerli ve yabanc\u0131 yat\u0131r\u0131mc\u0131lar, bu ofislere m\u00fcracaatta bulunarak t\u00fcm i\u015flemlerini en k\u0131sa yoldan tamamlayacak&#8221; \u015feklinde konu\u015ftu.\u00a0<\/span><br style=\"box-sizing: border-box; font-family: sans-serif; font-size: 14px; line-height: 20px; text-align: justify; background-color: rgb(242, 244, 245);\" \/><br \/>\n<span style=\"font-family: sans-serif; line-height: 20px; text-align: justify; background-color: rgb(242, 244, 245);\">\u00c7KA Genel Sekreteri Lutfi Altunsu\u2019nun da projeyi tan\u0131tan bir konuma yapt\u0131\u011f\u0131 toplant\u0131, projeye y\u00f6nelik sunumlar ve g\u00f6r\u00fc\u015f al\u0131\u015f-veri\u015finde bulunulmas\u0131yla sona erdi.\u00a0<\/span><\/span><\/p>\n","protected":false},"excerpt":{"rendered":"<p>Mersin Valisi Ali \u0130hsan Su, Tek Durak Ofis sistemi sayesinde yerli ve yabanc\u0131 yat\u0131r\u0131mc\u0131lar\u0131n \u00f6n\u00fcndeki b\u00fcrokrasinin h\u0131zlanaca\u011f\u0131n\u0131 belirterek, &#8220;Yap\u0131lacak olan sistemle, yat\u0131r\u0131mc\u0131lar\u0131n ilimize yat\u0131r\u0131m yapmalar\u0131n\u0131 kolayla\u015ft\u0131rarak daha cazip k\u0131lmak ama\u00e7lan\u0131yor. &hellip; <a href=\"https:\/\/akdenizolaygazetesi.com\/?p=1747\" class=\"more-link\">Devam\u0131n\u0131 Oku&#8230;<\/a><\/p>\n","protected":false},"author":1,"featured_media":0,"comment_status":"open","ping_status":"open","sticky":false,"template":"","format":"standard","meta":[],"categories":[],"tags":[],"_links":{"self":[{"href":"https:\/\/akdenizolaygazetesi.com\/index.php?rest_route=\/wp\/v2\/posts\/1747"}],"collection":[{"href":"https:\/\/akdenizolaygazetesi.com\/index.php?rest_route=\/wp\/v2\/posts"}],"about":[{"href":"https:\/\/akdenizolaygazetesi.com\/index.php?rest_route=\/wp\/v2\/types\/post"}],"author":[{"embeddable":true,"href":"https:\/\/akdenizolaygazetesi.com\/index.php?rest_route=\/wp\/v2\/users\/1"}],"replies":[{"embeddable":true,"href":"https:\/\/akdenizolaygazetesi.com\/index.php?rest_route=%2Fwp%2Fv2%2Fcomments&post=1747"}],"version-history":[{"count":0,"href":"https:\/\/akdenizolaygazetesi.com\/index.php?rest_route=\/wp\/v2\/posts\/1747\/revisions"}],"wp:attachment":[{"href":"https:\/\/akdenizolaygazetesi.com\/index.php?rest_route=%2Fwp%2Fv2%2Fmedia&parent=1747"}],"wp:term":[{"taxonomy":"category","embeddable":true,"href":"https:\/\/akdenizolaygazetesi.com\/index.php?rest_route=%2Fwp%2Fv2%2Fcategories&post=1747"},{"taxonomy":"post_tag","embeddable":true,"href":"https:\/\/akdenizolaygazetesi.com\/index.php?rest_route=%2Fwp%2Fv2%2Ftags&post=1747"}],"curies":[{"name":"wp","href":"https:\/\/api.w.org\/{rel}","templated":true}]}}