{"id":1748,"date":"2020-11-04T18:22:17","date_gmt":"2020-11-04T15:22:17","guid":{"rendered":"http:\/\/mersinekonomipolitikagazetesi.com\/?p=1748"},"modified":"2020-11-04T18:22:17","modified_gmt":"2020-11-04T15:22:17","slug":"kiziltandan-birlik-ve-beraberlik-vurgusu","status":"publish","type":"post","link":"https:\/\/akdenizolaygazetesi.com\/?p=1748","title":{"rendered":"K\u0131z\u0131ltan&#8217;dan, birlik ve beraberlik vurgusu"},"content":{"rendered":"<p>Mersin Ticaret ve Sanayi Odas\u0131 (MTSO) Y\u00f6netim Kurulu Ba\u015fkan\u0131 Ayhan K\u0131z\u0131ltan, Mersin ve T\u00fcrkiye i\u00e7in hep birlikte hizmet verme zaman\u0131n\u0131n ba\u015flad\u0131\u011f\u0131n\u0131 belirterek, &#8220;Se\u00e7im s\u00fcreci geride kald\u0131. Rekabet bitti. \u015eimdi, birlik ve beraberlik ba\u015flad\u0131. Yeni y\u00f6netimimizi, 98 meclis \u00fcyemizin tamam\u0131n\u0131n oyuyla se\u00e7ilmi\u015f bir y\u00f6netim olarak g\u00f6r\u00fcyoruz&#8221; dedi.<\/p>\n<p><span style=\"font-size:16px;\"><span style=\"font-family: sans-serif; line-height: 20px; text-align: justify; background-color: rgb(242, 244, 245);\">MTSO&#8217;nun yeni y\u00f6netimi, Ayhan K\u0131z\u0131ltan ba\u015fkanl\u0131\u011f\u0131nda ilk resmi toplant\u0131s\u0131n\u0131 ger\u00e7ekle\u015ftirdi. Toplant\u0131da, y\u00f6netim kurulunun g\u00f6rev da\u011f\u0131l\u0131m\u0131 yap\u0131ld\u0131.\u00a0<\/span><br style=\"box-sizing: border-box; font-family: sans-serif; font-size: 14px; line-height: 20px; text-align: justify; background-color: rgb(242, 244, 245);\" \/><br \/>\n<span style=\"font-family: sans-serif; line-height: 20px; text-align: justify; background-color: rgb(242, 244, 245);\">Ali Fuad Budur ile Hakan Sefa \u00c7ak\u0131r, y\u00f6netim kurulu ba\u015fkan yard\u0131mc\u0131l\u0131klar\u0131na, Cem Bucuge ise y\u00f6netim kurulu sayman \u00fcyeli\u011fine se\u00e7ildi.\u00a0<\/span><br style=\"box-sizing: border-box; font-family: sans-serif; font-size: 14px; line-height: 20px; text-align: justify; background-color: rgb(242, 244, 245);\" \/><br \/>\n<span style=\"font-family: sans-serif; line-height: 20px; text-align: justify; background-color: rgb(242, 244, 245);\">Toplant\u0131da a\u00e7\u0131klamalarda bulunan MTSO Ba\u015fkan\u0131 K\u0131z\u0131ltan, MTSO&#8217;nun Mersin&#8217;i kucakla\u015ft\u0131ran bir kurum oldu\u011funu s\u00f6yleyerek, birlik ve beraberlik mesaj\u0131 verdi. Son zamanlar\u0131n en kat\u0131l\u0131ml\u0131 ve en nitelikli se\u00e7imlerinden birini ya\u015fad\u0131klar\u0131n\u0131 s\u00f6yleyen K\u0131z\u0131ltan, &#8220;Bir STK olman\u0131n \u00f6nemini ve de\u011ferini kavrayan ve se\u00e7ime b\u00fcy\u00fck tevecc\u00fch g\u00f6steren Mersin i\u015f d\u00fcnyas\u0131n\u0131, MTSO \u00fcyelerini t\u00fcm kalbimle kutluyorum. Biz i\u015f d\u00fcnyas\u0131 olarak rekabet duygusuna al\u0131\u015f\u0131k bir camiay\u0131z. Ancak, rekabeti bir ayr\u0131mc\u0131l\u0131\u011fa \u00e7evirmemek \u00e7ok \u00f6nemli. Camiam\u0131z, birlikte y\u00f6netmede \u00f6rnek bir kurumun mensubudur. Kendi aram\u0131zdaki tart\u0131\u015fmalar\u0131n, daha iyi hizmet verme duygusu ile ya\u015fanan rekabetlerin ve farkl\u0131 fikirlerin temelinde bu \u00e7ok seslilik k\u00fclt\u00fcr\u00fc vard\u0131r. Bizim en b\u00fcy\u00fck zenginli\u011fimiz budur. Bu noktada t\u00fcm bu \u00f6n yarg\u0131lar\u0131 y\u0131kan, odam\u0131z\u0131n ger\u00e7ek g\u00fcc\u00fcn\u00fcn ortaya \u00e7\u0131kmas\u0131n\u0131 bir kez daha sa\u011flayan, kenti bir kez daha birle\u015ftiren ve kucakla\u015ft\u0131ran bir \u00f6nceki ba\u015fkan\u0131m\u0131z \u015eerafettin A\u015fut\u2019a duru\u015fu ve deste\u011fi i\u00e7in \u015f\u00fckranlar\u0131m\u0131z\u0131 sunuyoruz. Se\u00e7im sonu\u00e7lar\u0131n\u0131n 11 Nisan itibariyle onaylanmas\u0131yla, rekabet bitmi\u015ftir. Birlik ba\u015flam\u0131\u015ft\u0131r. Yeni y\u00f6netimimizi, 98 meclis \u00fcyemizin tamam\u0131n\u0131n oyuyla se\u00e7ilmi\u015f bir y\u00f6netim olarak g\u00f6r\u00fcyoruz&#8221; dedi.\u00a0<\/span><br style=\"box-sizing: border-box; font-family: sans-serif; font-size: 14px; line-height: 20px; text-align: justify; background-color: rgb(242, 244, 245);\" \/><br \/>\n<span style=\"font-family: sans-serif; line-height: 20px; text-align: justify; background-color: rgb(242, 244, 245);\">&#8220;Kazanan Mersin oldu&#8221;\u00a0<\/span><br style=\"box-sizing: border-box; font-family: sans-serif; font-size: 14px; line-height: 20px; text-align: justify; background-color: rgb(242, 244, 245);\" \/><br \/>\n<span style=\"font-family: sans-serif; line-height: 20px; text-align: justify; background-color: rgb(242, 244, 245);\">Mersin ve T\u00fcrkiye i\u00e7in hep birlikte hizmet zaman\u0131n\u0131n ba\u015flad\u0131\u011f\u0131n\u0131 vurgulayan K\u0131z\u0131ltan, &#8220;Yeni mecliste, komitelerde ve di\u011fer organlar\u0131m\u0131zda g\u00f6rev alan t\u00fcm arkada\u015flar\u0131m\u0131 kutluyorum. Meclise ilk kez gelen arkada\u015flar\u0131m\u0131n taze enerjileri, ikinci kez se\u00e7ilen arkada\u015flar\u0131m\u0131n ise ge\u00e7mi\u015f tecr\u00fcbeleri ile Mersin ekonomisini daha da yukar\u0131lara ta\u015f\u0131yacak projeler \u00fcretece\u011fine inan\u0131yorum. Hizmette bazen bir ad\u0131m geride durabilmek, birka\u00e7 ad\u0131m ileri gitmekten daha \u00f6nemlidir. Bu anlamda bir s\u0131fat ve makam\u0131n de\u011fil, hizmetin bir par\u00e7as\u0131 olabilmek ad\u0131na geri durmay\u0131, ba\u015fka karde\u015flerimize f\u0131rsat vermeyi tercih eden ve fedakarl\u0131k yapan karde\u015flerimize ve a\u011fabeylerimize te\u015fekk\u00fcr ediyorum. Sonu\u00e7ta kazanan Mersin\u2019dir. Kazanan huzurdur, bar\u0131\u015ft\u0131r, karde\u015fliktir. Se\u00e7im sonu\u00e7lar\u0131n\u0131n Mersin\u2019e, Mersin i\u015f d\u00fcnyas\u0131na hay\u0131rlar getirmesini diliyorum&#8221; ifadelerini kulland\u0131.\u00a0<\/span><\/span><\/p>\n","protected":false},"excerpt":{"rendered":"<p>Mersin Ticaret ve Sanayi Odas\u0131 (MTSO) Y\u00f6netim Kurulu Ba\u015fkan\u0131 Ayhan K\u0131z\u0131ltan, Mersin ve T\u00fcrkiye i\u00e7in hep birlikte hizmet verme zaman\u0131n\u0131n ba\u015flad\u0131\u011f\u0131n\u0131 belirterek, &#8220;Se\u00e7im s\u00fcreci geride kald\u0131. Rekabet bitti. \u015eimdi, birlik &hellip; <a href=\"https:\/\/akdenizolaygazetesi.com\/?p=1748\" class=\"more-link\">Devam\u0131n\u0131 Oku&#8230;<\/a><\/p>\n","protected":false},"author":1,"featured_media":0,"comment_status":"open","ping_status":"open","sticky":false,"template":"","format":"standard","meta":[],"categories":[],"tags":[],"_links":{"self":[{"href":"https:\/\/akdenizolaygazetesi.com\/index.php?rest_route=\/wp\/v2\/posts\/1748"}],"collection":[{"href":"https:\/\/akdenizolaygazetesi.com\/index.php?rest_route=\/wp\/v2\/posts"}],"about":[{"href":"https:\/\/akdenizolaygazetesi.com\/index.php?rest_route=\/wp\/v2\/types\/post"}],"author":[{"embeddable":true,"href":"https:\/\/akdenizolaygazetesi.com\/index.php?rest_route=\/wp\/v2\/users\/1"}],"replies":[{"embeddable":true,"href":"https:\/\/akdenizolaygazetesi.com\/index.php?rest_route=%2Fwp%2Fv2%2Fcomments&post=1748"}],"version-history":[{"count":0,"href":"https:\/\/akdenizolaygazetesi.com\/index.php?rest_route=\/wp\/v2\/posts\/1748\/revisions"}],"wp:attachment":[{"href":"https:\/\/akdenizolaygazetesi.com\/index.php?rest_route=%2Fwp%2Fv2%2Fmedia&parent=1748"}],"wp:term":[{"taxonomy":"category","embeddable":true,"href":"https:\/\/akdenizolaygazetesi.com\/index.php?rest_route=%2Fwp%2Fv2%2Fcategories&post=1748"},{"taxonomy":"post_tag","embeddable":true,"href":"https:\/\/akdenizolaygazetesi.com\/index.php?rest_route=%2Fwp%2Fv2%2Ftags&post=1748"}],"curies":[{"name":"wp","href":"https:\/\/api.w.org\/{rel}","templated":true}]}}