{"id":1749,"date":"2020-11-04T18:22:17","date_gmt":"2020-11-04T15:22:17","guid":{"rendered":"http:\/\/mersinekonomipolitikagazetesi.com\/?p=1749"},"modified":"2020-11-04T18:22:17","modified_gmt":"2020-11-04T15:22:17","slug":"ak-partinin-sehrim-2023-otobusu-mersine-geliyor","status":"publish","type":"post","link":"https:\/\/akdenizolaygazetesi.com\/?p=1749","title":{"rendered":"AK Parti&#8217;nin &#8216;\u015eehrim 2023&#8217; otob\u00fcs\u00fc Mersin&#8217;e geliyor"},"content":{"rendered":"<p>AK Parti&#8217;nin &#8220;\u015eehrim 2023&#8221; projesi kapsam\u0131nda yola \u00e7\u0131kan otob\u00fcs\u00fcn 9&#8217;uncu dura\u011f\u0131 Mersin olacak.<\/p>\n<p><span style=\"font-size:16px;\"><span style=\"font-family: sans-serif; line-height: 20px; text-align: justify; background-color: rgb(242, 244, 245);\">AK Parti Genel Merkez \u00c7evre, \u015eehir ve K\u00fclt\u00fcr Ba\u015fkanl\u0131\u011f\u0131 taraf\u0131ndan, kimlikli, s\u00fcrd\u00fcr\u00fclebilir, ya\u015fam ve mekan kalitesi y\u00fcksek \u015fehirler olu\u015fturma amac\u0131yla haz\u0131rlanan &#8220;\u015eehrim 2023&#8221; projesi kapsam\u0131nda, Cumhurba\u015fkan\u0131 ve AK Parti Genel Ba\u015fkan\u0131 Recep Tayyip Erdo\u011fan taraf\u0131ndan genel merkez \u00f6n\u00fcnden u\u011furlanan &#8220;\u015eehrim 2023&#8221; otob\u00fcs\u00fcn\u00fcn 9. dura\u011f\u0131 Mersin olacak.\u00a0<\/span><br style=\"box-sizing: border-box; font-family: sans-serif; font-size: 14px; line-height: 20px; text-align: justify; background-color: rgb(242, 244, 245);\" \/><br \/>\n<span style=\"font-family: sans-serif; line-height: 20px; text-align: justify; background-color: rgb(242, 244, 245);\">Projeyle birlikte, her \u015fehrin kendine \u00f6zg\u00fc 2023 hedeflerini ve vizyon planlar\u0131n\u0131 ortaya koymas\u0131 hedefleniyor.\u00a0<\/span><br style=\"box-sizing: border-box; font-family: sans-serif; font-size: 14px; line-height: 20px; text-align: justify; background-color: rgb(242, 244, 245);\" \/><br \/>\n<span style=\"font-family: sans-serif; line-height: 20px; text-align: justify; background-color: rgb(242, 244, 245);\">Otob\u00fcs, 13 -15 Nisan tarihleri aras\u0131nda kent merkezinin yan\u0131 s\u0131ra, Erdemli ve Tarsus il\u00e7elerinde \u00e7e\u015fitli meydanlarda vatanda\u015flarla bir araya gelecek. Vatanda\u015flar, otob\u00fcste bulunan g\u00f6revlilere, &#8216;\u00e7evre, \u015fehir ve k\u00fclt\u00fcr&#8217; ba\u015fl\u0131klar\u0131 alt\u0131nda Mersin\u2019e ili\u015fkin hayal, g\u00f6r\u00fc\u015f, \u00f6neri ve taleplerini sunabilecek.\u00a0<\/span><br style=\"box-sizing: border-box; font-family: sans-serif; font-size: 14px; line-height: 20px; text-align: justify; background-color: rgb(242, 244, 245);\" \/><br \/>\n<span style=\"font-family: sans-serif; line-height: 20px; text-align: justify; background-color: rgb(242, 244, 245);\">Ayr\u0131ca kat\u0131l\u0131mc\u0131lar\u0131n, &#8216;sehrim2023.com&#8217; adresinden ve mobil uygulamalar arac\u0131l\u0131\u011f\u0131yla \u015fehrine \u00f6zel anket ile g\u00f6r\u00fc\u015flerini payla\u015fabilece\u011fi bildirildi.\u00a0<\/span><br style=\"box-sizing: border-box; font-family: sans-serif; font-size: 14px; line-height: 20px; text-align: justify; background-color: rgb(242, 244, 245);\" \/><br \/>\n<span style=\"font-family: sans-serif; line-height: 20px; text-align: justify; background-color: rgb(242, 244, 245);\">&#8220;Mersinlilerin yo\u011fun ilgi g\u00f6sterece\u011fine inan\u0131yorum&#8221;\u00a0<\/span><br style=\"box-sizing: border-box; font-family: sans-serif; font-size: 14px; line-height: 20px; text-align: justify; background-color: rgb(242, 244, 245);\" \/><br \/>\n<span style=\"font-family: sans-serif; line-height: 20px; text-align: justify; background-color: rgb(242, 244, 245);\">Konuya ili\u015fkin de\u011ferlendirme yapan AK Parti Genel Merkez \u00c7evre, \u015eehir ve K\u00fclt\u00fcr Ba\u015fkan\u0131 \u00c7i\u011fdem Karaaslan, \u201cT\u0131pk\u0131 T\u00fcrkiye\u2019nin 2023 hedefleri gibi \u015fehirlerimiz i\u00e7in de 2023 hedeflerini ve vizyon planlar\u0131n\u0131 belirleme hedefi do\u011frultusunda &#8216;\u015eehrim 2023&#8217; projemize ba\u015flad\u0131k. Cumhurba\u015fkan\u0131m\u0131z ve Genel Ba\u015fkan\u0131m\u0131z Recep Tayyip Erdo\u011fan\u2019\u0131n projemize b\u00fcy\u00fck deste\u011fi ve otob\u00fcslerimizin gitti\u011fi \u015fehirlerde g\u00f6rd\u00fc\u011f\u00fc ilgi \u015fehirlerimizin gelece\u011finin \u015fehrin dinamiklerinin kat\u0131l\u0131m\u0131yla ortak ak\u0131l yoluyla belirlenmesi noktas\u0131nda heyecan\u0131m\u0131z\u0131 daha da art\u0131rd\u0131. Mersin\u2019in do\u011fal ve k\u00fclt\u00fcrel de\u011ferlerinin korunarak geli\u015ftirilmesi ve gelece\u011fe ta\u015f\u0131nmas\u0131 noktas\u0131nda Mersinlilerin \u015eehrim 2023 otob\u00fcslerimize yo\u011fun ilgi g\u00f6sterece\u011fine, \u015fehirlerine ili\u015fkin fikir, \u00f6neri ve hayallerini bizimle payla\u015facaklar\u0131na, \u015fehirlerinin gelece\u011finde s\u00f6z sahibi olacaklar\u0131na inan\u0131yorum\u201d dedi.\u00a0<\/span><\/span><\/p>\n","protected":false},"excerpt":{"rendered":"<p>AK Parti&#8217;nin &#8220;\u015eehrim 2023&#8221; projesi kapsam\u0131nda yola \u00e7\u0131kan otob\u00fcs\u00fcn 9&#8217;uncu dura\u011f\u0131 Mersin olacak. AK Parti Genel Merkez \u00c7evre, \u015eehir ve K\u00fclt\u00fcr Ba\u015fkanl\u0131\u011f\u0131 taraf\u0131ndan, kimlikli, s\u00fcrd\u00fcr\u00fclebilir, ya\u015fam ve mekan kalitesi y\u00fcksek &hellip; <a href=\"https:\/\/akdenizolaygazetesi.com\/?p=1749\" class=\"more-link\">Devam\u0131n\u0131 Oku&#8230;<\/a><\/p>\n","protected":false},"author":1,"featured_media":0,"comment_status":"open","ping_status":"open","sticky":false,"template":"","format":"standard","meta":[],"categories":[],"tags":[],"_links":{"self":[{"href":"https:\/\/akdenizolaygazetesi.com\/index.php?rest_route=\/wp\/v2\/posts\/1749"}],"collection":[{"href":"https:\/\/akdenizolaygazetesi.com\/index.php?rest_route=\/wp\/v2\/posts"}],"about":[{"href":"https:\/\/akdenizolaygazetesi.com\/index.php?rest_route=\/wp\/v2\/types\/post"}],"author":[{"embeddable":true,"href":"https:\/\/akdenizolaygazetesi.com\/index.php?rest_route=\/wp\/v2\/users\/1"}],"replies":[{"embeddable":true,"href":"https:\/\/akdenizolaygazetesi.com\/index.php?rest_route=%2Fwp%2Fv2%2Fcomments&post=1749"}],"version-history":[{"count":0,"href":"https:\/\/akdenizolaygazetesi.com\/index.php?rest_route=\/wp\/v2\/posts\/1749\/revisions"}],"wp:attachment":[{"href":"https:\/\/akdenizolaygazetesi.com\/index.php?rest_route=%2Fwp%2Fv2%2Fmedia&parent=1749"}],"wp:term":[{"taxonomy":"category","embeddable":true,"href":"https:\/\/akdenizolaygazetesi.com\/index.php?rest_route=%2Fwp%2Fv2%2Fcategories&post=1749"},{"taxonomy":"post_tag","embeddable":true,"href":"https:\/\/akdenizolaygazetesi.com\/index.php?rest_route=%2Fwp%2Fv2%2Ftags&post=1749"}],"curies":[{"name":"wp","href":"https:\/\/api.w.org\/{rel}","templated":true}]}}