{"id":1750,"date":"2020-11-04T18:22:17","date_gmt":"2020-11-04T15:22:17","guid":{"rendered":"http:\/\/mersinekonomipolitikagazetesi.com\/?p=1750"},"modified":"2020-11-04T18:22:17","modified_gmt":"2020-11-04T15:22:17","slug":"birilerini-rahatsiz-ediyor","status":"publish","type":"post","link":"https:\/\/akdenizolaygazetesi.com\/?p=1750","title":{"rendered":"B\u0130R\u0130LER\u0130Ni RAHATSIZ EDiYOR"},"content":{"rendered":"<p>Cumhurba\u015fkan\u0131 Erdo\u011fan, \u201cT\u00fcrkiye\u2019nin son birka\u00e7 ayda ya\u015fad\u0131\u011f\u0131 hadiselere bakt\u0131\u011f\u0131m\u0131zda kar\u015f\u0131m\u0131za \u015f\u00f6yle bir manzara \u00e7\u0131k\u0131yor, Turizmde yeni sezonun \u00e7ok parlak ge\u00e7ece\u011fine dair pek \u00e7ok emare var. Rusya ve \u0130ran ile b\u00f6lgemiz a\u00e7\u0131s\u0131ndan \u00e7ok \u00f6nemli bir zirve ger\u00e7ekle\u015ftirdik. Mersin Akkuyu\u2019da 22 milyar dolarl\u0131k bir n\u00fckleer g\u00fc\u00e7 santralinin temelini att\u0131k. Bu birilerini rahats\u0131z ediyor.\u201d dedi.<\/p>\n<p class=\"m_5776146153491539355gmail-p1\" style=\"color: rgb(34, 34, 34); font-family: arial, sans-serif; font-size: 12.8px; line-height: normal;\"><span style=\"font-size:16px;\">Cumhurba\u015fkan\u0131 Recep Tayyip Erdo\u011fan, &#8220;Ekonomide aktif rol oynayanlar, finans sekt\u00f6r\u00fcn\u00fcn i\u00e7inde olanlar, e\u011fer Suriye\u2019deki bu geli\u015fmeleri kalk\u0131p bahane ederek buradan \u00fclkemize ekonomik ter\u00f6r estirmeye \u00e7al\u0131\u015f\u0131yorsan\u0131z yanl\u0131\u015f yaparsan\u0131z. Yeri geldi\u011finde bunun hesab\u0131n\u0131 verirsiniz, bedelini \u00f6dersiniz&#8221; dedi.\u00a0<\/span><\/p>\n<p class=\"m_5776146153491539355gmail-p2\" style=\"color: rgb(34, 34, 34); font-family: arial, sans-serif; font-size: 12.8px; line-height: normal;\">\u00a0<\/p>\n<p class=\"m_5776146153491539355gmail-p1\" style=\"color: rgb(34, 34, 34); font-family: arial, sans-serif; font-size: 12.8px; line-height: normal;\"><span style=\"font-size:16px;\">Ba\u015fkentray a\u00e7\u0131l\u0131\u015f\u0131nda konu\u015fan Cumhurba\u015fkan\u0131 Erdo\u011fan, ekonomik geli\u015fmeleri anlatarak T\u00fcrkiye\u2019de, Suriye\u2019deki geli\u015fmeleri bahane ederek ekonomik ter\u00f6r estirmeye \u00e7al\u0131\u015facaklar\u0131n bedelini yeri geldi\u011finde \u00f6deyeceklerini kaydetti.\u00a0<\/span><\/p>\n<p class=\"m_5776146153491539355gmail-p2\" style=\"color: rgb(34, 34, 34); font-family: arial, sans-serif; font-size: 12.8px; line-height: normal;\">\u00a0<\/p>\n<p class=\"m_5776146153491539355gmail-p3\" style=\"color: rgb(34, 34, 34); font-family: arial, sans-serif; font-size: 12.8px; line-height: normal;\"><span style=\"font-size:16px;\">&#8220;Yeri geldi\u011finde bunun hesab\u0131n\u0131 verirsiniz, bedelini \u00f6dersiniz&#8221;<\/span><\/p>\n<p class=\"m_5776146153491539355gmail-p4\" style=\"color: rgb(34, 34, 34); font-family: arial, sans-serif; font-size: 12.8px; line-height: normal;\">\u00a0<\/p>\n<p class=\"m_5776146153491539355gmail-p1\" style=\"color: rgb(34, 34, 34); font-family: arial, sans-serif; font-size: 12.8px; line-height: normal;\"><span style=\"font-size:16px;\">T\u00fcrkiye\u2019nin yola emin ad\u0131mlarla devam etti\u011fini kaydeden Erdo\u011fan, &#8220;Ekonomide aktif rol oynayanlar, finans sekt\u00f6r\u00fcn\u00fcn i\u00e7inde olanlar, e\u011fer Suriye\u2019deki bu geli\u015fmeleri kalk\u0131p bahane ederek buradan \u00fclkemize ekonomik ter\u00f6r estirmeye \u00e7al\u0131\u015f\u0131yorsan\u0131z yanl\u0131\u015f yaparsan\u0131z. Bunlar\u0131 da gayet iyi biliyoruz, yeri geldi\u011finde bunun hesab\u0131n\u0131 verirsiniz, bedelini \u00f6dersiniz. D\u00f6viz kurlar\u0131ndaki art\u0131\u015f\u0131n makul, mant\u0131kl\u0131, i\u015fin kitab\u0131na uygun hi\u00e7bir izah\u0131 yoktur. T\u00fcrkiye\u2019nin son birka\u00e7 ayda ya\u015fad\u0131\u011f\u0131 hadiselere bakt\u0131\u011f\u0131m\u0131zda kar\u015f\u0131m\u0131za \u015f\u00f6yle bir manzara \u00e7\u0131k\u0131yor, \u00fclkemizin 2017 y\u0131l\u0131 b\u00fcy\u00fcmesi t\u00fcm uluslararas\u0131 tahminleri alt \u00fcst ederek y\u00fczde 7,4 olarak a\u00e7\u0131kland\u0131. \u0130hracat\u0131m\u0131z 36 milyar dolardan 160 milyar dolara, t\u00fcm zamanlar\u0131n rekorunu k\u0131rd\u0131. Turizmde yeni sezonun \u00e7ok parlak ge\u00e7ece\u011fine dair pek \u00e7ok emare var. Rusya ve \u0130ran ile b\u00f6lgemiz a\u00e7\u0131s\u0131ndan \u00e7ok \u00f6nemli bir zirve ger\u00e7ekle\u015ftirdik. Mersin Akkuyu\u2019da 22 milyar dolarl\u0131k bir n\u00fckleer g\u00fc\u00e7 santralinin temelini att\u0131k. Bu birilerini rahats\u0131z ediyor. \u0130hracat\u0131m\u0131za 6 milyar dolarl\u0131k katk\u0131 yapacak, ithalat\u0131m\u0131z\u0131 12 milyar dolar azaltacak 135 milyar liral\u0131k yat\u0131r\u0131m te\u015fvik bedellerini sahiplerine teslim ettik. B\u00f6ylece olumsuz de\u011ferlendirmelerin en \u00f6nemli bahanesi olan cari a\u00e7\u0131\u011f\u0131n d\u00fc\u015f\u00fcr\u00fclmesine y\u00f6nelik \u00e7ok ciddi bir ad\u0131m atm\u0131\u015f olduk. Yat\u0131r\u0131m ortam\u0131n\u0131n iyile\u015ftirmesine y\u00f6nelik \u00e7ok \u00f6nemli d\u00fczenlemeleri hayata ge\u00e7irdik. Neredeyse her g\u00fcn savunma sanayinde \u00e7ok \u00f6nemli ba\u015far\u0131lar\u0131n haberlerini al\u0131yoruz&#8221; diye konu\u015ftu.\u00a0<\/span><\/p>\n<p class=\"m_5776146153491539355gmail-p2\" style=\"color: rgb(34, 34, 34); font-family: arial, sans-serif; font-size: 12.8px; line-height: normal;\">\u00a0<\/p>\n<p class=\"m_5776146153491539355gmail-p3\" style=\"color: rgb(34, 34, 34); font-family: arial, sans-serif; font-size: 12.8px; line-height: normal;\"><span style=\"font-size:16px;\">&#8220;Art\u0131k sabr\u0131m\u0131z kalmad\u0131&#8221;<\/span><\/p>\n<p class=\"m_5776146153491539355gmail-p4\" style=\"color: rgb(34, 34, 34); font-family: arial, sans-serif; font-size: 12.8px; line-height: normal;\">\u00a0<\/p>\n<p class=\"m_5776146153491539355gmail-p1\" style=\"color: rgb(34, 34, 34); font-family: arial, sans-serif; font-size: 12.8px; line-height: normal;\"><span style=\"font-size:16px;\">Kanal \u0130stanbul\u2019un ihalesinin s\u00fcratle yap\u0131lmas\u0131 gerekti\u011fini belirten Erdo\u011fan, &#8220;Art\u0131k sabr\u0131m\u0131z kalmad\u0131, \u0130stanbul\u2019un dev kanal \u0130stanbul\u2019un ihalesini yapmam\u0131z olmazsa olmaz hale geldi. Son Bo\u011faz\u2019daki kaza bunun ne kadar \u00f6nemli oldu\u011funu ortaya koydu. Daha bekleyemeyiz. Bu ihalenin s\u00fcratle yap\u0131lmas\u0131 laz\u0131m&#8221; ifadelerini kaydetti.<\/span><\/p>\n<p class=\"m_5776146153491539355gmail-p4\" style=\"color: rgb(34, 34, 34); font-family: arial, sans-serif; font-size: 12.8px; line-height: normal;\">\u00a0<\/p>\n<p class=\"m_5776146153491539355gmail-p1\" style=\"color: rgb(34, 34, 34); font-family: arial, sans-serif; font-size: 12.8px; line-height: normal;\"><span style=\"font-size: 16px;\">Erdo\u011fan\u2019\u0131n konu\u015fmas\u0131n\u0131n ard\u0131ndan Meclis Ba\u015fkan\u0131 Kahraman, Ba\u015fbakan Y\u0131ld\u0131r\u0131m, Bakan Ahmet Arslan ve di\u011fer protokol \u00fcyelerinin sahneye gelmesiyle Ba\u015fkentray\u2019\u0131n a\u00e7\u0131l\u0131\u015f\u0131 yap\u0131ld\u0131.<\/span><\/p>\n","protected":false},"excerpt":{"rendered":"<p>Cumhurba\u015fkan\u0131 Erdo\u011fan, \u201cT\u00fcrkiye\u2019nin son birka\u00e7 ayda ya\u015fad\u0131\u011f\u0131 hadiselere bakt\u0131\u011f\u0131m\u0131zda kar\u015f\u0131m\u0131za \u015f\u00f6yle bir manzara \u00e7\u0131k\u0131yor, Turizmde yeni sezonun \u00e7ok parlak ge\u00e7ece\u011fine dair pek \u00e7ok emare var. Rusya ve \u0130ran ile b\u00f6lgemiz &hellip; <a href=\"https:\/\/akdenizolaygazetesi.com\/?p=1750\" class=\"more-link\">Devam\u0131n\u0131 Oku&#8230;<\/a><\/p>\n","protected":false},"author":1,"featured_media":0,"comment_status":"open","ping_status":"open","sticky":false,"template":"","format":"standard","meta":[],"categories":[],"tags":[],"_links":{"self":[{"href":"https:\/\/akdenizolaygazetesi.com\/index.php?rest_route=\/wp\/v2\/posts\/1750"}],"collection":[{"href":"https:\/\/akdenizolaygazetesi.com\/index.php?rest_route=\/wp\/v2\/posts"}],"about":[{"href":"https:\/\/akdenizolaygazetesi.com\/index.php?rest_route=\/wp\/v2\/types\/post"}],"author":[{"embeddable":true,"href":"https:\/\/akdenizolaygazetesi.com\/index.php?rest_route=\/wp\/v2\/users\/1"}],"replies":[{"embeddable":true,"href":"https:\/\/akdenizolaygazetesi.com\/index.php?rest_route=%2Fwp%2Fv2%2Fcomments&post=1750"}],"version-history":[{"count":0,"href":"https:\/\/akdenizolaygazetesi.com\/index.php?rest_route=\/wp\/v2\/posts\/1750\/revisions"}],"wp:attachment":[{"href":"https:\/\/akdenizolaygazetesi.com\/index.php?rest_route=%2Fwp%2Fv2%2Fmedia&parent=1750"}],"wp:term":[{"taxonomy":"category","embeddable":true,"href":"https:\/\/akdenizolaygazetesi.com\/index.php?rest_route=%2Fwp%2Fv2%2Fcategories&post=1750"},{"taxonomy":"post_tag","embeddable":true,"href":"https:\/\/akdenizolaygazetesi.com\/index.php?rest_route=%2Fwp%2Fv2%2Ftags&post=1750"}],"curies":[{"name":"wp","href":"https:\/\/api.w.org\/{rel}","templated":true}]}}