{"id":1751,"date":"2020-11-04T18:22:17","date_gmt":"2020-11-04T15:22:17","guid":{"rendered":"http:\/\/mersinekonomipolitikagazetesi.com\/?p=1751"},"modified":"2020-11-04T18:22:17","modified_gmt":"2020-11-04T15:22:17","slug":"isiksiz-sokaklari-vatandas-kullanamiyor","status":"publish","type":"post","link":"https:\/\/akdenizolaygazetesi.com\/?p=1751","title":{"rendered":"I\u015eIKSIZ SOKAKLARI VATANDA\u015e KULLANAMIYOR!"},"content":{"rendered":"<p>Mersin merkezinde baz\u0131 sokaklar\u0131nda gece \u0131\u015f\u0131klar\u0131n olmamas\u0131 nedeniyle vatanda\u015f tepkisini koydu.<br \/>\nVatanda\u015f Selami Arslan, yetkili kurumlar\u0131n sokak lambalar\u0131n\u0131  ve yeterli ayd\u0131nlatman\u0131n yap\u0131lmas\u0131n\u0131 dikkate almas\u0131 gerekti\u011fini s\u00f6yledi.<\/p>\n<blockquote type=\"cite\">\n<div dir=\"ltr\">\n<p><span style=\"font-size:16px;\">Mersin merkezinde baz\u0131 sokaklar\u0131nda gece \u0131\u015f\u0131klar\u0131n\u0131n bulunmamas\u0131 tepkilere neden oluyor.<\/span><\/p>\n<p><span style=\"font-size:16px;\">\u00c7ar\u015f\u0131da \u0131\u015f\u0131klar\u0131n olmad\u0131\u011f\u0131 sokaklar g\u00fcnd\u00fcz bir\u00e7ok vatanda\u015fa ev sahipli\u011fi yaparken, gece ise adeta vatanda\u015fa kap\u0131lar\u0131n\u0131 kapat\u0131yor. Geceleyin sokaklar\u0131 kullanmak isteyen vatanda\u015f korkudan o sokaklar\u0131 kullanmamak i\u00e7in yolunu uzatmak zorunda kal\u0131yor.<\/span><\/p>\n<p><span style=\"font-size:16px;\">Tepkilerini dile getiren vatanda\u015f sokak lambalar\u0131n\u0131n derhal yap\u0131lmas\u0131n\u0131 istedi.<\/span><\/p>\n<p>\u00a0<\/p>\n<p><span style=\"font-size:16px;\">\u201cKARANLIKTA KORKUDAN Y\u00dcR\u00dcYEM\u0130YORUZ!\u201d<\/span><\/p>\n<p>\u00a0<\/p>\n<p><span style=\"font-size:16px;\">I\u015f\u0131ks\u0131z sokaklar\u0131 gece kullan\u0131p tepkisini dile getiren vatanda\u015f Selami Arslan: \u201cAk\u015fam i\u015ften \u00e7\u0131k\u0131yorum ve sokaklar karanl\u0131k korkudan y\u00fcr\u00fcyemiyor kimse. Sabahlar\u0131 bir\u00e7ok sokakta y\u00fcr\u00fcrken gece birini bile g\u00f6remezsiniz. Yetkili kurumlar\u0131n buna \u00e7\u00f6z\u00fcm getirmesi gerekir. Ben bir erke\u011fim oradan ge\u00e7ebilirim. Ama bir kad\u0131n\u0131m\u0131z geceleyin o sokaklar\u0131 kullanamaz. Ger\u00e7ekten geceleyin \u00fcrk\u00fct\u00fcc\u00fc bir hava veriyor. I\u015f\u0131klar\u0131n az olmas\u0131 da \u00f6nemli. Az olunca lo\u015f bir hava vererek yine insanlar o sokaktan ge\u00e7erken korkuyor. Bu sokaklar\u0131n ayd\u0131nlat\u0131lmas\u0131 gerek. Belediyeler de vatanda\u015f\u0131 \u00f6nemsemeli. \u00c7ar\u015f\u0131da ak\u015fam kimse d\u0131\u015far\u0131 \u00e7\u0131kam\u0131yor. Gece pek kimseyi g\u00f6remezsiniz. \u00c7ar\u015f\u0131da gece herkes evlerine kapan\u0131yor. Acil i\u015fler olur mecbur kal\u0131rs\u0131n d\u0131\u015far\u0131 \u00e7\u0131kmak zorunda kalabilirsiniz. Bu soruna derhal \u00e7\u00f6z\u00fcm \u00fcretilmesi gerekir.\u201d \u015feklinde konu\u015ftu.<\/span><\/p>\n<\/div>\n<\/blockquote>\n","protected":false},"excerpt":{"rendered":"<p>Mersin merkezinde baz\u0131 sokaklar\u0131nda gece \u0131\u015f\u0131klar\u0131n olmamas\u0131 nedeniyle vatanda\u015f tepkisini koydu. Vatanda\u015f Selami Arslan, yetkili kurumlar\u0131n sokak lambalar\u0131n\u0131 ve yeterli ayd\u0131nlatman\u0131n yap\u0131lmas\u0131n\u0131 dikkate almas\u0131 gerekti\u011fini s\u00f6yledi. Mersin merkezinde baz\u0131 sokaklar\u0131nda &hellip; <a href=\"https:\/\/akdenizolaygazetesi.com\/?p=1751\" class=\"more-link\">Devam\u0131n\u0131 Oku&#8230;<\/a><\/p>\n","protected":false},"author":1,"featured_media":0,"comment_status":"open","ping_status":"open","sticky":false,"template":"","format":"standard","meta":[],"categories":[],"tags":[],"_links":{"self":[{"href":"https:\/\/akdenizolaygazetesi.com\/index.php?rest_route=\/wp\/v2\/posts\/1751"}],"collection":[{"href":"https:\/\/akdenizolaygazetesi.com\/index.php?rest_route=\/wp\/v2\/posts"}],"about":[{"href":"https:\/\/akdenizolaygazetesi.com\/index.php?rest_route=\/wp\/v2\/types\/post"}],"author":[{"embeddable":true,"href":"https:\/\/akdenizolaygazetesi.com\/index.php?rest_route=\/wp\/v2\/users\/1"}],"replies":[{"embeddable":true,"href":"https:\/\/akdenizolaygazetesi.com\/index.php?rest_route=%2Fwp%2Fv2%2Fcomments&post=1751"}],"version-history":[{"count":0,"href":"https:\/\/akdenizolaygazetesi.com\/index.php?rest_route=\/wp\/v2\/posts\/1751\/revisions"}],"wp:attachment":[{"href":"https:\/\/akdenizolaygazetesi.com\/index.php?rest_route=%2Fwp%2Fv2%2Fmedia&parent=1751"}],"wp:term":[{"taxonomy":"category","embeddable":true,"href":"https:\/\/akdenizolaygazetesi.com\/index.php?rest_route=%2Fwp%2Fv2%2Fcategories&post=1751"},{"taxonomy":"post_tag","embeddable":true,"href":"https:\/\/akdenizolaygazetesi.com\/index.php?rest_route=%2Fwp%2Fv2%2Ftags&post=1751"}],"curies":[{"name":"wp","href":"https:\/\/api.w.org\/{rel}","templated":true}]}}