{"id":1753,"date":"2020-11-04T18:22:17","date_gmt":"2020-11-04T15:22:17","guid":{"rendered":"http:\/\/mersinekonomipolitikagazetesi.com\/?p=1753"},"modified":"2020-11-04T18:22:17","modified_gmt":"2020-11-04T15:22:17","slug":"uretici-birlikleri-sadelesecek","status":"publish","type":"post","link":"https:\/\/akdenizolaygazetesi.com\/?p=1753","title":{"rendered":"\u00dcRET\u0130C\u0130 B\u0130RL\u0130KLER\u0130 SADELE\u015eECEK"},"content":{"rendered":"<p>Mersin Valili\u011fi\u2019nde \u00fcretici birliklerinin etkinle\u015ftirilmesi ad\u0131na yap\u0131lan \u00e7al\u0131\u015fma ile sekt\u00f6r temsilcileri araya geldi.<\/p>\n<div>\n<div>\n<div>\n<div>\n<div>\n<div>\n<div>\n<div>\n<div>\n<div>\n<div>\n<div id=\":4\">\n<div id=\":2\">\n<div>\n<div role=\"main\">\n<table cellpadding=\"0\" role=\"presentation\" style=\"width:1675px;\">\n<tbody>\n<tr>\n<td>\n<div>\n<div>\n<div>\n<div role=\"list\">\n<div role=\"listitem\" style=\"clear:both;\" tabindex=\"-1\">\n<div>\n<div>\n<div id=\":142\">\n<div data-legacy-message-id=\"162bf3f9f28678ec\" data-message-id=\"162bf3f9f28678ec\">\n<div style=\"margin-left:44px;\">\n<div id=\":1d9\">\n<div id=\":174\">\n<div dir=\"auto\">\n<blockquote type=\"cite\">\n<div dir=\"ltr\">\n<p><span style=\"font-size:16px;\">Mersin Valisi Ali \u0130hsan Su Koordinesinde \u00fcretici birliklerin g\u00fc\u00e7lendirilmesi ad\u0131na toplant\u0131 ger\u00e7ekle\u015fti.<\/span><\/p>\n<p><span style=\"font-size:16px;\">Ger\u00e7ekle\u015fen toplant\u0131da Mersin Ticaret ve Sanayi Odas\u0131 (MTSO) Ba\u015fkan Yard\u0131mc\u0131s\u0131 Hakan Sefa \u00c7ak\u0131r, tar\u0131m alan\u0131nda \u00e7ok say\u0131da birbirinden habersiz ve g\u00fc\u00e7s\u00fcz \u00f6rg\u00fct\u00fcn bulundu\u011funu belirterek konu\u015fmas\u0131n\u0131 ger\u00e7ekle\u015ftirdi.<\/span><\/p>\n<p><span style=\"font-size:16px;\">\u00c7ak\u0131r, \u00fcretilen \u00fcr\u00fcn\u00fcn ila\u00e7 kal\u0131nt\u0131s\u0131 bulunmadan hak etti\u011fi fiyata sat\u0131lmas\u0131n\u0131 gerekti\u011fini dile getirdi.<\/span><\/p>\n<p>\u00a0<\/p>\n<p><span style=\"font-size:16px;\">\u00c7AKIR: \u201cTARIM KRED\u0130 KOOPERAT\u0130F\u0130 ARACILI\u011eIYLA YAPILMASI GEREK\u0130YOR\u201d\u00a0<\/span><\/p>\n<p><span style=\"font-size:16px;\">\u00c7ak\u0131r: \u201cT\u00fcrkiye\u2019deki birliklerin yap\u0131s\u0131n\u0131n d\u00fczeltilebilmesi i\u00e7in ilgili kurumlardan k\u00fc\u00e7\u00fck bir ekip olu\u015fturularak ba\u015far\u0131l\u0131 yurti\u00e7i ve yurtd\u0131\u015f\u0131 \u00f6rneklerin incelenip T\u00fcrkiye \u015fartlar\u0131na g\u00f6re T\u00fcrkiye\u2019deki birlik ve kooperatif mevzuat\u0131n\u0131n tekrar yap\u0131land\u0131r\u0131lmas\u0131 gerekir.\u201d dedi.<\/span><\/p>\n<p><span style=\"font-size:16px;\">Hakan Sefa \u00c7ak\u0131r: \u201cKat\u0131l\u0131mc\u0131 di\u011fer sekt\u00f6r, kurum ve kurulu\u015f temsilcileri ise birliklerin yakla\u015f\u0131k 13 sene \u00f6nce kurulmas\u0131na ra\u011fmen halen i\u00e7inin tam anlam\u0131yla doldurulmam\u0131\u015f.\u201d \u015feklinde dikkat \u00e7ekti.<\/span><\/p>\n<p><span style=\"font-size:16px;\">K\u00fc\u00e7\u00fck \u00fcreticinin maddi s\u0131k\u0131nt\u0131 ya\u015famas\u0131 nedeniyle zorland\u0131\u011f\u0131n\u0131 dile getiren \u00c7ak\u0131r: \u201c\u00dcretim aya\u011f\u0131n\u0131n \u00fcretici birlikleri arac\u0131l\u0131\u011f\u0131yla, sat\u0131\u015f\u0131n ise Tar\u0131m Kredi Kooperatifi arac\u0131l\u0131\u011f\u0131yla yap\u0131lmas\u0131 gerekiyor. D\u00fcnyada \u00fcr\u00fcnlerin y\u00fczde 50\u2019si kooperatifler \u00fczerinden sat\u0131l\u0131yor. Bu oran Hollanda\u2019da y\u00fczde 90\u2019lara ula\u015ft\u0131, T\u00fcrkiye\u2019de ise binde 4\u2019te kald\u0131.\u201d ifadelerini kulland\u0131.<\/span><\/p>\n<p>\u00a0<\/p>\n<p><span style=\"font-size:16px;\">Toplant\u0131n\u0131n son b\u00f6l\u00fcm\u00fcnde konu\u015fmas\u0131n\u0131 ger\u00e7ekle\u015ftiren Mersin Valisi Ali \u0130hsan Su \u015funlar\u0131 kaydetti: \u201cBirliklere \u00fcyelik mecburiyetinin olmas\u0131 ve \u00fcretici birliklerine kaynak olu\u015fturulmas\u0131, \u00e7ok say\u0131daki \u00fcretici birliklerinin sadele\u015ftirilmesi gerekecek. \u00c7ukurova Kalk\u0131nma Ajans\u0131 koordinesinde i\u00e7inde MTSO\u2019nun da yer alaca\u011f\u0131 k\u00fc\u00e7\u00fck bir komite olu\u015fturularak \u00e7al\u0131\u015fmalara h\u0131zl\u0131 \u015fekilde ba\u015flanacak.\u201d<\/span><\/p>\n<\/p><\/div>\n<\/blockquote><\/div>\n<\/p><\/div>\n<\/p><\/div>\n<\/p><\/div>\n<\/p><\/div>\n<\/p><\/div>\n<\/p><\/div>\n<\/p><\/div>\n<\/p><\/div>\n<\/p><\/div>\n<\/p><\/div>\n<\/p><\/div>\n<\/p><\/div>\n<\/td>\n<\/tr>\n<\/tbody>\n<\/table>\n<div style=\"clear:both;\">\u00a0<\/div>\n<\/div>\n<\/div>\n<\/div>\n<\/div>\n<\/div>\n<\/div>\n<\/div>\n<\/div>\n<\/div>\n<\/div>\n<\/div>\n<\/div>\n<\/div>\n<\/div>\n<\/div>\n","protected":false},"excerpt":{"rendered":"<p>Mersin Valili\u011fi\u2019nde \u00fcretici birliklerinin etkinle\u015ftirilmesi ad\u0131na yap\u0131lan \u00e7al\u0131\u015fma ile sekt\u00f6r temsilcileri araya geldi. Mersin Valisi Ali \u0130hsan Su Koordinesinde \u00fcretici birliklerin g\u00fc\u00e7lendirilmesi ad\u0131na toplant\u0131 ger\u00e7ekle\u015fti. Ger\u00e7ekle\u015fen toplant\u0131da Mersin Ticaret ve &hellip; <a href=\"https:\/\/akdenizolaygazetesi.com\/?p=1753\" class=\"more-link\">Devam\u0131n\u0131 Oku&#8230;<\/a><\/p>\n","protected":false},"author":1,"featured_media":0,"comment_status":"open","ping_status":"open","sticky":false,"template":"","format":"standard","meta":[],"categories":[],"tags":[],"_links":{"self":[{"href":"https:\/\/akdenizolaygazetesi.com\/index.php?rest_route=\/wp\/v2\/posts\/1753"}],"collection":[{"href":"https:\/\/akdenizolaygazetesi.com\/index.php?rest_route=\/wp\/v2\/posts"}],"about":[{"href":"https:\/\/akdenizolaygazetesi.com\/index.php?rest_route=\/wp\/v2\/types\/post"}],"author":[{"embeddable":true,"href":"https:\/\/akdenizolaygazetesi.com\/index.php?rest_route=\/wp\/v2\/users\/1"}],"replies":[{"embeddable":true,"href":"https:\/\/akdenizolaygazetesi.com\/index.php?rest_route=%2Fwp%2Fv2%2Fcomments&post=1753"}],"version-history":[{"count":0,"href":"https:\/\/akdenizolaygazetesi.com\/index.php?rest_route=\/wp\/v2\/posts\/1753\/revisions"}],"wp:attachment":[{"href":"https:\/\/akdenizolaygazetesi.com\/index.php?rest_route=%2Fwp%2Fv2%2Fmedia&parent=1753"}],"wp:term":[{"taxonomy":"category","embeddable":true,"href":"https:\/\/akdenizolaygazetesi.com\/index.php?rest_route=%2Fwp%2Fv2%2Fcategories&post=1753"},{"taxonomy":"post_tag","embeddable":true,"href":"https:\/\/akdenizolaygazetesi.com\/index.php?rest_route=%2Fwp%2Fv2%2Ftags&post=1753"}],"curies":[{"name":"wp","href":"https:\/\/api.w.org\/{rel}","templated":true}]}}