{"id":1755,"date":"2020-11-04T18:22:17","date_gmt":"2020-11-04T15:22:17","guid":{"rendered":"http:\/\/mersinekonomipolitikagazetesi.com\/?p=1755"},"modified":"2020-11-04T18:22:17","modified_gmt":"2020-11-04T15:22:17","slug":"kocamaz-kentin-imar-sorununu-cozmek-bizim-boynumuzun-borcu","status":"publish","type":"post","link":"https:\/\/akdenizolaygazetesi.com\/?p=1755","title":{"rendered":"Kocamaz: &#8220;Kentin imar sorununu \u00e7\u00f6zmek bizim boynumuzun borcu\u201d"},"content":{"rendered":"<p>Mersin B\u00fcy\u00fck\u015fehir Belediye Ba\u015fkan\u0131 Burhanettin Kocamaz, 1\/5000\u2019lik Naz\u0131m \u0130mar Planlar\u0131na yap\u0131lan itirazlarla ilgili olarak, &#8220;Bir kentin imar\u0131n\u0131 d\u00fczelteceksek, \u015furada \u015funun evi var, bunun malikanesi var mant\u0131\u011f\u0131na izin veremeyiz. Hele ki dere yataklar\u0131 y\u0131llard\u0131r yap\u0131lan yanl\u0131\u015f i\u015fler sebebiyle ne hale gelmi\u015f, felaketleri g\u00f6r\u00fcyorsunuz. Ama bunu \u00e7\u00f6zmek bizim boynumuzun borcu\u201d dedi.<\/p>\n<p><span style=\"font-size:16px;\"><span style=\"font-family: sans-serif; line-height: 20px; text-align: justify; background-color: rgb(242, 244, 245);\">Mersin B\u00fcy\u00fck\u015fehir Belediye Meclisi Nisan Ay\u0131 Toplant\u0131s\u0131n\u0131n 2. Birle\u015fimi, Belediye Ba\u015fkan\u0131 Burhanettin Kocamaz ba\u015fkanl\u0131\u011f\u0131nda ger\u00e7ekle\u015ftirildi. Kongre ve Sergi Saray\u0131\u2019nda ger\u00e7ekle\u015ftirilen toplant\u0131da, idare tekliflerine ait 5 ve komisyon raporlar\u0131na ait 17 olmak \u00fczere toplam 22 madde g\u00f6r\u00fc\u015f\u00fcld\u00fc.\u00a0<\/span><br style=\"box-sizing: border-box; font-family: sans-serif; font-size: 14px; line-height: 20px; text-align: justify; background-color: rgb(242, 244, 245);\" \/><br \/>\n<span style=\"font-family: sans-serif; line-height: 20px; text-align: justify; background-color: rgb(242, 244, 245);\">2017 y\u0131l\u0131 faaliyet raporunun g\u00f6r\u00fc\u015f\u00fclmesi ve meclis \u00fcyelerinin faaliyet raporunu de\u011ferlendirmesinin ard\u0131ndan s\u00f6z alan Mersin B\u00fcy\u00fck\u015fehir Belediye Ba\u015fkan\u0131 Burhanettin Kocamaz, konu\u015fmas\u0131n\u0131n ba\u015f\u0131nda her t\u00fcrl\u00fc de\u011ferlendirme ve ele\u015ftiriye a\u00e7\u0131k olduklar\u0131n\u0131 belirterek, &#8220;\u0130ktidar hizmet yapacak, muhalefette iktidar\u0131n yapt\u0131klar\u0131ndan ziyade yapamad\u0131klar\u0131na odaklanacak ki, hem daha \u00e7ok hizmet yap\u0131ls\u0131n hem de kendi a\u00e7\u0131s\u0131ndan siyaset yaps\u0131n. En az\u0131ndan bizi ele\u015ftirirken hem bize konu\u015fma f\u0131rsat\u0131 veriyorlar hem de eksi\u011fimiz varsa bizi uyarm\u0131\u015f oluyorlar. Kendilerine te\u015fekk\u00fcr ediyorum \u201d dedi.\u00a0<\/span><br style=\"box-sizing: border-box; font-family: sans-serif; font-size: 14px; line-height: 20px; text-align: justify; background-color: rgb(242, 244, 245);\" \/><br \/>\n<span style=\"font-family: sans-serif; line-height: 20px; text-align: justify; background-color: rgb(242, 244, 245);\">\u201cKim ne derse desin biz hizmetlerimizde adil olaca\u011f\u0131z, adaletli olaca\u011f\u0131z\u201d\u00a0<\/span><br style=\"box-sizing: border-box; font-family: sans-serif; font-size: 14px; line-height: 20px; text-align: justify; background-color: rgb(242, 244, 245);\" \/><br \/>\n<span style=\"font-family: sans-serif; line-height: 20px; text-align: justify; background-color: rgb(242, 244, 245);\">1\/5000\u2019lik planlara yap\u0131lan itirazlardan, n\u00fckleer santrale, narenciye festivalinden, k\u0131rsala yap\u0131lan hizmetlere, rayl\u0131 sistem projelerinden, ula\u015f\u0131m planlamalar\u0131na ve belediye bor\u00e7lanmalar\u0131na kadar bir\u00e7ok konuyu de\u011ferlendiren Kocamaz \u201cKim ne derse desin biz hizmetlerimizde adil olaca\u011f\u0131z, adaletli olaca\u011f\u0131z\u201d ifadelerini kulland\u0131.\u00a0<\/span><br style=\"box-sizing: border-box; font-family: sans-serif; font-size: 14px; line-height: 20px; text-align: justify; background-color: rgb(242, 244, 245);\" \/><br \/>\n<span style=\"font-family: sans-serif; line-height: 20px; text-align: justify; background-color: rgb(242, 244, 245);\">K\u0131rsala yap\u0131lan hizmetlerin ele\u015ftirilmesine cevap olarak hizmetlerin \u00f6ncelik s\u0131ras\u0131n\u0131n belirlenmesinde, tespit edilen eksiklikler ve anketleri baz alarak yola \u00e7\u0131kt\u0131klar\u0131n\u0131 s\u00f6yleyen Kocamaz, \u201cBen acemi bir belediye ba\u015fkan\u0131 de\u011filim. 20 y\u0131l kesintisiz olarak ve her defas\u0131nda da halk\u0131n daha fazla deste\u011fini alarak Tarsus\u2019ta g\u00f6rev yapt\u0131m. B\u00fcy\u00fck\u015fehire aday oldu\u011fumda, yirmi ay boyunca Mersin kazan ben kep\u00e7e eksikleri belirledim. Ayr\u0131ca yapt\u0131\u011f\u0131m\u0131z anketlerle de \u00f6nceliklerimizi belirledik. Bizim insan\u0131m\u0131z o peri\u015fan yollara lay\u0131k de\u011fil. Bu insanlar\u0131n \u00e7ocuklar\u0131 G\u00fcneydo\u011fu\u2019da, Afrin\u2019de \u015fehit oluyor, sava\u015f\u0131yor ama biz gerekli de\u011feri vermiyoruz. Kim ne derse desin, biz adil olaca\u011f\u0131z, adaletli olaca\u011f\u0131z. Biz hizmeti k\u0131rsaldan merkeze getirece\u011fiz. Biz o insanlara hizmet g\u00f6t\u00fcrece\u011fiz. Kim rahats\u0131z olursa olsun\u201d diye konu\u015ftu.\u00a0<\/span><br style=\"box-sizing: border-box; font-family: sans-serif; font-size: 14px; line-height: 20px; text-align: justify; background-color: rgb(242, 244, 245);\" \/><br \/>\n<span style=\"font-family: sans-serif; line-height: 20px; text-align: justify; background-color: rgb(242, 244, 245);\">\u201cKentin imar sorununu \u00e7\u00f6zmek bizim boynumuzun borcu\u201d\u00a0<\/span><br style=\"box-sizing: border-box; font-family: sans-serif; font-size: 14px; line-height: 20px; text-align: justify; background-color: rgb(242, 244, 245);\" \/><br \/>\n<span style=\"font-family: sans-serif; line-height: 20px; text-align: justify; background-color: rgb(242, 244, 245);\">1\/5000\u2019lik Naz\u0131m \u0130mar Planlar\u0131na yap\u0131lan itirazlara de\u011finen Ba\u015fkan Kocamaz, \u201cSadece itiraz etmek i\u00e7in itiraz ediliyor. Biz e\u011fer gece kondular b\u00f6yle kals\u0131n dersek, kentsel d\u00f6n\u00fc\u015f\u00fcm\u00fc plandan \u00e7\u0131kar\u0131rsak, dere yataklar\u0131na dokunmayal\u0131m dersek, geriye niteliksiz bir plan kal\u0131r ve bu plan kentin sorunlar\u0131n\u0131 \u00e7\u00f6zmez. Bir kentin imar\u0131n\u0131 d\u00fczelteceksek, \u015furada \u015funun evi var, bunun malikanesi var mant\u0131\u011f\u0131na izin veremeyiz. Hele ki dere yataklar\u0131 y\u0131llard\u0131r yap\u0131lan yanl\u0131\u015f i\u015fler sebebiyle ne hale gelmi\u015f, felaketleri g\u00f6r\u00fcyorsunuz. Ama bunu \u00e7\u00f6zmek bizim boynumuzun borcu\u201d \u015feklinde konu\u015ftu.\u00a0<\/span><br style=\"box-sizing: border-box; font-family: sans-serif; font-size: 14px; line-height: 20px; text-align: justify; background-color: rgb(242, 244, 245);\" \/><br \/>\n<span style=\"font-family: sans-serif; line-height: 20px; text-align: justify; background-color: rgb(242, 244, 245);\">Konu\u015fmas\u0131n\u0131n devam\u0131nda Hafif Rayl\u0131 Sistem s\u00fcreci ile ilgili ele\u015ftirilere de\u011finen Kocamaz, \u201cBunu ele\u015ftirecek ki\u015finin ortaya \u00e7\u00f6z\u00fcm koymas\u0131 laz\u0131m. Bizler tekrar altyap\u0131yla u\u011fra\u015fmayal\u0131m diyerek en ba\u015fta Havaray istedik. Havaray kente ayr\u0131ca bir cazibe getirecekti. Fakat Ba\u015fbakan\u0131m\u0131z \u0131srarla \u00e7ok kullan\u0131lan bir sistem olmad\u0131\u011f\u0131n\u0131 s\u00f6yledi. Dolay\u0131s\u0131yla bu ge\u00e7en ekim ay\u0131nda Bakanl\u0131k Hafif Rayl\u0131 Sistemi onaylad\u0131. Biz de aral\u0131k ay\u0131nda ihaleye \u00e7\u0131kt\u0131k ve 2018 program\u0131na al\u0131nmas\u0131 i\u00e7in u\u011fra\u015ft\u0131k. Ancak \u0131srarlar\u0131m\u0131za ra\u011fmen konulmad\u0131. \u0130halemiz \u015fubat ay\u0131nda kesinle\u015fti ve ge\u00e7ti\u011fimiz g\u00fcnlerde de protokol imzalanarak proje \u00e7al\u0131\u015fmalar\u0131 ba\u015flad\u0131\u201d dedi.\u00a0<\/span><br style=\"box-sizing: border-box; font-family: sans-serif; font-size: 14px; line-height: 20px; text-align: justify; background-color: rgb(242, 244, 245);\" \/><br \/>\n<span style=\"font-family: sans-serif; line-height: 20px; text-align: justify; background-color: rgb(242, 244, 245);\">\u201cProje sadece bina yapmak de\u011fildir\u201d\u00a0<\/span><br style=\"box-sizing: border-box; font-family: sans-serif; font-size: 14px; line-height: 20px; text-align: justify; background-color: rgb(242, 244, 245);\" \/><br \/>\n<span style=\"font-family: sans-serif; line-height: 20px; text-align: justify; background-color: rgb(242, 244, 245);\">Mersin B\u00fcy\u00fck\u015fehir Belediyesi taraf\u0131ndan yap\u0131lan 1923 proje ve hizmetin kapsaml\u0131 olmad\u0131\u011f\u0131 y\u00f6n\u00fcndeki ele\u015ftirilere cevap veren Kocamaz, \u015f\u00f6yle devam etti; &#8220;Listede yer alan 1923 proje ve hizmetin i\u00e7i doludur. Proje sadece bina yapmak de\u011fildir. \u0130nsana yap\u0131lan her hizmet \u00f6nemlidir. Sosyal hizmetlerden ula\u015f\u0131ma, sa\u011fl\u0131k hizmetlerinden k\u00fclt\u00fcrel etkinliklerine, tar\u0131msal hizmetlerden Ramazan etkinliklerine kadar her \u015fey hizmet kapsam\u0131ndad\u0131r. Ke\u015fke ele\u015ftirece\u011finize bu zamana kadar bu hizmetleri sizler yapsayd\u0131n\u0131z.\u201d\u00a0<\/span><br style=\"box-sizing: border-box; font-family: sans-serif; font-size: 14px; line-height: 20px; text-align: justify; background-color: rgb(242, 244, 245);\" \/><br \/>\n<span style=\"font-family: sans-serif; line-height: 20px; text-align: justify; background-color: rgb(242, 244, 245);\">Kocamaz&#8217;dan bor\u00e7lanma ele\u015ftirilerine yan\u0131t\u00a0<\/span><br style=\"box-sizing: border-box; font-family: sans-serif; font-size: 14px; line-height: 20px; text-align: justify; background-color: rgb(242, 244, 245);\" \/><br \/>\n<span style=\"font-family: sans-serif; line-height: 20px; text-align: justify; background-color: rgb(242, 244, 245);\">B\u00fcy\u00fck\u015fehir Belediyesi taraf\u0131ndan yap\u0131lm\u0131\u015f olan bor\u00e7lanmalara yap\u0131lan ele\u015ftirilere de cevap veren Kocamaz, \u201cBiz g\u00f6reve geldi\u011fimizde devrald\u0131\u011f\u0131m\u0131z bor\u00e7 175 milyon TL idi. Tabi bunlar kay\u0131tlara giren bor\u00e7lar. Biz 2015 y\u0131l\u0131nda \u00f6zel bankalardan 60 milyon bor\u00e7 alm\u0131\u015f\u0131z. Sadece Erdemli Belediyesi\u2019nden 60 milyona yak\u0131n bor\u00e7 geldi. Biz bu belediyelerin ve B\u00fcy\u00fck\u015fehir Belediyesi\u2019ne ge\u00e7en hizmet birimlerinin bor\u00e7lar\u0131n\u0131n bize gelece\u011fini biliyorduk. Ama il\u00e7e belediyelerinin \u00f6demedi\u011fi bor\u00e7lar, hatta unutulmu\u015f bor\u00e7lar bile bizim omzumuza bindi. Biz 2016\u2019da 50 milyon \u00f6zel bankalardan, 230 milyon da \u0130ller Bankas\u0131\u2019ndan bor\u00e7 alm\u0131\u015f\u0131z. 2017 y\u0131l\u0131nda son ald\u0131\u011f\u0131m\u0131z da dahil 400 milyon bor\u00e7 alm\u0131\u015f\u0131z. Genel ald\u0131\u011f\u0131m\u0131z bor\u00e7 740 milyon, ama devrald\u0131\u011f\u0131m\u0131z bor\u00e7la yakla\u015f\u0131k 900 milyon. 2017 y\u0131l\u0131 sonu itibariyle bor\u00e7 688 milyon TL. Bunlar\u0131n hepsi kay\u0131tlarda mevcuttur. Ele\u015ftirirken l\u00fctfen mant\u0131kl\u0131 ele\u015ftiriler yapal\u0131m. Bizim hizmet alan\u0131m\u0131z 22 kat\u0131na \u00e7\u0131km\u0131\u015f, da\u011f ta\u015f asfaltlanm\u0131\u015f, bunlar\u0131 g\u00f6rm\u00fcyor, sadece ele\u015ftiri yap\u0131yorsunuz\u201d \u015feklinde konu\u015ftu.\u00a0<\/span><br style=\"box-sizing: border-box; font-family: sans-serif; font-size: 14px; line-height: 20px; text-align: justify; background-color: rgb(242, 244, 245);\" \/><br \/>\n<span style=\"font-family: sans-serif; line-height: 20px; text-align: justify; background-color: rgb(242, 244, 245);\">N\u00fckleer santralle ilgili de de\u011ferlendirmelerde bulunan Ba\u015fkan Kocamaz, n\u00fckleere kar\u015f\u0131 en b\u00fcy\u00fck ad\u0131m\u0131 dava a\u00e7arak kendilerinin att\u0131klar\u0131n\u0131 ifade ederek, \u201cBurada eylem yapmak marifet de\u011fil. Hi\u00e7bir yetkimiz olamamas\u0131na ra\u011fmen, dava a\u00e7arak bir ad\u0131m ileriye gitmi\u015fiz. Biz sadece tavsiye karar\u0131 alabiliriz. Bu konuda bizim yetkimiz ne kadar? De\u011ferlendirmeyi buna g\u00f6re yaparsak daha do\u011fru olur. N\u00fckleer santral benim i\u00e7ime sinmiyor. Ben bir kimya m\u00fchendisi olarak art\u0131s\u0131n\u0131 da eksisini de iyi biliyorum\u201d ifadelerine yer verdi.\u00a0<\/span><br style=\"box-sizing: border-box; font-family: sans-serif; font-size: 14px; line-height: 20px; text-align: justify; background-color: rgb(242, 244, 245);\" \/><br \/>\n<span style=\"font-family: sans-serif; line-height: 20px; text-align: justify; background-color: rgb(242, 244, 245);\">Narenciye festivali m\u00fcjdesi\u00a0<\/span><br style=\"box-sizing: border-box; font-family: sans-serif; font-size: 14px; line-height: 20px; text-align: justify; background-color: rgb(242, 244, 245);\" \/><br \/>\n<span style=\"font-family: sans-serif; line-height: 20px; text-align: justify; background-color: rgb(242, 244, 245);\">Son olarak bir s\u00fcredir yap\u0131lmayan narenciye festivalinin \u00f6n\u00fcm\u00fczde y\u0131l hasat zaman\u0131nda yap\u0131laca\u011f\u0131n\u0131n m\u00fcjdesini veren Kocamaz, festivale \u00fcreticilerin de dahil edilmesi gerekti\u011fini ifade etti. Kocamaz, \u201cNarenciye festivali ilk geldi\u011fimiz y\u0131l yap\u0131ld\u0131. Ben \u00fcreticinin de kazanaca\u011f\u0131 bir festival olmas\u0131 taraftar\u0131y\u0131m. Sizlerde g\u00f6r\u00fcyorsunuz o festivalin i\u00e7inde \u00fcretici var m\u0131yd\u0131? Bende \u0131srarla bu i\u015fin i\u00e7erisine \u00fcreticilerin girmesini istedim. Ter\u00f6r olaylar\u0131 ile ilgili de iki y\u0131ld\u0131r yap\u0131lm\u0131yor. Ben de d\u00fcn sosyal medyadan cevap verdim. Biz bunu yapmak istiyoruz. Ama \u00fcreticileri de i\u00e7ine alarak yapmak istiyoruz. \u00d6n\u00fcm\u00fczdeki y\u0131l hasat zaman\u0131nda bu festivali yapmay\u0131 planl\u0131yoruz.\u201d diye konu\u015ftu.\u00a0<\/span><\/span><\/p>\n","protected":false},"excerpt":{"rendered":"<p>Mersin B\u00fcy\u00fck\u015fehir Belediye Ba\u015fkan\u0131 Burhanettin Kocamaz, 1\/5000\u2019lik Naz\u0131m \u0130mar Planlar\u0131na yap\u0131lan itirazlarla ilgili olarak, &#8220;Bir kentin imar\u0131n\u0131 d\u00fczelteceksek, \u015furada \u015funun evi var, bunun malikanesi var mant\u0131\u011f\u0131na izin veremeyiz. Hele ki &hellip; <a href=\"https:\/\/akdenizolaygazetesi.com\/?p=1755\" class=\"more-link\">Devam\u0131n\u0131 Oku&#8230;<\/a><\/p>\n","protected":false},"author":1,"featured_media":0,"comment_status":"open","ping_status":"open","sticky":false,"template":"","format":"standard","meta":[],"categories":[],"tags":[],"_links":{"self":[{"href":"https:\/\/akdenizolaygazetesi.com\/index.php?rest_route=\/wp\/v2\/posts\/1755"}],"collection":[{"href":"https:\/\/akdenizolaygazetesi.com\/index.php?rest_route=\/wp\/v2\/posts"}],"about":[{"href":"https:\/\/akdenizolaygazetesi.com\/index.php?rest_route=\/wp\/v2\/types\/post"}],"author":[{"embeddable":true,"href":"https:\/\/akdenizolaygazetesi.com\/index.php?rest_route=\/wp\/v2\/users\/1"}],"replies":[{"embeddable":true,"href":"https:\/\/akdenizolaygazetesi.com\/index.php?rest_route=%2Fwp%2Fv2%2Fcomments&post=1755"}],"version-history":[{"count":0,"href":"https:\/\/akdenizolaygazetesi.com\/index.php?rest_route=\/wp\/v2\/posts\/1755\/revisions"}],"wp:attachment":[{"href":"https:\/\/akdenizolaygazetesi.com\/index.php?rest_route=%2Fwp%2Fv2%2Fmedia&parent=1755"}],"wp:term":[{"taxonomy":"category","embeddable":true,"href":"https:\/\/akdenizolaygazetesi.com\/index.php?rest_route=%2Fwp%2Fv2%2Fcategories&post=1755"},{"taxonomy":"post_tag","embeddable":true,"href":"https:\/\/akdenizolaygazetesi.com\/index.php?rest_route=%2Fwp%2Fv2%2Ftags&post=1755"}],"curies":[{"name":"wp","href":"https:\/\/api.w.org\/{rel}","templated":true}]}}