{"id":1756,"date":"2020-11-04T18:22:17","date_gmt":"2020-11-04T15:22:17","guid":{"rendered":"http:\/\/mersinekonomipolitikagazetesi.com\/?p=1756"},"modified":"2020-11-04T18:22:17","modified_gmt":"2020-11-04T15:22:17","slug":"baskan-tollu-alt-yapi-yatirimlarimiz-meyvelerini-veriyor","status":"publish","type":"post","link":"https:\/\/akdenizolaygazetesi.com\/?p=1756","title":{"rendered":"Ba\u015fkan Tollu, &#8220;Alt yap\u0131 yat\u0131r\u0131mlar\u0131m\u0131z meyvelerini veriyor&#8221;"},"content":{"rendered":"<p>Erdemli Belediye Ba\u015fkan\u0131 M\u00fckerrem Tollu, belediye olarak sporda alt yap\u0131ya b\u00fcy\u00fck \u00f6nem verdiklerini belirterek, &#8220;Bunun meyvelerinin topland\u0131\u011f\u0131n\u0131, U-14, U15, U16 ve U17 kategorilerinde \u015fampiyon olan futbol tak\u0131m\u0131m\u0131zdan anl\u0131yoruz. Bizim i\u00e7in bu \u00f6zlenen tablo. Bundan sonra da alt yap\u0131 yat\u0131r\u0131mlar\u0131m\u0131z devam edecek&#8221; dedi.<\/p>\n<p><span style=\"font-size:16px;\"><span style=\"font-family: sans-serif; line-height: 20px; text-align: justify; background-color: rgb(242, 244, 245);\">Erdemli Belediyespor Kul\u00fcb\u00fc, U-14, U15, U16 ve U17 kategorilerinde \u015fampiyon olan futbol tak\u0131m\u0131 oyuncular\u0131, Erdemli Belediye Ba\u015fkan\u0131 M\u00fckkerrem Tollu&#8217;yu ziyaret etti.\u00a0<\/span><br style=\"box-sizing: border-box; font-family: sans-serif; font-size: 14px; line-height: 20px; text-align: justify; background-color: rgb(242, 244, 245);\" \/><br \/>\n<span style=\"font-family: sans-serif; line-height: 20px; text-align: justify; background-color: rgb(242, 244, 245);\">Ba\u015fkan Tollu, her bran\u015fta m\u00fccadele eden gen\u00e7lerin, sporcu ahlak\u0131 ve disiplini i\u00e7erisinde \u00e7al\u0131\u015fmalar\u0131n\u0131 s\u00fcrd\u00fcrd\u00fcklerini ve bunun neticesinde de Erdemli\u2019yi \u015fampiyonluklarla en iyi \u015fekilde temsil ettiklerini belirtti. Erdemli Belediyespor\u2019a yapt\u0131klar\u0131 yat\u0131r\u0131mlar\u0131n akademik liglerde ve alt yap\u0131da meyvelerini toplamaya ba\u015flad\u0131klar\u0131n\u0131 kaydeden Tollu, &#8220;Sporda ba\u015far\u0131 alt yap\u0131 ile m\u00fcmk\u00fcn olur. Biz alt yap\u0131ya \u00f6nem veren ve sporun geli\u015fmesinde en \u00f6nemli etken olan alt yap\u0131y\u0131 sa\u011flam temeller \u00fczerine kuran bir anlay\u0131\u015f\u0131 hakim k\u0131ld\u0131k. Bunun neticesinde de d\u00f6rt kategoride \u015fampiyon olduk. Bu gurur kul\u00fcb\u00fcm\u00fcz ve taraftarlar\u0131m\u0131z\u0131n yan\u0131 s\u0131ra t\u00fcm Erdemli halk\u0131n\u0131nd\u0131r\u201d ifadelerini kulland\u0131.\u00a0<\/span><br style=\"box-sizing: border-box; font-family: sans-serif; font-size: 14px; line-height: 20px; text-align: justify; background-color: rgb(242, 244, 245);\" \/><br \/>\n<span style=\"font-family: sans-serif; line-height: 20px; text-align: justify; background-color: rgb(242, 244, 245);\">A\u00e7t\u0131klar\u0131 futbol okullar\u0131yla alt yap\u0131daki her \u00e7ocu\u011fun profesyonelli\u011fe ge\u00e7i\u015fini desteklediklerini belirten Tollu, &#8220;A\u00e7t\u0131\u011f\u0131m\u0131z futbol okullar\u0131 ile \u00e7ocuklar\u0131n k\u00f6t\u00fc al\u0131\u015fkanl\u0131klardan uzakla\u015fmalar\u0131n\u0131 sa\u011fl\u0131yor, okullar\u0131m\u0131zda daha profesyonel anlamda iyi bir tesiste e\u011fitim vermeyi ama\u00e7l\u0131yoruz. Futbol okullar\u0131m\u0131zda sosyal faaliyetlere de \u00f6nem veriyoruz. Her yaz sezonunda da a\u00e7t\u0131\u011f\u0131m\u0131z futbol ve farkl\u0131 bran\u015flarda da faaliyet i\u00e7erisinde olan okullar\u0131m\u0131zda Erdemli sevgisini a\u015f\u0131l\u0131yor, futboldan ziyade her t\u00fcrl\u00fc e\u011fitimlerine de \u00f6zen veriyoruz. Bu sa\u011flad\u0131\u011f\u0131m\u0131z birliktelikte \u00e7ok g\u00fczel \u00e7al\u0131\u015fmalar g\u00f6rd\u00fck ve meyvelerini toplamaya ba\u015flad\u0131k. \u0130\u015fte \u00f6zlenen tablo bu\u2019\u2019 \u015feklinde konu\u015ftu.\u00a0<\/span><br style=\"box-sizing: border-box; font-family: sans-serif; font-size: 14px; line-height: 20px; text-align: justify; background-color: rgb(242, 244, 245);\" \/><br \/>\n<span style=\"font-family: sans-serif; line-height: 20px; text-align: justify; background-color: rgb(242, 244, 245);\">&#8220;Disiplin ba\u015far\u0131n\u0131n olmazsa olmaz\u0131d\u0131r&#8221;\u00a0<\/span><br style=\"box-sizing: border-box; font-family: sans-serif; font-size: 14px; line-height: 20px; text-align: justify; background-color: rgb(242, 244, 245);\" \/><br \/>\n<span style=\"font-family: sans-serif; line-height: 20px; text-align: justify; background-color: rgb(242, 244, 245);\">T\u00fcrk futboluna hizmet edecek sporcular\u0131n yeti\u015fmesi i\u00e7in altyap\u0131 \u00e7al\u0131\u015fmalar\u0131na her t\u00fcrl\u00fc imkan\u0131 sunmaya devam edeceklerini s\u00f6yleyen Tollu, disiplin olmazsa, ba\u015far\u0131n\u0131n asla m\u00fcmk\u00fcn olmayaca\u011f\u0131n\u0131 hat\u0131rlatarak, &#8220;Kul\u00fcb\u00fcn\u00fczde \u00f6zveri ile m\u00fccadele eden ve b\u00fcy\u00fck yetenekleri olan futbolcular\u0131n ba\u015far\u0131lar\u0131n\u0131n artarak devam edece\u011fine inanc\u0131m\u0131z tamd\u0131r. Gen\u00e7lerimizin ba\u015far\u0131lar\u0131ndan ve \u015fampiyonluklar\u0131nda dolay\u0131 da hakl\u0131 bir gurur ya\u015f\u0131yoruz. Gen\u00e7lerin bu elde ettikleri ba\u015far\u0131 ve deneyimler ya\u015famlar\u0131n\u0131n geri kalan k\u0131s\u0131mlar\u0131 i\u00e7in birer d\u00f6n\u00fcm noktas\u0131 olacakt\u0131r. Altyap\u0131s\u0131 olmayan hi\u00e7bir spor dal\u0131n\u0131n ba\u015far\u0131l\u0131 olmas\u0131 m\u00fcmk\u00fcn de\u011fildir. Sizler daha \u00e7ok \u00e7aba g\u00f6stererek kul\u00fcb\u00fcm\u00fcz\u00fcn A Tak\u0131m\u0131nda g\u00f6rev alacaks\u0131n\u0131z. Kendinizi bu alanda da geli\u015ftirme imkan\u0131 bulacaks\u0131n\u0131z. Disiplinli \u00e7al\u0131\u015ft\u0131ktan sonra gayret ettikten sonra \u00e7ok iyi yerlere geleceksiniz&#8221; diye konu\u015ftu.\u00a0<\/span><br style=\"box-sizing: border-box; font-family: sans-serif; font-size: 14px; line-height: 20px; text-align: justify; background-color: rgb(242, 244, 245);\" \/><br \/>\n<span style=\"font-family: sans-serif; line-height: 20px; text-align: justify; background-color: rgb(242, 244, 245);\">4 farkl\u0131 kategoride \u015fampiyon olan gen\u00e7 sporcular ise ziyaret sonunda Tollu\u2019ya kendilerini daha da geli\u015ftirip disiplinli bir \u015fekilde \u00e7al\u0131\u015fmalar\u0131n\u0131 s\u00fcrd\u00fcrerek, \u015fampiyonluklar\u0131n devam\u0131n\u0131 getireceklerinin s\u00f6z\u00fcn\u00fc verdi.\u00a0<\/span><\/span><\/p>\n","protected":false},"excerpt":{"rendered":"<p>Erdemli Belediye Ba\u015fkan\u0131 M\u00fckerrem Tollu, belediye olarak sporda alt yap\u0131ya b\u00fcy\u00fck \u00f6nem verdiklerini belirterek, &#8220;Bunun meyvelerinin topland\u0131\u011f\u0131n\u0131, U-14, U15, U16 ve U17 kategorilerinde \u015fampiyon olan futbol tak\u0131m\u0131m\u0131zdan anl\u0131yoruz. Bizim i\u00e7in &hellip; <a href=\"https:\/\/akdenizolaygazetesi.com\/?p=1756\" class=\"more-link\">Devam\u0131n\u0131 Oku&#8230;<\/a><\/p>\n","protected":false},"author":1,"featured_media":0,"comment_status":"open","ping_status":"open","sticky":false,"template":"","format":"standard","meta":[],"categories":[],"tags":[],"_links":{"self":[{"href":"https:\/\/akdenizolaygazetesi.com\/index.php?rest_route=\/wp\/v2\/posts\/1756"}],"collection":[{"href":"https:\/\/akdenizolaygazetesi.com\/index.php?rest_route=\/wp\/v2\/posts"}],"about":[{"href":"https:\/\/akdenizolaygazetesi.com\/index.php?rest_route=\/wp\/v2\/types\/post"}],"author":[{"embeddable":true,"href":"https:\/\/akdenizolaygazetesi.com\/index.php?rest_route=\/wp\/v2\/users\/1"}],"replies":[{"embeddable":true,"href":"https:\/\/akdenizolaygazetesi.com\/index.php?rest_route=%2Fwp%2Fv2%2Fcomments&post=1756"}],"version-history":[{"count":0,"href":"https:\/\/akdenizolaygazetesi.com\/index.php?rest_route=\/wp\/v2\/posts\/1756\/revisions"}],"wp:attachment":[{"href":"https:\/\/akdenizolaygazetesi.com\/index.php?rest_route=%2Fwp%2Fv2%2Fmedia&parent=1756"}],"wp:term":[{"taxonomy":"category","embeddable":true,"href":"https:\/\/akdenizolaygazetesi.com\/index.php?rest_route=%2Fwp%2Fv2%2Fcategories&post=1756"},{"taxonomy":"post_tag","embeddable":true,"href":"https:\/\/akdenizolaygazetesi.com\/index.php?rest_route=%2Fwp%2Fv2%2Ftags&post=1756"}],"curies":[{"name":"wp","href":"https:\/\/api.w.org\/{rel}","templated":true}]}}