{"id":1757,"date":"2020-11-04T18:22:17","date_gmt":"2020-11-04T15:22:17","guid":{"rendered":"http:\/\/mersinekonomipolitikagazetesi.com\/?p=1757"},"modified":"2020-11-04T18:22:17","modified_gmt":"2020-11-04T15:22:17","slug":"ogrencilere-sanat-tarihi-arastirma-etkinligi","status":"publish","type":"post","link":"https:\/\/akdenizolaygazetesi.com\/?p=1757","title":{"rendered":"\u00d6\u011eRENC\u0130LERE SANAT TAR\u0130H\u0130 ARA\u015eTIRMA ETK\u0130NL\u0130\u011e\u0130"},"content":{"rendered":"<p>Mersin \u00dcniversitesi Fen-Edebiyat Fak\u00fcltesi Sanat Tarihi B\u00f6l\u00fcm\u00fc, \u00f6\u011frencilerine bilgi ama\u00e7l\u0131 \u20182018 Sanat Tarihi Konferanslar\u0131\u2019 ba\u015fl\u0131\u011f\u0131 alt\u0131nda etkinlik ger\u00e7ekle\u015ftirdi.<\/p>\n<div>\n<div>\n<div>\n<div>\n<div>\n<div>\n<div>\n<div>\n<div>\n<div>\n<div>\n<div id=\":4\">\n<div id=\":2\">\n<div>\n<div role=\"main\">\n<table cellpadding=\"0\" role=\"presentation\" style=\"width:1675px;\">\n<tbody>\n<tr>\n<td>\n<div>\n<div>\n<div>\n<div role=\"list\">\n<div role=\"listitem\" style=\"clear:both;\" tabindex=\"-1\">\n<div>\n<div>\n<div id=\":2dy\">\n<div data-legacy-message-id=\"162bf4cb6917ebb6\" data-message-id=\"162bf4cb6917ebb6\">\n<div style=\"margin-left:44px;\">\n<div id=\":2fy\">\n<div id=\":15x\">\n<div dir=\"auto\">\n<blockquote type=\"cite\">\n<div dir=\"ltr\">\n<p><span style=\"font-size:16px;\">Mersin \u00dcniversitesi Mimarl\u0131k Fak\u00fcltesi Konferans Salonu\u2019nda ger\u00e7ekle\u015fen etkinli\u011fe \u00f6\u011fretim elamanlar\u0131, \u00f6\u011frenciler ve davetliler kat\u0131ld\u0131<\/span><\/p>\n<p><span style=\"font-size:16px;\">Konu\u015fmac\u0131 olarak \u00a0Anadolu \u00dcniversitesi Edebiyat Fak\u00fcltesi Sanat Tarihi B\u00f6l\u00fcm\u00fc \u00d6\u011fretim \u00dcyesi Do\u00e7. Dr. A. O\u011fuz Alp ile Hacettepe \u00dcniversitesi Edebiyat Fak\u00fcltesi Sanat Tarihi B\u00f6l\u00fcm\u00fc \u00d6\u011fretim \u00dcyesi Do\u00e7. Dr. V. Macit Tekinalp yer ald\u0131.<\/span><\/p>\n<\/p><\/div>\n<\/blockquote>\n<blockquote type=\"cite\">\n<div dir=\"ltr\">\n<p>\u00a0<\/p>\n<p>\u00a0<\/p>\n<p><span style=\"font-size:16px;\">\u0130lk olarak konu\u015fmas\u0131n\u0131 ger\u00e7ekle\u015ftiren Mersin \u00dcniversitesi Fen-Edebiyat Fak\u00fcltesi Sanat Tarihi B\u00f6l\u00fcm Ba\u015fkan\u0131 Prof. Dr. Candan \u00dclk\u00fc, \u00f6zge\u00e7mi\u015fleri hakk\u0131nda bilgi verdi.<\/span><\/p>\n<p><span style=\"font-size:16px;\">Do\u00e7. Dr. A. O\u011fuz Alp, \u2018Erken Hristiyanl\u0131k D\u00f6nemi Lahitlerinde, Eski ve Yeni Ahit \u0130konografisi\u2019 ba\u015fl\u0131kl\u0131 bir sunumu ile konu\u015fmas\u0131n\u0131 yapt\u0131.<\/span><\/p>\n<p><span style=\"font-size:16px;\">Etkinli\u011fin son konu\u015fmac\u0131s\u0131 Do\u00e7. Dr. V. Macit Tekinalp ise, \u2018Erken Bizans\u2019tan Erken Osmanl\u0131ya: Osman ve Orhan Gazi T\u00fcrbeleri\u2019 ba\u015fl\u0131kl\u0131 konuyla sunumu ger\u00e7ekle\u015ftirdi.<\/span><\/p>\n<div>\n<div aria-label=\"Geni\u015fletilen i\u00e7eri\u011fi gizleyin\" data-tooltip=\"Geni\u015fletilen i\u00e7eri\u011fi gizleyin\" id=\":2u7\" role=\"button\" style=\"clear:both;\" tabindex=\"0\"><span style=\"font-size:16px;\"><img src=\"https:\/\/ssl.gstatic.com\/ui\/v1\/icons\/mail\/images\/cleardot.gif\" style=\"height:8px;width:20px;\" \/><\/span><\/div>\n<\/p><\/div>\n<div>\n<p>\u00a0<\/p>\n<p><span style=\"font-size:16px;\">Etkinli\u011fin sonunda, Prof. Dr. Candan \u00dclk\u00fc, konu\u015fmac\u0131lara te\u015fekk\u00fcr belgesi verdi.<\/span><\/p>\n<\/p><\/div>\n<\/p><\/div>\n<\/blockquote><\/div>\n<\/p><\/div>\n<\/p><\/div>\n<\/p><\/div>\n<\/p><\/div>\n<\/p><\/div>\n<\/p><\/div>\n<\/p><\/div>\n<\/p><\/div>\n<\/p><\/div>\n<\/p><\/div>\n<\/p><\/div>\n<\/p><\/div>\n<\/td>\n<\/tr>\n<\/tbody>\n<\/table>\n<div style=\"clear:both;\">\u00a0<\/div>\n<\/div>\n<\/div>\n<\/div>\n<\/div>\n<\/div>\n<\/div>\n<\/div>\n<\/div>\n<\/div>\n<\/div>\n<\/div>\n<\/div>\n<\/div>\n<\/div>\n<\/div>\n","protected":false},"excerpt":{"rendered":"<p>Mersin \u00dcniversitesi Fen-Edebiyat Fak\u00fcltesi Sanat Tarihi B\u00f6l\u00fcm\u00fc, \u00f6\u011frencilerine bilgi ama\u00e7l\u0131 \u20182018 Sanat Tarihi Konferanslar\u0131\u2019 ba\u015fl\u0131\u011f\u0131 alt\u0131nda etkinlik ger\u00e7ekle\u015ftirdi. Mersin \u00dcniversitesi Mimarl\u0131k Fak\u00fcltesi Konferans Salonu\u2019nda ger\u00e7ekle\u015fen etkinli\u011fe \u00f6\u011fretim elamanlar\u0131, \u00f6\u011frenciler ve &hellip; <a href=\"https:\/\/akdenizolaygazetesi.com\/?p=1757\" class=\"more-link\">Devam\u0131n\u0131 Oku&#8230;<\/a><\/p>\n","protected":false},"author":1,"featured_media":0,"comment_status":"open","ping_status":"open","sticky":false,"template":"","format":"standard","meta":[],"categories":[],"tags":[],"_links":{"self":[{"href":"https:\/\/akdenizolaygazetesi.com\/index.php?rest_route=\/wp\/v2\/posts\/1757"}],"collection":[{"href":"https:\/\/akdenizolaygazetesi.com\/index.php?rest_route=\/wp\/v2\/posts"}],"about":[{"href":"https:\/\/akdenizolaygazetesi.com\/index.php?rest_route=\/wp\/v2\/types\/post"}],"author":[{"embeddable":true,"href":"https:\/\/akdenizolaygazetesi.com\/index.php?rest_route=\/wp\/v2\/users\/1"}],"replies":[{"embeddable":true,"href":"https:\/\/akdenizolaygazetesi.com\/index.php?rest_route=%2Fwp%2Fv2%2Fcomments&post=1757"}],"version-history":[{"count":0,"href":"https:\/\/akdenizolaygazetesi.com\/index.php?rest_route=\/wp\/v2\/posts\/1757\/revisions"}],"wp:attachment":[{"href":"https:\/\/akdenizolaygazetesi.com\/index.php?rest_route=%2Fwp%2Fv2%2Fmedia&parent=1757"}],"wp:term":[{"taxonomy":"category","embeddable":true,"href":"https:\/\/akdenizolaygazetesi.com\/index.php?rest_route=%2Fwp%2Fv2%2Fcategories&post=1757"},{"taxonomy":"post_tag","embeddable":true,"href":"https:\/\/akdenizolaygazetesi.com\/index.php?rest_route=%2Fwp%2Fv2%2Ftags&post=1757"}],"curies":[{"name":"wp","href":"https:\/\/api.w.org\/{rel}","templated":true}]}}