{"id":1759,"date":"2020-11-04T18:22:17","date_gmt":"2020-11-04T15:22:17","guid":{"rendered":"http:\/\/mersinekonomipolitikagazetesi.com\/?p=1759"},"modified":"2020-11-04T18:22:17","modified_gmt":"2020-11-04T15:22:17","slug":"mersinin-bir-hikayesi-var","status":"publish","type":"post","link":"https:\/\/akdenizolaygazetesi.com\/?p=1759","title":{"rendered":"MERS\u0130N&#8217;\u0130N B\u0130R H\u0130KAYES\u0130 VAR"},"content":{"rendered":"<p>AK Parti \u00c7evre, \u015eehir ve K\u00fclt\u00fcrden Sorumlu Genel Ba\u015fkan\u0131 Yard\u0131mc\u0131s\u0131 \u00c7i\u011fdem Karaaslan, T\u00fcrkiye\u2019nin 2023 vizyonu gibi her \u015fehrin kendi 2023 vizyonu olmas\u0131 gerekti\u011finden yola \u00e7\u0131k\u0131p bir yolculu\u011fa ba\u015flad\u0131klar\u0131n\u0131 vurgulayarak, &#8220;Her \u015fey hayal kurmakla ba\u015flar. \u0130lk kez sizinle bir \u015fehrin \u00e7evresini, de\u011ferlerini, tabiat varl\u0131klar\u0131n\u0131, do\u011fal de\u011ferlerini, k\u00fclt\u00fcrel farkl\u0131l\u0131klar\u0131n\u0131 konu\u015fmak i\u00e7in bir araya geldik&#8221; dedi.<\/p>\n<p><span style=\"font-size:16px;\"><span style=\"font-family: sans-serif; line-height: 20px; text-align: justify; background-color: rgb(242, 244, 245);\">Karaaslan, &#8220;\u015eehrim 2023 Projesi&#8221; kapsam\u0131nda Mersin&#8217;de kanaat \u00f6nderleriyle bir araya geldi. Suphi \u00d6ner \u00d6\u011fretmenevi&#8217;nde ger\u00e7ekle\u015ftirilen toplant\u0131da Karaaslan&#8217;a AK Parti \u0130l Ba\u015fkan\u0131 Cesim Ercik e\u015flik etti. Burada konu\u015fan \u00c7i\u011fdem Karaaslan, bug\u00fcn Mersin\u2019i konu\u015fmak i\u00e7in bir araya geldiklerini s\u00f6yledi. Bu \u00e7al\u0131\u015fman\u0131n birlikte olmak i\u00e7in anlaml\u0131 oldu\u011funu kaydeden Karaaslan, \u201cBug\u00fcn \u015fehrin farkl\u0131 dinamiklerini temsil eden b\u00fct\u00fcn taraflar\u0131n ayn\u0131 masa, ayn\u0131 ortak ama\u00e7 i\u00e7in bulu\u015fturmak bizler i\u00e7in \u00e7ok \u00f6nemli. Bug\u00fcn Mersin\u2019i konu\u015faca\u011f\u0131z. Bug\u00fcn bu \u015fehrin gelece\u011fini konu\u015faca\u011f\u0131z. Bug\u00fcn \u00f6zellikle \u00e7evre, \u015fehir ve k\u00fclt\u00fcr de\u011ferleri \u00fczerinden \u015fehrimizi 2023 ve \u00f6tesiyle ilgili hayallerimizi konu\u015faca\u011f\u0131z. Hayaller k\u0131sm\u0131n\u0131 \u00e7ok \u00f6nemsiyoruz \u00e7\u00fcnk\u00fc biliyoruz ki her \u015fey bir hayal kurmakla ba\u015flar. O hayale s\u0131k\u0131 s\u0131k\u0131ya sar\u0131larak, o hayale ger\u00e7e\u011fe d\u00f6n\u00fc\u015ft\u00fcrerek ve bu iddial\u0131, bu hedefe hakikaten ula\u015fma noktas\u0131nda elimizden gelen her t\u00fcrl\u00fc gayreti g\u00f6stererek biz bunu ger\u00e7e\u011fe d\u00f6n\u00fc\u015ft\u00fcrebiliriz. T\u00fcrkiye Cumhuriyeti Devleti bunun defalarca \u00f6rneklerine \u015fahitlik etmi\u015ftir. Bug\u00fcn Cumhuriyetimizin kurulu\u015funun 100. y\u0131l\u0131 i\u00e7in ortaya \u00e7ok g\u00fc\u00e7l\u00fc bir hedef koyduk ve ad\u0131na 2023 hedefleri dedik. 2023 hedefleri kapsam\u0131nda \u00fclkemizi d\u00fcnyan\u0131n lider \u00fclkesi, b\u00fcy\u00fck ve g\u00fc\u00e7l\u00fc T\u00fcrkiye olma yolunda b\u00fct\u00fcn alanlar\u0131 haz\u0131rl\u0131yoruz&#8221; \u015feklinde konu\u015ftu.\u00a0<\/span><br style=\"box-sizing: border-box; font-family: sans-serif; font-size: 14px; line-height: 20px; text-align: justify; background-color: rgb(242, 244, 245);\" \/><br \/>\n<br style=\"box-sizing: border-box; font-family: sans-serif; font-size: 14px; line-height: 20px; text-align: justify; background-color: rgb(242, 244, 245);\" \/><br \/>\n<span style=\"font-family: sans-serif; line-height: 20px; text-align: justify; background-color: rgb(242, 244, 245);\">&#8220;Her \u015fehrin kendi 2023 vizyonu olmas\u0131 gerekti\u011finden yola \u00e7\u0131kt\u0131k&#8221;\u00a0<\/span><br style=\"box-sizing: border-box; font-family: sans-serif; font-size: 14px; line-height: 20px; text-align: justify; background-color: rgb(242, 244, 245);\" \/><br \/>\n<span style=\"font-family: sans-serif; line-height: 20px; text-align: justify; background-color: rgb(242, 244, 245);\">T\u00fcrkiye\u2019nin 2023 vizyonu gibi her \u015fehrin kendi 2023 vizyonu olmas\u0131 gerekti\u011finden yola \u00e7\u0131karak bir yolculu\u011fa ba\u015flad\u0131klar\u0131n\u0131 kaydeden Karaaslan, &#8220;Ben bunu bir ke\u015fif olarak adland\u0131r\u0131yorum \u00e7\u00fcnk\u00fc gitti\u011fimiz her \u015fehirde o \u015fehri sizlerle birlikte yeniden ke\u015ffediyoruz. Bunu yaparken bir y\u00f6ntem veya bir metot izlemiyoruz. \u015eehir sadece yap\u0131lardan ibaret olmad\u0131\u011f\u0131 gibi tek bir bak\u0131\u015f a\u00e7\u0131s\u0131yla da anla\u015f\u0131lamayacak kadar dinamik yap\u0131. O y\u00fczden farkl\u0131 y\u00f6ntemler izliyoruz. Mesela otob\u00fcs yolluyoruz \u015fehirlere. Bunun amac\u0131 o \u015fehirde ya\u015fayanlarla, o \u015fehri hissedenlerle tam da o \u015fehrin kalbi dedi\u011fimiz meydanlar\u0131nda, caddelerinde, sokaklar\u0131nda bulu\u015fmak. Bu yap\u0131l\u0131rken di\u011fer taraftan \u015fehrin dinamikleriyle bir araya geliyoruz. \u015eehrin kanaat \u00f6nderleriyle her masam\u0131zda akademiye, bilimi de temsil eden bir hocam\u0131z\u0131n moderat\u00f6rl\u00fc\u011f\u00fcnde bu tart\u0131\u015fmalar\u0131 ger\u00e7ekle\u015ftiriyoruz. Di\u011fer taraftan 15 tane gen\u00e7, dinamik, y\u00fcksek lisans \u00f6\u011frencisini o \u015fehre g\u00f6nderiyoruz. Onlar o \u015fehirde 2 g\u00fcn boyunca bir saha analizi yap\u0131yorlar. Milletvekillerimizle Ankara\u2019da bir araya geliyoruz. \u015eehrin \u00f6n raporunu haz\u0131rl\u0131yoruz. K\u0131sacas\u0131 b\u00fct\u00fcn dinamikleriyle bu \u015fehrin r\u00f6ntgenini \u00e7ekmek, analizini yapmak ve sorunlar\u0131 masaya yat\u0131rmak \u00fczere, dolay\u0131s\u0131yla hedefe d\u00f6n\u00fc\u015febilecek alanlar\u0131 tespit etmek i\u00e7in \u00e7al\u0131\u015fmalar\u0131m\u0131z\u0131 yap\u0131yoruz. \u0130n\u015fallah hay\u0131rlara vesile olmas\u0131n\u0131 Rabbim bize nasip eder&#8221; diye konu\u015ftu.\u00a0<\/span><br style=\"box-sizing: border-box; font-family: sans-serif; font-size: 14px; line-height: 20px; text-align: justify; background-color: rgb(242, 244, 245);\" \/><br \/>\n<br style=\"box-sizing: border-box; font-family: sans-serif; font-size: 14px; line-height: 20px; text-align: justify; background-color: rgb(242, 244, 245);\" \/><br \/>\n<span style=\"font-family: sans-serif; line-height: 20px; text-align: justify; background-color: rgb(242, 244, 245);\">&#8220;\u0130lk kez b\u00f6yle bir \u00e7al\u0131\u015fmayla bir araya geliyoruz&#8221;\u00a0<\/span><br style=\"box-sizing: border-box; font-family: sans-serif; font-size: 14px; line-height: 20px; text-align: justify; background-color: rgb(242, 244, 245);\" \/><br \/>\n<span style=\"font-family: sans-serif; line-height: 20px; text-align: justify; background-color: rgb(242, 244, 245);\">T\u00fcrkiye&#8217;nin hep ebedi kalaca\u011f\u0131n\u0131n alt\u0131n\u0131 \u00e7izen Karaaslan, s\u00f6zlerine \u015f\u00f6yle devam etti:\u00a0<\/span><br style=\"box-sizing: border-box; font-family: sans-serif; font-size: 14px; line-height: 20px; text-align: justify; background-color: rgb(242, 244, 245);\" \/><br \/>\n<span style=\"font-family: sans-serif; line-height: 20px; text-align: justify; background-color: rgb(242, 244, 245);\">&#8220;Biz tarihin bu d\u00f6neminde kendi alanlar\u0131m\u0131za giren sorumluluklar\u0131m\u0131zla en iyisi yapmak i\u00e7in m\u00fccadele verece\u011fiz. Hele ki i\u00e7inden ge\u00e7ti\u011fimiz bunca zor zamanlarda. Bizi bir arada tutan en \u00f6nemli g\u00fcc\u00fcm\u00fcz t\u0131pk\u0131 bu salonda oldu\u011fu gibi omuz omuza durdu\u011fumuzda, birbirimizden ald\u0131\u011f\u0131m\u0131z g\u00fc\u00e7. Bug\u00fcn Mersin\u2019de t\u0131pk\u0131 di\u011fer 30 b\u00fcy\u00fck\u015fehirde ger\u00e7ekle\u015ftirecek oldu\u011fumuz gibi bu \u00e7al\u0131\u015fmay\u0131 bu ama\u00e7la ger\u00e7ekle\u015ftiriyoruz. AK Parti olarak son 15 y\u0131lda T\u00fcrkiye\u2019de yapt\u0131klar\u0131m\u0131z\u0131 anlatmayaca\u011f\u0131m. Vicdan\u0131 olan herkes zaten yap\u0131lan \u00e7al\u0131\u015fmalar\u0131 g\u00f6r\u00fcyordur. Tabi b\u00fct\u00fcn bu ba\u015far\u0131n\u0131n alt\u0131ndaki en \u00f6nemli s\u0131r herhalde halktan ald\u0131\u011f\u0131n\u0131 ger\u00e7e\u011fe d\u00f6n\u00fc\u015ft\u00fcrebilme, onu yasaya, onu bir tak\u0131m d\u00fczenlemelere d\u00f6n\u00fc\u015ft\u00fcr\u00fcp hayata ge\u00e7irebilme konusundaki ba\u015far\u0131m\u0131zd\u0131r. Bu y\u00f6n\u00fcyle bakt\u0131\u011f\u0131m\u0131zda \u00e7ok yeni bir \u015fey yapm\u0131yoruz. Zaten bu bizim s\u00fcrekli uygulad\u0131\u011f\u0131m\u0131z y\u00f6ntem ama bir y\u00f6n\u00fcyle \u00e7ok farkl\u0131. \u0130lk kez sizinle bir \u015fehrin \u00e7evresini, de\u011ferlerini, tabiat varl\u0131klar\u0131n\u0131, do\u011fal de\u011ferlerini, k\u00fclt\u00fcrel farkl\u0131l\u0131klar\u0131n\u0131 konu\u015fmak i\u00e7in bir araday\u0131z. Bu bize \u0131\u015f\u0131k tutacak, bu bize yol g\u00f6sterecek. Mersin\u2019de son d\u00f6nemde \u00e7ok g\u00fczel geli\u015fmelerin oldu\u011funu biliyorum. Bu \u015fehir bir sanayi, lojistik, turizm, tarih \u015fehri. Bu \u015fehir hakikaten hikayesi olan, birimi olan, arkas\u0131nda \u00e7ok derin bir iz b\u0131rakm\u0131\u015f ve bence gelece\u011fe iz b\u0131rakma iddias\u0131nda olan bir \u015fehir. Bu \u015fehir art\u0131k bir enerji \u015fehri. Bu \u015fehir T\u00fcrkiye\u2019nin yar\u0131m as\u0131rl\u0131k r\u00fcyas\u0131n\u0131n ger\u00e7ekle\u015fti\u011fi, Akkuyu N\u00fckleer Santrali ile hakikaten d\u00fcnya \u00e7ap\u0131nda bir projeye ev sahipli\u011fi yapacak bir \u015fehir. Biz sizi dinlemek i\u00e7in buraday\u0131z. \u0130n\u015fallah hep beraber bu de\u011ferlendirmeleri, katk\u0131lar\u0131 birlikte yol haritas\u0131na d\u00f6n\u00fc\u015ft\u00fcrece\u011fiz. Biz yola \u00e7\u0131karken dedik ki, bir \u015fehri anlaman\u0131n en g\u00fczel yolu o \u015fehre giden yoldur ve onun i\u00e7in buraday\u0131z.&#8221;\u00a0<\/span><br style=\"box-sizing: border-box; font-family: sans-serif; font-size: 14px; line-height: 20px; text-align: justify; background-color: rgb(242, 244, 245);\" \/><br \/>\n<span style=\"font-family: sans-serif; line-height: 20px; text-align: justify; background-color: rgb(242, 244, 245);\">Konu\u015fmalar\u0131n ard\u0131ndan toplant\u0131 bas\u0131na kapal\u0131 olarak devam etti.\u00a0<\/span><\/span><\/p>\n","protected":false},"excerpt":{"rendered":"<p>AK Parti \u00c7evre, \u015eehir ve K\u00fclt\u00fcrden Sorumlu Genel Ba\u015fkan\u0131 Yard\u0131mc\u0131s\u0131 \u00c7i\u011fdem Karaaslan, T\u00fcrkiye\u2019nin 2023 vizyonu gibi her \u015fehrin kendi 2023 vizyonu olmas\u0131 gerekti\u011finden yola \u00e7\u0131k\u0131p bir yolculu\u011fa ba\u015flad\u0131klar\u0131n\u0131 vurgulayarak, &#8220;Her &hellip; <a href=\"https:\/\/akdenizolaygazetesi.com\/?p=1759\" class=\"more-link\">Devam\u0131n\u0131 Oku&#8230;<\/a><\/p>\n","protected":false},"author":1,"featured_media":0,"comment_status":"open","ping_status":"open","sticky":false,"template":"","format":"standard","meta":[],"categories":[],"tags":[],"_links":{"self":[{"href":"https:\/\/akdenizolaygazetesi.com\/index.php?rest_route=\/wp\/v2\/posts\/1759"}],"collection":[{"href":"https:\/\/akdenizolaygazetesi.com\/index.php?rest_route=\/wp\/v2\/posts"}],"about":[{"href":"https:\/\/akdenizolaygazetesi.com\/index.php?rest_route=\/wp\/v2\/types\/post"}],"author":[{"embeddable":true,"href":"https:\/\/akdenizolaygazetesi.com\/index.php?rest_route=\/wp\/v2\/users\/1"}],"replies":[{"embeddable":true,"href":"https:\/\/akdenizolaygazetesi.com\/index.php?rest_route=%2Fwp%2Fv2%2Fcomments&post=1759"}],"version-history":[{"count":0,"href":"https:\/\/akdenizolaygazetesi.com\/index.php?rest_route=\/wp\/v2\/posts\/1759\/revisions"}],"wp:attachment":[{"href":"https:\/\/akdenizolaygazetesi.com\/index.php?rest_route=%2Fwp%2Fv2%2Fmedia&parent=1759"}],"wp:term":[{"taxonomy":"category","embeddable":true,"href":"https:\/\/akdenizolaygazetesi.com\/index.php?rest_route=%2Fwp%2Fv2%2Fcategories&post=1759"},{"taxonomy":"post_tag","embeddable":true,"href":"https:\/\/akdenizolaygazetesi.com\/index.php?rest_route=%2Fwp%2Fv2%2Ftags&post=1759"}],"curies":[{"name":"wp","href":"https:\/\/api.w.org\/{rel}","templated":true}]}}