{"id":1760,"date":"2020-11-04T18:22:17","date_gmt":"2020-11-04T15:22:17","guid":{"rendered":"http:\/\/mersinekonomipolitikagazetesi.com\/?p=1760"},"modified":"2020-11-04T18:22:17","modified_gmt":"2020-11-04T15:22:17","slug":"biz-de-mebe-sifir-notu-veriyoruz","status":"publish","type":"post","link":"https:\/\/akdenizolaygazetesi.com\/?p=1760","title":{"rendered":"\u201cB\u0130Z DE MEB\u2019E \u2018SIFIR\u2019 NOTU VER\u0130YORUZ\u201d"},"content":{"rendered":"<p>Mersin E\u011fitim-\u0130\u015f \u015eubesi Sendikas\u0131, \u00f6\u011fretmenlere getirilen performans notuna tepki olarak bir araya geldi. \u015eube ad\u0131na a\u00e7\u0131klamay\u0131 ger\u00e7ekle\u015ftiren Hakan Boyar, \u00f6\u011fretmenlerin de kendi aralar\u0131nda MEB\u2019e \u2018s\u0131f\u0131r\u2019 notu verdi\u011fini aktard\u0131.<\/p>\n<blockquote type=\"cite\">\n<div dir=\"ltr\">\n<p><span style=\"font-size:16px;\">Mersin E\u011fitim-\u0130\u015f \u015eubesi Sendikas\u0131 \u00d6zg\u00fcr \u00c7ocuk park\u0131nda, \u2018\u00d6\u011fretmen not istemez, \u00f6\u011fretmen sadece ders verir!\u2019 ba\u015fl\u0131\u011f\u0131 alt\u0131nda bir araya gelerek a\u00e7\u0131klama ger\u00e7ekle\u015ftirdi.<\/span><\/p>\n<div>\n<div aria-label=\"Geni\u015fletilen i\u00e7eri\u011fi gizleyin\" data-tooltip=\"Geni\u015fletilen i\u00e7eri\u011fi gizleyin\" id=\":1dq\" role=\"button\" style=\"clear:both;\" tabindex=\"0\"><span style=\"font-size:16px;\"><img src=\"https:\/\/ssl.gstatic.com\/ui\/v1\/icons\/mail\/images\/cleardot.gif\" style=\"height:8px;width:20px;\" \/><\/span><\/div>\n<\/div>\n<div>\n<p><span style=\"font-size:16px;\">A\u00e7\u0131klama konu\u015fmas\u0131n\u0131 y\u00f6netim kurulu ad\u0131na \u015fube ba\u015fkan\u0131 Hakan Boyar yapt\u0131.<\/span><\/p>\n<p><span style=\"font-size:16px;\">Ger\u00e7ekle\u015fen a\u00e7\u0131klamada \u00f6\u011fretmenlik mesle\u011finin itibars\u0131zla\u015ft\u0131r\u0131lmas\u0131na kar\u015f\u0131 durmak i\u00e7in bir araya geldikleri belirtildi.<\/span><\/p>\n<p>\u00a0<\/p>\n<p><span style=\"font-size:16px;\">\u201cD\u00dcNYANIN H\u0130\u00c7B\u0130R YER\u0130NDE G\u00d6R\u00dcLMEYEN S\u0130STEM\u201d<\/span><\/p>\n<p>\u00a0<\/p>\n<p><span style=\"font-size:16px;\">Y\u00f6netim kurulu ad\u0131na konu\u015fmas\u0131n\u0131 ger\u00e7ekle\u015ftiren \u015fube ba\u015fkan\u0131 Hakan Boyar, Milli E\u011fitim Bakanl\u0131\u011f\u0131 \u00f6\u011fretmenler i\u00e7in performans tasla\u011f\u0131 yay\u0131nlad\u0131\u011f\u0131n\u0131 kaydetti.<\/span><\/p>\n<p><span style=\"font-size:16px;\">MEB performans sistemi ile \u00fclkenin gelece\u011fi olan yavrular\u0131n\u0131 e\u011fiten, \u015fekillendiren, yar\u0131nlar\u0131n mimar\u0131 olan \u00f6\u011fretmenleri bask\u0131 alt\u0131na almay\u0131 ama\u00e7lad\u0131klar\u0131n\u0131 dile getiren Boyar: \u201cD\u00fcnyan\u0131n hi\u00e7bir \u00fclkesinde benzeri g\u00f6r\u00fclmeyen bu sistemde, e\u011fitimcilerin uzmanl\u0131k kariyerleri uzman olmayanlar taraf\u0131ndan de\u011ferlendirilmek istenmektedir.\u201d ifadelerini kulland\u0131.<\/span><\/p>\n<p>\u00a0<\/p>\n<p><span style=\"font-size:16px;\">\u201c\u00d6\u011eRETMENL\u0130K MESLE\u011e\u0130N\u0130 TAMAMEN AYAKLAR ALTINA ALIYORLAR\u201d<\/span><\/p>\n<p>\u00a0<\/p>\n<p><span style=\"font-size:16px;\">\u00a0Getirilecek performans uygulamayla ilgili Boyar \u015fu ifadeleri kulland\u0131: \u201c\u00d6\u011fretmen ve \u00f6\u011frencisi aras\u0131na, birbirlerinin notlar\u0131na kar\u015f\u0131l\u0131kl\u0131 ihtiya\u00e7 duymaktan \u00f6t\u00fcr\u00fc, bir \u00e7\u0131kar ili\u015fkisi olu\u015fturulmaya \u00e7al\u0131\u015f\u0131lmaktad\u0131r. \u00d6\u011fretmenlerin birbirine not verecek olmas\u0131 da, ki\u015fisel husumetlerin ya da g\u00f6r\u00fc\u015f ayr\u0131l\u0131klar\u0131n\u0131n bir \u015fekilde kariyerlere yans\u0131mas\u0131na yol a\u00e7acak, okullarda \u00e7al\u0131\u015fma bar\u0131\u015f\u0131n\u0131 bozacakt\u0131r. Bildi\u011finiz \u00fczere yanl\u0131\u015f e\u011fitim politikalar\u0131 ve y\u00f6neticilerin hadsiz s\u00f6ylemleriyle son y\u0131llarda \u00f6\u011fretmenlik mesle\u011finin itibar\u0131 zedelenmi\u015f, e\u011fitimcilerin maruz kald\u0131\u011f\u0131 adli ve idari sald\u0131r\u0131lar sosyal medyay\u0131 ve gazetelerin 3. sayfalar\u0131n\u0131 kaplar hale gelmi\u015ftir. Bu sistemle birlikte, \u00f6\u011fretmenlik meslek onuru, tamamen ayaklar alt\u0131na al\u0131nmaya \u00e7al\u0131\u015f\u0131lmaktad\u0131r. Her \u015feyden \u00f6nce; bir e\u011fitimcinin performans\u0131n\u0131, o alan\u0131n uzman\u0131 olmayan ki\u015filerin notlar\u0131yla \u00f6l\u00e7meye \u00e7al\u0131\u015fman\u0131n bilimsel ve akademik hi\u00e7bir ger\u00e7ekli\u011fi yoktur.\u201d<\/span><\/p>\n<p>\u00a0<\/p>\n<p><span style=\"font-size:16px;\">\u201c\u0130LK \u00d6NCE MEB KEND\u0130 PERFORMANSINA BAKSIN\u201d<\/span><\/p>\n<p>\u00a0<\/p>\n<p><span style=\"font-size:16px;\">MEB taraf\u0131ndan 2016 y\u0131l\u0131nda devreye sokulan performans de\u011ferlendirme sistemi, \u00f6\u011fretmenlik mesle\u011fini de\u011fersizle\u015ftirdi\u011fini belirten Boyar: \u201cHer konuda oldu\u011fu gibi MEB, bu \u00f6nemli a\u015famada da e\u011fitimin payda\u015flar\u0131 olan bizlere fikir sormaya l\u00fctfetmemi\u015f ve hatta itirazlar\u0131m\u0131za kulak kapatm\u0131\u015ft\u0131r. T\u00fcrkiye\u2019de e\u011fitimde ya\u015fanan sorunlar\u0131n nedeni \u00f6\u011fretmenlerin performanslar\u0131 de\u011fildir. \u00d6\u011fretmen e\u011fitimin temelidir ancak \u00f6ncelikli olan e\u011fitime yakla\u015f\u0131m anlay\u0131\u015f\u0131n\u0131n ulusal olmas\u0131, siyasi de\u011fil milli hedeflerin \u00f6n plana \u00e7\u0131kar\u0131lmas\u0131d\u0131r. E\u011fitimin cevheri olan \u00f6\u011fretmenlere k\u0131ymet vermeyen bir anlay\u0131\u015f\u0131n, ba\u015far\u0131l\u0131 ve \u00e7a\u011fda\u015f bir e\u011fitim sistemi getirme ihtimali yoktur.\u201d \u015feklinde konu\u015ftu.<\/span><\/p>\n<p>\u00a0<\/p>\n<p><span style=\"font-size:16px;\">Performans sistemi kald\u0131r\u0131l\u0131ncaya kadar devam ettirecekleri eylemlerini hakl\u0131, me\u015fru ve demokratik ba\u015fkald\u0131r\u0131lar\u0131n\u0131 sendikal\u0131-sendikas\u0131z t\u00fcm \u00f6\u011fretmenleri destek vermeye \u00e7a\u011f\u0131rd\u0131klar\u0131n\u0131 ifade eden Boyar, e\u011fitim sisteminin veriminden memnun olmayan MEB, e\u011fitimcilerden \u00f6nce d\u00f6n\u00fcp kendi performans\u0131na bakmas\u0131n\u0131 vurgulad\u0131.<\/span><\/p>\n<p>\u00a0<\/p>\n<p><span style=\"font-size:16px;\">\u201c\u00d6\u011eRETMEN\u00a0YALVARMAZ,\u00a0\u00d6\u011eRETMEN BOYUN E\u011eMEZ, \u00d6\u011eRETMEN DERS VER\u0130R\u201d<\/span><\/p>\n<p>\u00a0<\/p>\n<p><span style=\"font-size:16px;\">Boyar, \u00fclkede, e\u011fitimin gerile\u015ftirildi\u011fini, piyasala\u015ft\u0131r\u0131ld\u0131\u011f\u0131n\u0131, ba\u015far\u0131 oran\u0131n\u0131n giderek d\u00fc\u015ft\u00fc\u011f\u00fcn\u00fc m\u00fcfredat ve s\u0131nav sistemlerinin yapboza d\u00f6nd\u00fc\u011f\u00fcn\u00fc, d\u00fcnya e\u011fitim kalitesi standartlar\u0131na k\u0131yasla s\u00fcrekli geriye gitti\u011fine dikkat \u00e7ekerek kendi aralar\u0131nda Milli E\u011fitim Bakanl\u0131\u011f\u0131\u2019na verdikleri performans notunu ise s\u0131f\u0131r olarak belirledi. Yapt\u0131klar\u0131 a\u00e7\u0131klaman\u0131n MEB\u2019in karanl\u0131k y\u00fcz\u00fc oldu\u011funu kaydeden Boyar: \u201cBurada olu\u015fumuz, mesle\u011fimizin onurumuz oldu\u011funun ve onurumuzu da asla \u00e7i\u011fnetmeyece\u011fimizin g\u00f6stergesidir! M\u00fcfredattan da \u00e7\u0131karsalar, ulusal bayramlar\u0131n t\u00f6renlerinden de silseler, hat\u0131ralardan koparmaya da \u00e7al\u0131\u015fsalar Ba\u015f\u00f6\u011fretmen Mustafa Kemal Atat\u00fcrk\u2019\u00fcn ilkeleri \u0131\u015f\u0131\u011f\u0131nda laik, bilimsel, \u00e7a\u011fda\u015f, paras\u0131z e\u011fitim i\u00e7in m\u00fccadele edecek e\u011fitim neferleri her zaman olacak, E\u011fitim-\u0130\u015f gerici m\u00fcfredat kar\u015f\u0131nda dimdik duracakt\u0131r. \u00d6\u011fretmen hareketinin efsanevi lideri Fakir Baykurt\u2019un, ilke edindi\u011fimiz o s\u00f6z\u00fcn\u00fc unutmamak gerekir: \u2018\u00d6\u011fretmen\u00a0yalvarmaz,\u00a0\u00f6\u011fretmen boyun e\u011fmez,\u00a0\u00f6\u011fretmen\u00a0el a\u00e7maz, \u00f6\u011fretmen ders verir!\u2019 Bir kez daha hayk\u0131r\u0131yoruz ki, \u00f6\u011fretmenlik mesle\u011finin itibars\u0131zla\u015ft\u0131r\u0131lmas\u0131na E\u011fitim-\u0130\u015f asla ge\u00e7it vermeyecektir!\u201d \u015feklinde konu\u015ftu.<\/span><\/p>\n<\/div>\n<\/div>\n<\/blockquote>\n","protected":false},"excerpt":{"rendered":"<p>Mersin E\u011fitim-\u0130\u015f \u015eubesi Sendikas\u0131, \u00f6\u011fretmenlere getirilen performans notuna tepki olarak bir araya geldi. \u015eube ad\u0131na a\u00e7\u0131klamay\u0131 ger\u00e7ekle\u015ftiren Hakan Boyar, \u00f6\u011fretmenlerin de kendi aralar\u0131nda MEB\u2019e \u2018s\u0131f\u0131r\u2019 notu verdi\u011fini aktard\u0131. Mersin E\u011fitim-\u0130\u015f &hellip; <a href=\"https:\/\/akdenizolaygazetesi.com\/?p=1760\" class=\"more-link\">Devam\u0131n\u0131 Oku&#8230;<\/a><\/p>\n","protected":false},"author":1,"featured_media":0,"comment_status":"open","ping_status":"open","sticky":false,"template":"","format":"standard","meta":[],"categories":[],"tags":[],"_links":{"self":[{"href":"https:\/\/akdenizolaygazetesi.com\/index.php?rest_route=\/wp\/v2\/posts\/1760"}],"collection":[{"href":"https:\/\/akdenizolaygazetesi.com\/index.php?rest_route=\/wp\/v2\/posts"}],"about":[{"href":"https:\/\/akdenizolaygazetesi.com\/index.php?rest_route=\/wp\/v2\/types\/post"}],"author":[{"embeddable":true,"href":"https:\/\/akdenizolaygazetesi.com\/index.php?rest_route=\/wp\/v2\/users\/1"}],"replies":[{"embeddable":true,"href":"https:\/\/akdenizolaygazetesi.com\/index.php?rest_route=%2Fwp%2Fv2%2Fcomments&post=1760"}],"version-history":[{"count":0,"href":"https:\/\/akdenizolaygazetesi.com\/index.php?rest_route=\/wp\/v2\/posts\/1760\/revisions"}],"wp:attachment":[{"href":"https:\/\/akdenizolaygazetesi.com\/index.php?rest_route=%2Fwp%2Fv2%2Fmedia&parent=1760"}],"wp:term":[{"taxonomy":"category","embeddable":true,"href":"https:\/\/akdenizolaygazetesi.com\/index.php?rest_route=%2Fwp%2Fv2%2Fcategories&post=1760"},{"taxonomy":"post_tag","embeddable":true,"href":"https:\/\/akdenizolaygazetesi.com\/index.php?rest_route=%2Fwp%2Fv2%2Ftags&post=1760"}],"curies":[{"name":"wp","href":"https:\/\/api.w.org\/{rel}","templated":true}]}}