{"id":1761,"date":"2020-11-04T18:22:17","date_gmt":"2020-11-04T15:22:17","guid":{"rendered":"http:\/\/mersinekonomipolitikagazetesi.com\/?p=1761"},"modified":"2020-11-04T18:22:17","modified_gmt":"2020-11-04T15:22:17","slug":"mersin-mobilya-fuari-hizmete-acildi","status":"publish","type":"post","link":"https:\/\/akdenizolaygazetesi.com\/?p=1761","title":{"rendered":"MERS\u0130N MOB\u0130LYA FUARI H\u0130ZMETE A\u00c7ILDI"},"content":{"rendered":"<p>Mersin Mobilya Fuar\u0131 pek \u00e7ok \u00fcr\u00fcnle a\u00e7\u0131l\u0131\u015f yapt\u0131. Fuar\u2019\u0131n kent ekonomisine \u00f6nemli \u00f6l\u00e7\u00fcde etki edece\u011fi aktar\u0131ld\u0131.<\/p>\n<div id=\":4\">\n<div id=\":2\">\n<div role=\"main\">\n<table cellpadding=\"0\" role=\"presentation\" style=\"width:1675px;\">\n<tbody>\n<tr>\n<td>\n<div role=\"list\">\n<div role=\"listitem\" style=\"clear:both;\" tabindex=\"-1\">\n<div id=\":1v2\">\n<div data-legacy-message-id=\"162c8f31a025713e\" data-message-id=\"162c8f31a025713e\">\n<div style=\"margin-left:44px;\">\n<div id=\":1sp\">\n<div id=\":1ff\">\n<div dir=\"auto\">\n<blockquote type=\"cite\">\n<div dir=\"ltr\">\n<blockquote type=\"cite\">\n<div>\n<div dir=\"ltr\">\n<p><span style=\"font-size:16px;\">A\u00e7\u0131l\u0131\u015f\u0131 ger\u00e7ekle\u015fen fuarda 15 bin metre karelik alanda \u00e7ok fazla kat\u0131l\u0131mc\u0131 ve ziyaret\u00e7ilerin kat\u0131lmas\u0131 hedefleniyor. Fuar 22 Nisan Pazar g\u00fcn\u00fcne kadar a\u00e7\u0131l\u0131\u015f\u0131 s\u00fcrecek.<\/span><\/p>\n<p><span style=\"font-size:16px;\">Fuara Mersin Ticaret ve Sanayi Odas\u0131 (MTSO) Y\u00f6netim Kurulu Ba\u015fkan\u0131 Ayhan K\u0131z\u0131ltan, Mersin Vali Yard\u0131mc\u0131s\u0131 S\u00fcleyman Deniz, Mersin B\u00fcy\u00fck\u015fehir Belediye Ba\u015fkan Vekili Kerim Tufan ve AK Parti Mersin Milletvekili Hac\u0131 \u00d6zkan kat\u0131ld\u0131.<\/span><\/p>\n<\/p><\/div>\n<\/p><\/div>\n<div>\u00a0<\/div>\n<\/blockquote>\n<div>\n<blockquote type=\"cite\">\n<div dir=\"ltr\">\n<p>\u00a0<\/p>\n<p><span style=\"font-size:16px;\">Fuar a\u00e7\u0131l\u0131\u015f konu\u015fmas\u0131n\u0131 ise Mersin Ticaret ve Sanayi Odas\u0131 (MTSO) Y\u00f6netim Kurulu Ba\u015fkan\u0131 Ayhan K\u0131z\u0131ltan, Mersin Vali Yard\u0131mc\u0131s\u0131 S\u00fcleyman Deniz ve Mersin B\u00fcy\u00fck\u015fehir Belediye Ba\u015fkan Vekili Kerim Tufan yapt\u0131.<\/span><\/p>\n<p>\u00a0<\/p>\n<p><span style=\"font-size:16px;\">KIZILTAN: \u201cMARKALA\u015eMAYI HEDEFLEYEN B\u0130R YAPIYA KAVU\u015eMASINI \u0130ST\u0130YORUZ\u201d<\/span><\/p>\n<p>\u00a0<\/p>\n<p><span style=\"font-size:16px;\">K\u0131z\u0131ltan: \u201cMersin\u2019in her y\u0131l ara vermeden d\u00fczenledi\u011fi fuarlarla hem b\u00f6lgesel hem ulusal hem de uluslararas\u0131 d\u00fczeyde ciddi bir tan\u0131t\u0131m yapt\u0131.\u201d \u015feklinde dikkat \u00e7ekerek Mobilya Fuar\u0131 gibi fuarlar\u0131n, sekt\u00f6rel tan\u0131t\u0131m\u0131n d\u0131\u015f\u0131nda, piyasay\u0131 canland\u0131ran etkileri de unutulmamal\u0131 oldu\u011funu ifade etti.<\/span><\/p>\n<p><span style=\"font-size:16px;\">K\u0131z\u0131ltan: \u201cD\u00fczenlenen fuar ile kat\u0131l\u0131mc\u0131 firmalar\u0131n ve markalar\u0131n \u00e7ok geni\u015f bir \u00fcr\u00fcn yelpazesi ile son teknoloji ve tasar\u0131mlar\u0131n\u0131 halk\u0131n be\u011fenisine sunacak. G\u00f6sterilen \u00e7abalar, verilen emekler, ama en \u00f6nemlisi kentin markalar\u0131n\u0131n fuara sahip \u00e7\u0131kma arzusu, bir\u00e7ok s\u0131k\u0131nt\u0131ya ra\u011fmen sonu\u00e7lar\u0131n\u0131 vermektedir. Mersin olarak durmak ve beklemek gibi bir l\u00fcks\u00fcm\u00fcz yok. \u015eikayet etme l\u00fcks\u00fcm\u00fcz yok. Bu anlamda Mersin ve b\u00f6lgemiz \u00f6zelinde, artarak h\u0131zlanan mobilya sekt\u00f6r\u00fcn\u00fcn; daha yarat\u0131c\u0131, daha yenilik\u00e7i, ar-ge\u2019ye \u00f6nem veren ve markala\u015fmay\u0131 hedefleyen bir yap\u0131ya kavu\u015fmas\u0131n\u0131 istiyoruz. Mersin bu konuda ciddi \u00fcretimin yap\u0131ld\u0131\u011f\u0131 bir kent haline gelmektedir.\u201d ifadelerini kulland\u0131.<\/span><\/p>\n<p>\u00a0<\/p>\n<p><span style=\"font-size:16px;\">KIZILTAN: \u201cHEDEFLERE ULA\u015eMA ANLAMINDA MOT\u0130VE ED\u0130C\u0130 B\u0130R BASAMAK OLARAK G\u00d6RD\u00dcK\u201d<\/span><\/p>\n<p>\u00a0<\/p>\n<p><span style=\"font-size:16px;\">Mersin\u2019in hammadde sorunu olmad\u0131\u011f\u0131n\u0131 belirten K\u0131z\u0131ltan, fuarlar\u0131n i\u00e7erdi\u011fi sekt\u00f6rlerle ilgili \u00fcretimlerin katma de\u011feri y\u00fcksek \u00fcr\u00fcnlere d\u00f6nmesi gerekti\u011fini vurgulad\u0131.<\/span><\/p>\n<\/p><\/div>\n<\/blockquote>\n<blockquote type=\"cite\">\n<div dir=\"ltr\">\n<p><span style=\"font-size:16px;\">K\u0131z\u0131ltan: \u201cMersin Mobilya Fuar\u0131\u2019n\u0131 bu hedeflere ula\u015fma anlam\u0131nda motive edici bir basamak olarak g\u00f6rd\u00fck. T\u00fcm Mersinlileri bu keyifli fuar\u0131 gezmeye davet ediyorum\u201d diyerek son s\u00f6zlerini tamamlad\u0131.<\/span><\/p>\n<p>\u00a0<\/p>\n<p>\u00a0<\/p>\n<p><span style=\"font-size:16px;\">DEN\u0130Z: \u201cMERS\u0130N \u00dcLKEN\u0130N \u00d6NDE GELEN \u0130LLER\u0130 ARASINDA YER ALIYOR\u201d<\/span><\/p>\n<p>\u00a0<\/p>\n<p><span style=\"font-size:16px;\">Kentin mobilya sekt\u00f6r\u00fcn\u00fcn tan\u0131t\u0131m ve pazarlanmas\u0131na \u00f6nemli katk\u0131 sa\u011flayaca\u011f\u0131na inand\u0131\u011f\u0131n\u0131 dile getiren Mersin Vali Yard\u0131mc\u0131s\u0131 S\u00fcleyman Deniz: \u201cMersin\u2019in sahip oldu\u011fu zengin potansiyeli ve ekonomik de\u011ferleriyle t\u00fcm sekt\u00f6rlerde \u00fclkenin \u00f6nde gelen illeri aras\u0131nda yer al\u0131yor. Fuar organizasyonlar\u0131n\u0131n da kent ekonomisinin hareketlenmesinde b\u00fcy\u00fck rol oynayacak\u201d dedi.<\/span><\/p>\n<p>\u00a0<\/p>\n<p><span style=\"font-size:16px;\">TUFAN: \u201c D\u00dcNYA SIRALAMASINDA T\u00dcRK\u0130YE 3. SIRADA\u201d<\/span><\/p>\n<p>\u00a0<\/p>\n<p><span style=\"font-size:16px;\">Fuar kent ekonomisine \u00f6nemli derecede etki edece\u011fini kaydeden Mersin B\u00fcy\u00fck\u015fehir Belediye Ba\u015fkan Vekili Kerim Tufan ise: \u201cT\u00fcrkiye\u2019de 2012 y\u0131l\u0131nda 13.3 milyar dolar de\u011ferinde mobilya \u00fcretiliyor ve bunun 12.3 milyar dolar\u0131n\u0131n t\u00fcketildi\u011finin tahmin ediliyor. 2014 y\u0131l\u0131 sonunda ise bu rakamlar\u0131n \u00fcretimde 19 milyar dolara, t\u00fcketimde ise 14 milyar dolara ula\u015fm\u0131\u015f. Son 10 y\u0131lda mobilya sekt\u00f6r\u00fcn\u00fcn ihracat ata\u011f\u0131 ile d\u00fcnya s\u0131ralamas\u0131nda 13\u2019\u00fcnc\u00fc s\u0131raya y\u00fckseldi. \u0130stanbul Sanayi Odas\u0131 verilerine g\u00f6re 2005 y\u0131l\u0131nda 715 milyon dolar olan T\u00fcrkiye\u2019nin mobilya ihracat\u0131n\u0131n 2013\u2019te 2.2 milyar dolara y\u00fckseldi ve toplam ihracat i\u00e7indeki pay\u0131n\u0131 da 1.47\u2019ye ula\u015ft\u0131.\u201d ifadelerini kulland\u0131.<\/span><\/p>\n<\/p><\/div>\n<\/blockquote><\/div>\n<\/p><\/div>\n<\/blockquote><\/div>\n<\/p><\/div>\n<\/p><\/div>\n<\/p><\/div>\n<\/p><\/div>\n<\/p><\/div>\n<\/p><\/div>\n<\/p><\/div>\n<\/td>\n<\/tr>\n<\/tbody>\n<\/table>\n<div style=\"clear:both;\">\u00a0<\/div>\n<\/div>\n<\/div>\n<\/div>\n","protected":false},"excerpt":{"rendered":"<p>Mersin Mobilya Fuar\u0131 pek \u00e7ok \u00fcr\u00fcnle a\u00e7\u0131l\u0131\u015f yapt\u0131. Fuar\u2019\u0131n kent ekonomisine \u00f6nemli \u00f6l\u00e7\u00fcde etki edece\u011fi aktar\u0131ld\u0131. A\u00e7\u0131l\u0131\u015f\u0131 ger\u00e7ekle\u015fen fuarda 15 bin metre karelik alanda \u00e7ok fazla kat\u0131l\u0131mc\u0131 ve ziyaret\u00e7ilerin kat\u0131lmas\u0131 &hellip; <a href=\"https:\/\/akdenizolaygazetesi.com\/?p=1761\" class=\"more-link\">Devam\u0131n\u0131 Oku&#8230;<\/a><\/p>\n","protected":false},"author":1,"featured_media":0,"comment_status":"open","ping_status":"open","sticky":false,"template":"","format":"standard","meta":[],"categories":[],"tags":[],"_links":{"self":[{"href":"https:\/\/akdenizolaygazetesi.com\/index.php?rest_route=\/wp\/v2\/posts\/1761"}],"collection":[{"href":"https:\/\/akdenizolaygazetesi.com\/index.php?rest_route=\/wp\/v2\/posts"}],"about":[{"href":"https:\/\/akdenizolaygazetesi.com\/index.php?rest_route=\/wp\/v2\/types\/post"}],"author":[{"embeddable":true,"href":"https:\/\/akdenizolaygazetesi.com\/index.php?rest_route=\/wp\/v2\/users\/1"}],"replies":[{"embeddable":true,"href":"https:\/\/akdenizolaygazetesi.com\/index.php?rest_route=%2Fwp%2Fv2%2Fcomments&post=1761"}],"version-history":[{"count":0,"href":"https:\/\/akdenizolaygazetesi.com\/index.php?rest_route=\/wp\/v2\/posts\/1761\/revisions"}],"wp:attachment":[{"href":"https:\/\/akdenizolaygazetesi.com\/index.php?rest_route=%2Fwp%2Fv2%2Fmedia&parent=1761"}],"wp:term":[{"taxonomy":"category","embeddable":true,"href":"https:\/\/akdenizolaygazetesi.com\/index.php?rest_route=%2Fwp%2Fv2%2Fcategories&post=1761"},{"taxonomy":"post_tag","embeddable":true,"href":"https:\/\/akdenizolaygazetesi.com\/index.php?rest_route=%2Fwp%2Fv2%2Ftags&post=1761"}],"curies":[{"name":"wp","href":"https:\/\/api.w.org\/{rel}","templated":true}]}}