{"id":1762,"date":"2020-11-04T18:22:17","date_gmt":"2020-11-04T15:22:17","guid":{"rendered":"http:\/\/mersinekonomipolitikagazetesi.com\/?p=1762"},"modified":"2020-11-04T18:22:17","modified_gmt":"2020-11-04T15:22:17","slug":"ismail-kucukkaya-mezitlide-vatandaslarla-bulustu","status":"publish","type":"post","link":"https:\/\/akdenizolaygazetesi.com\/?p=1762","title":{"rendered":"\u0130smail K\u00fc\u00e7\u00fckkaya Mezitli\u2019de vatanda\u015flarla bulu\u015ftu"},"content":{"rendered":"<p>Fox Tv \u00c7alar Saat Program yap\u0131mc\u0131s\u0131 \u0130smail K\u00fc\u00e7\u00fckkaya, Mersin\u2019e gelerek Mezitli il\u00e7esinde Belediye Ba\u015fkan\u0131 Ne\u015fet Tarhan ile birlikte vatanda\u015flarla bir araya geldi.<\/p>\n<p><span style=\"font-size:16px;\"><span style=\"font-family: sans-serif; line-height: 20px; text-align: justify; background-color: rgb(242, 244, 245);\">Ge\u00e7mi\u015fi yakla\u015f\u0131k 3 bin y\u0131la dayanan Mezitli il\u00e7esindeki Soli Pompeiopolis Antik Kentini gezen K\u00fc\u00e7\u00fckkaya, belediye taraf\u0131ndan yap\u0131lan y\u00fcr\u00fcy\u00fc\u015f ve bisiklet yolunda y\u00fcr\u00fcy\u00fc\u015f yapt\u0131. Mezitli\u2019ye e\u015fi ile birlikte gelen K\u00fc\u00e7\u00fckkaya\u2019ya, Ba\u015fkan Tarhan, e\u015fi Sembol Tarhan ve k\u0131z\u0131 Erin\u00e7 Tarhan da e\u015flik etti. Daha sonra bal\u0131k pazar\u0131n\u0131 ziyaret eden K\u00fc\u00e7\u00fckkaya, Mezitli\u2019yi \u00e7ok sevdi\u011fini, belediyenin \u00e7al\u0131\u015fmalar\u0131n\u0131 \u00e7ok be\u011fendi\u011fini, Mersin\u2019e her geli\u015finde Mezitli\u2019yi ziyaret etti\u011fini ve g\u00f6r\u00fclmeye de\u011fer bir yer oldu\u011funu s\u00f6yledi.\u00a0<\/span><br style=\"box-sizing: border-box; font-family: sans-serif; font-size: 14px; line-height: 20px; text-align: justify; background-color: rgb(242, 244, 245);\" \/><br \/>\n<span style=\"font-family: sans-serif; line-height: 20px; text-align: justify; background-color: rgb(242, 244, 245);\">Mezitli Belediye Ba\u015fkan\u0131 Ne\u015fet Tarhan da ekranlar\u0131n sevilen y\u00fcz\u00fc K\u00fc\u00e7\u00fckkaya\u2019ya Mezitli\u2019nin tan\u0131m\u0131na katk\u0131da bulundu\u011fu i\u00e7in mutluluklar\u0131n\u0131 ifade ederek, il\u00e7e halk\u0131 ad\u0131na \u015f\u00fckranlar\u0131n\u0131 sundu.\u00a0<\/span><\/span><\/p>\n","protected":false},"excerpt":{"rendered":"<p>Fox Tv \u00c7alar Saat Program yap\u0131mc\u0131s\u0131 \u0130smail K\u00fc\u00e7\u00fckkaya, Mersin\u2019e gelerek Mezitli il\u00e7esinde Belediye Ba\u015fkan\u0131 Ne\u015fet Tarhan ile birlikte vatanda\u015flarla bir araya geldi. Ge\u00e7mi\u015fi yakla\u015f\u0131k 3 bin y\u0131la dayanan Mezitli il\u00e7esindeki &hellip; <a href=\"https:\/\/akdenizolaygazetesi.com\/?p=1762\" class=\"more-link\">Devam\u0131n\u0131 Oku&#8230;<\/a><\/p>\n","protected":false},"author":1,"featured_media":0,"comment_status":"open","ping_status":"open","sticky":false,"template":"","format":"standard","meta":[],"categories":[],"tags":[],"_links":{"self":[{"href":"https:\/\/akdenizolaygazetesi.com\/index.php?rest_route=\/wp\/v2\/posts\/1762"}],"collection":[{"href":"https:\/\/akdenizolaygazetesi.com\/index.php?rest_route=\/wp\/v2\/posts"}],"about":[{"href":"https:\/\/akdenizolaygazetesi.com\/index.php?rest_route=\/wp\/v2\/types\/post"}],"author":[{"embeddable":true,"href":"https:\/\/akdenizolaygazetesi.com\/index.php?rest_route=\/wp\/v2\/users\/1"}],"replies":[{"embeddable":true,"href":"https:\/\/akdenizolaygazetesi.com\/index.php?rest_route=%2Fwp%2Fv2%2Fcomments&post=1762"}],"version-history":[{"count":0,"href":"https:\/\/akdenizolaygazetesi.com\/index.php?rest_route=\/wp\/v2\/posts\/1762\/revisions"}],"wp:attachment":[{"href":"https:\/\/akdenizolaygazetesi.com\/index.php?rest_route=%2Fwp%2Fv2%2Fmedia&parent=1762"}],"wp:term":[{"taxonomy":"category","embeddable":true,"href":"https:\/\/akdenizolaygazetesi.com\/index.php?rest_route=%2Fwp%2Fv2%2Fcategories&post=1762"},{"taxonomy":"post_tag","embeddable":true,"href":"https:\/\/akdenizolaygazetesi.com\/index.php?rest_route=%2Fwp%2Fv2%2Ftags&post=1762"}],"curies":[{"name":"wp","href":"https:\/\/api.w.org\/{rel}","templated":true}]}}