{"id":1764,"date":"2020-11-04T18:22:17","date_gmt":"2020-11-04T15:22:17","guid":{"rendered":"http:\/\/mersinekonomipolitikagazetesi.com\/?p=1764"},"modified":"2020-11-04T18:22:17","modified_gmt":"2020-11-04T15:22:17","slug":"ak-parti-kadin-kollarinda-oner-guven-tazeledi","status":"publish","type":"post","link":"https:\/\/akdenizolaygazetesi.com\/?p=1764","title":{"rendered":"AK Parti Kad\u0131n Kollar\u0131nda \u00d6ner, g\u00fcven tazeledi"},"content":{"rendered":"<p>AK Parti Mersin \u0130l Kad\u0131n Kollar\u0131 5. Ola\u011fan Kongresi&#8217;nde mevcut ba\u015fkan Aysel Mavio\u011flu \u00d6ner, yeniden ba\u015fkan se\u00e7ildi.<\/p>\n<p><span style=\"font-size:16px;\"><span style=\"font-family: sans-serif; line-height: 20px; text-align: justify; background-color: rgb(242, 244, 245);\">AK Parti Mersin Kad\u0131n Kollar\u0131 5. Ola\u011fan Kongresi, il binas\u0131nda ger\u00e7ekle\u015ftirildi. Kongreye, milletvekilleri Hac\u0131 \u00d6zkan ve Ali Cumhur Ta\u015fk\u0131n, \u0130l Ba\u015fkan\u0131 Cesim Ercik, Genel Merkez Kad\u0131n Kollar\u0131 MKYK \u00fcyesi Zeynep G\u00fcl Y\u0131lmaz, il\u00e7e ba\u015fkanlar\u0131 ve \u00e7ok say\u0131da partili kat\u0131ld\u0131. 550 delegenin bulundu\u011fu kongrede, tek liste halinde gidilen se\u00e7imlerde, Aysel Mavio\u011flu \u00d6ner yeniden ba\u015fkan se\u00e7ildi.\u00a0<\/span><br style=\"box-sizing: border-box; font-family: sans-serif; font-size: 14px; line-height: 20px; text-align: justify; background-color: rgb(242, 244, 245);\" \/><br \/>\n<span style=\"font-family: sans-serif; line-height: 20px; text-align: justify; background-color: rgb(242, 244, 245);\">Kongrede konu\u015fan \u00d6zkan, kad\u0131n\u0131n\u0131n oldu\u011fu yerde ba\u015far\u0131 ve mutlulu\u011fun da oldu\u011funu belirterek, &#8220;AK Parti g\u00fcnden g\u00fcne g\u00fc\u00e7leniyorsa kad\u0131nlar\u0131m\u0131z sayesinde. \u015eimdi de kad\u0131nlar\u0131m\u0131zla birlikte kader y\u0131l\u0131 olan 2019 se\u00e7imlerine y\u00fcr\u00fcyoruz&#8221; dedi.\u00a0<\/span><br style=\"box-sizing: border-box; font-family: sans-serif; font-size: 14px; line-height: 20px; text-align: justify; background-color: rgb(242, 244, 245);\" \/><br \/>\n<span style=\"font-family: sans-serif; line-height: 20px; text-align: justify; background-color: rgb(242, 244, 245);\">D\u00fcnya tarihinde kad\u0131nlar\u0131n dahil olmad\u0131\u011f\u0131 hi\u00e7bir ba\u015far\u0131n\u0131n g\u00f6r\u00fclmedi\u011fini kaydeden \u00d6ner ise, AK Parti Kad\u0131n Kollar\u0131n\u0131n, 4 milyon \u00fcyesi ile gelmi\u015f ge\u00e7mi\u015f en b\u00fcy\u00fck kad\u0131n hareketinin ad\u0131 oldu\u011funu s\u00f6yledi. Cumhurba\u015fkan\u0131 Recep Tayyip Erdo\u011fan&#8217;\u0131n verdi\u011fi g\u00fcven ve cesaretle yola \u00e7\u0131kt\u0131klar\u0131n\u0131 belirten \u00d6ner, &#8220;Kad\u0131nlar\u0131n zekas\u0131, sebatkar olu\u015fu, m\u00fccadeleci ve vefal\u0131 ruhlar\u0131 sava\u015f ve bar\u0131\u015f zamanlar\u0131nda her daim damga vurmu\u015ftur. Biz kad\u0131nlar olarak 2019 se\u00e7imlerinin milli bir m\u00fccadele oldu\u011funun fark\u0131nday\u0131z. Kad\u0131n aya\u011fa kalkarsa T\u00fcrkiye aya\u011fa kalkar, T\u00fcrkiye aya\u011fa kalkarsa \u00fcmmet aya\u011fa kalkar&#8221; diye konu\u015ftu.\u00a0<\/span><br style=\"box-sizing: border-box; font-family: sans-serif; font-size: 14px; line-height: 20px; text-align: justify; background-color: rgb(242, 244, 245);\" \/><br \/>\n<span style=\"font-family: sans-serif; line-height: 20px; text-align: justify; background-color: rgb(242, 244, 245);\">Kad\u0131n Kollar\u0131 Kongresinin de tamamlanmas\u0131yla Mersin olarak 2019 se\u00e7im \u00e7al\u0131\u015fmalar\u0131na start vermi\u015f olacaklar\u0131n\u0131 belirten \u0130l Ba\u015fkan\u0131 Ercik, &#8220;Bizler 13 il\u00e7emizin de kongrelerini tamamlam\u0131\u015f olduk. 2019&#8217;a Anamur&#8217;dan \u00c7aml\u0131ya&#8217;ya hep birlikte temelleri sa\u011flam, samimi bir \u015fekilde y\u00fcr\u00fcmemiz laz\u0131m. Allah \u00e7\u0131kt\u0131\u011f\u0131m\u0131z yolda bizleri muzaffer eylesin&#8221; ifadelerini kulland\u0131.\u00a0<\/span><\/span><\/p>\n","protected":false},"excerpt":{"rendered":"<p>AK Parti Mersin \u0130l Kad\u0131n Kollar\u0131 5. Ola\u011fan Kongresi&#8217;nde mevcut ba\u015fkan Aysel Mavio\u011flu \u00d6ner, yeniden ba\u015fkan se\u00e7ildi. AK Parti Mersin Kad\u0131n Kollar\u0131 5. Ola\u011fan Kongresi, il binas\u0131nda ger\u00e7ekle\u015ftirildi. Kongreye, milletvekilleri &hellip; <a href=\"https:\/\/akdenizolaygazetesi.com\/?p=1764\" class=\"more-link\">Devam\u0131n\u0131 Oku&#8230;<\/a><\/p>\n","protected":false},"author":1,"featured_media":0,"comment_status":"open","ping_status":"open","sticky":false,"template":"","format":"standard","meta":[],"categories":[],"tags":[],"_links":{"self":[{"href":"https:\/\/akdenizolaygazetesi.com\/index.php?rest_route=\/wp\/v2\/posts\/1764"}],"collection":[{"href":"https:\/\/akdenizolaygazetesi.com\/index.php?rest_route=\/wp\/v2\/posts"}],"about":[{"href":"https:\/\/akdenizolaygazetesi.com\/index.php?rest_route=\/wp\/v2\/types\/post"}],"author":[{"embeddable":true,"href":"https:\/\/akdenizolaygazetesi.com\/index.php?rest_route=\/wp\/v2\/users\/1"}],"replies":[{"embeddable":true,"href":"https:\/\/akdenizolaygazetesi.com\/index.php?rest_route=%2Fwp%2Fv2%2Fcomments&post=1764"}],"version-history":[{"count":0,"href":"https:\/\/akdenizolaygazetesi.com\/index.php?rest_route=\/wp\/v2\/posts\/1764\/revisions"}],"wp:attachment":[{"href":"https:\/\/akdenizolaygazetesi.com\/index.php?rest_route=%2Fwp%2Fv2%2Fmedia&parent=1764"}],"wp:term":[{"taxonomy":"category","embeddable":true,"href":"https:\/\/akdenizolaygazetesi.com\/index.php?rest_route=%2Fwp%2Fv2%2Fcategories&post=1764"},{"taxonomy":"post_tag","embeddable":true,"href":"https:\/\/akdenizolaygazetesi.com\/index.php?rest_route=%2Fwp%2Fv2%2Ftags&post=1764"}],"curies":[{"name":"wp","href":"https:\/\/api.w.org\/{rel}","templated":true}]}}