{"id":1765,"date":"2020-11-04T18:22:19","date_gmt":"2020-11-04T15:22:19","guid":{"rendered":"http:\/\/mersinekonomipolitikagazetesi.com\/?p=1765"},"modified":"2020-11-04T18:22:19","modified_gmt":"2020-11-04T15:22:19","slug":"vali-su-silifkede-incelemelerde-bulundu","status":"publish","type":"post","link":"https:\/\/akdenizolaygazetesi.com\/?p=1765","title":{"rendered":"Vali Su, Silifke&#8217;de incelemelerde bulundu"},"content":{"rendered":"<p>Mersin Valisi Ali \u0130hsan Su, Silifke il\u00e7esinde bulunan tarihi mekanlar\u0131n turizme kazand\u0131r\u0131lmas\u0131 i\u00e7in yap\u0131lan \u00e7al\u0131\u015fmalar\u0131 yerinde inceledi.<\/p>\n<p><span style=\"font-size:16px;\"><span style=\"font-family: sans-serif; line-height: 20px; text-align: justify; background-color: rgb(242, 244, 245);\">Silifke Organize Sanayi B\u00f6lgesi (OSB) M\u00fcte\u015febbis Heyet Toplant\u0131s\u0131 i\u00e7in il\u00e7eye gelen Mersin Valisi Ali \u0130hsan Su, il\u00e7ede bulunan tarihi yerlerde incelemelerde bulundu. Silifke Kaymakam\u0131 \u015eevket Cinbir, Silifke M\u00fcze M\u00fcd\u00fcr\u00fc Nilg\u00fcn Y\u0131lmazer ve proje yetkililerinin yer ald\u0131\u011f\u0131 programda, ilk \u00f6nce Narl\u0131kuyu Mahallesinde bulunan \u2018Cennet-Cehennem \u00d6renyeri\u2019 turizm alanlar\u0131n\u0131 inceleyen Su, \u00e7evre d\u00fczenlemelerinin yan\u0131 s\u0131ra restorasyon \u00e7al\u0131\u015fmalar\u0131 ba\u015flayan otopark ve merdiven ile yap\u0131m\u0131na ba\u015flanacak olan seyir teras\u0131 ve asans\u00f6r projesi hakk\u0131nda yetkililerden bilgi ald\u0131.\u00a0<\/span><br style=\"box-sizing: border-box; font-family: sans-serif; font-size: 14px; line-height: 20px; text-align: justify; background-color: rgb(242, 244, 245);\" \/><br \/>\n<span style=\"font-family: sans-serif; line-height: 20px; text-align: justify; background-color: rgb(242, 244, 245);\">\u0130l\u00e7ede bulunan, &#8216;Meryem Ana Kilisesi&#8217;, &#8216;Zeus Tap\u0131na\u011f\u0131&#8217;, &#8216;Cambazl\u0131 Kilisesi&#8217;, &#8216;\u015eeytan Deresi&#8217; gibi tarihi ve turistlik alanlarda da incelemelerde bulunan Su, \u00e7al\u0131\u015fmalar hakk\u0131nda bilgilendirildi.\u00a0<\/span><br style=\"box-sizing: border-box; font-family: sans-serif; font-size: 14px; line-height: 20px; text-align: justify; background-color: rgb(242, 244, 245);\" \/><br \/>\n<span style=\"font-family: sans-serif; line-height: 20px; text-align: justify; background-color: rgb(242, 244, 245);\">\u0130l\u00e7ede ya\u015fayan vatanda\u015flarla sohbet eden Su, Mersin&#8217;in adeta bir a\u00e7\u0131k hava m\u00fczesi oldu\u011funu s\u00f6yleyerek, herkesi Mersin&#8217;in do\u011fal, tarihi ve turistik g\u00fczelliklerini ke\u015ffetmeye \u00e7a\u011f\u0131rd\u0131.\u00a0<\/span><\/span><\/p>\n","protected":false},"excerpt":{"rendered":"<p>Mersin Valisi Ali \u0130hsan Su, Silifke il\u00e7esinde bulunan tarihi mekanlar\u0131n turizme kazand\u0131r\u0131lmas\u0131 i\u00e7in yap\u0131lan \u00e7al\u0131\u015fmalar\u0131 yerinde inceledi. Silifke Organize Sanayi B\u00f6lgesi (OSB) M\u00fcte\u015febbis Heyet Toplant\u0131s\u0131 i\u00e7in il\u00e7eye gelen Mersin Valisi &hellip; <a href=\"https:\/\/akdenizolaygazetesi.com\/?p=1765\" class=\"more-link\">Devam\u0131n\u0131 Oku&#8230;<\/a><\/p>\n","protected":false},"author":1,"featured_media":0,"comment_status":"open","ping_status":"open","sticky":false,"template":"","format":"standard","meta":[],"categories":[],"tags":[],"_links":{"self":[{"href":"https:\/\/akdenizolaygazetesi.com\/index.php?rest_route=\/wp\/v2\/posts\/1765"}],"collection":[{"href":"https:\/\/akdenizolaygazetesi.com\/index.php?rest_route=\/wp\/v2\/posts"}],"about":[{"href":"https:\/\/akdenizolaygazetesi.com\/index.php?rest_route=\/wp\/v2\/types\/post"}],"author":[{"embeddable":true,"href":"https:\/\/akdenizolaygazetesi.com\/index.php?rest_route=\/wp\/v2\/users\/1"}],"replies":[{"embeddable":true,"href":"https:\/\/akdenizolaygazetesi.com\/index.php?rest_route=%2Fwp%2Fv2%2Fcomments&post=1765"}],"version-history":[{"count":0,"href":"https:\/\/akdenizolaygazetesi.com\/index.php?rest_route=\/wp\/v2\/posts\/1765\/revisions"}],"wp:attachment":[{"href":"https:\/\/akdenizolaygazetesi.com\/index.php?rest_route=%2Fwp%2Fv2%2Fmedia&parent=1765"}],"wp:term":[{"taxonomy":"category","embeddable":true,"href":"https:\/\/akdenizolaygazetesi.com\/index.php?rest_route=%2Fwp%2Fv2%2Fcategories&post=1765"},{"taxonomy":"post_tag","embeddable":true,"href":"https:\/\/akdenizolaygazetesi.com\/index.php?rest_route=%2Fwp%2Fv2%2Ftags&post=1765"}],"curies":[{"name":"wp","href":"https:\/\/api.w.org\/{rel}","templated":true}]}}